{"status":"ok","message-type":"work","message-version":"1.0.0","message":{"indexed":{"date-parts":[[2026,4,14]],"date-time":"2026-04-14T21:04:43Z","timestamp":1776200683422,"version":"3.50.1"},"publisher-location":"New York, NY, USA","reference-count":37,"publisher":"ACM","license":[{"start":{"date-parts":[[2024,9,12]],"date-time":"2024-09-12T00:00:00Z","timestamp":1726099200000},"content-version":"vor","delay-in-days":0,"URL":"https:\/\/creativecommons.org\/licenses\/by-nc\/4.0\/"}],"funder":[{"name":"National Research, Development and Innovation Fund","award":["TKP2021-NKTA-51"],"award-info":[{"award-number":["TKP2021-NKTA-51"]}]}],"content-domain":{"domain":["dl.acm.org"],"crossmark-restriction":true},"short-container-title":[],"published-print":{"date-parts":[[2024,9,12]]},"DOI":"10.1145\/3670243.3670250","type":"proceedings-article","created":{"date-parts":[[2024,8,7]],"date-time":"2024-08-07T11:53:02Z","timestamp":1723031582000},"page":"173-179","update-policy":"https:\/\/doi.org\/10.1145\/crossmark-policy","source":"Crossref","is-referenced-by-count":1,"title":["Ranking the importance of personal competencies for public servants"],"prefix":"10.1145","author":[{"ORCID":"https:\/\/orcid.org\/0000-0003-0596-9315","authenticated-orcid":false,"given":"Laszlo","family":"Berenyi","sequence":"first","affiliation":[{"name":"Department of Public Management and Information Technology, Ludovika University of Public Service, Hungary"}]},{"ORCID":"https:\/\/orcid.org\/0000-0002-1348-8960","authenticated-orcid":false,"given":"Gabor","family":"Laszlo","sequence":"additional","affiliation":[{"name":"Department of Public Management and Information Technology, Ludovika University of Public Service, Hungary"}]}],"member":"320","published-online":{"date-parts":[[2024,9,12]]},"reference":[{"key":"e_1_3_2_1_1_1","volume-title":"Pedagogy and personal development. Okker Kiad\u00f3","author":"B\u00e1bosik Istv\u00e1n","unstructured":"Istv\u00e1n B\u00e1bosik. 2007. Pedagogy and personal development. Okker Kiad\u00f3, Budapest, HU"},{"key":"e_1_3_2_1_2_1","volume-title":"Competency Management in Public Sector","author":"Horton Sylvia","unstructured":"Sylvia Horton, Annie Hondeghem, and David Farnham. 2002. Competency Management in Public Sector. IOS Press, Amsterdam, NL."},{"key":"e_1_3_2_1_3_1","doi-asserted-by":"publisher","DOI":"10.1108\/EUM0000000006193"},{"key":"e_1_3_2_1_4_1","volume-title":"Competency management. Perfekt Zrt","author":"Henczi Lajos","unstructured":"Lajos Henczi, and Katalin Z\u00f6llei. 2007. Competency management. Perfekt Zrt, Budapest, HU."},{"key":"e_1_3_2_1_5_1","volume-title":"Businesses, Communities & Societies","author":"Warier Sudhir","unstructured":"Sudhir Warier. 2019. Competency Management - A Practitioner's Handbook: Develop Self, Businesses, Communities & Societies. Notion Press Media, Chetpet, India."},{"key":"e_1_3_2_1_6_1","volume-title":"Youth, Sport and Culture.","author":"European Commission","year":"2019","unstructured":"European Commission, Directorate-General for Education, Youth, Sport and Culture. 2019. Key competences for lifelong learning. Publications Office of the European Union. Luxembourg. https:\/\/data.europa.eu\/doi\/10.2766\/569540"},{"key":"e_1_3_2_1_7_1","doi-asserted-by":"publisher","DOI":"10.59558\/jesz.2018.3.91"},{"key":"e_1_3_2_1_8_1","doi-asserted-by":"publisher","DOI":"10.1111\/faam.12214"},{"key":"e_1_3_2_1_9_1","doi-asserted-by":"publisher","DOI":"10.24989\/ocg.v.338.7"},{"key":"e_1_3_2_1_10_1","doi-asserted-by":"publisher","DOI":"10.3390\/su151612462"},{"key":"e_1_3_2_1_11_1","doi-asserted-by":"publisher","DOI":"10.32575\/ppb.2022.2.2"},{"key":"e_1_3_2_1_12_1","doi-asserted-by":"publisher","DOI":"10.54200\/kt.v1i2.21"},{"key":"e_1_3_2_1_13_1","doi-asserted-by":"crossref","unstructured":"Christopher G. Reddick (ed.). 2012. Cases on public information management and E-government adoption. Information Science Reference Hershey (PA)","DOI":"10.4018\/978-1-4666-0981-5"},{"key":"e_1_3_2_1_14_1","doi-asserted-by":"publisher","DOI":"10.4324\/9780203964774"},{"issue":"1","key":"e_1_3_2_1_15_1","first-page":"120","article-title":"Characteristics of the \u2018ideal\u2019 public administrator: as perceived by administrative management students","volume":"2","author":"Gy\u0151rfy-Kukoda Andrea","year":"2013","unstructured":"Andrea Gy\u0151rfy-Kukoda. 2013. Characteristics of the \u2018ideal\u2019 public administrator: as perceived by administrative management students. Pro Publico Bono 2, 1, 120-126. http:\/\/hdl.handle.net\/20.500.12944\/1793","journal-title":"Pro Publico Bono"},{"issue":"2","key":"e_1_3_2_1_16_1","first-page":"65","article-title":"Why the administration?: Motivations for choosing a career in public administration","volume":"2","author":"Gy\u0151rfy-Kukoda Andrea","year":"2013","unstructured":"Andrea Gy\u0151rfy-Kukoda. 2013. Why the administration?: Motivations for choosing a career in public administration. Pro Publico Bono 2, 2, 65-73. http:\/\/hdl.handle.net\/20.500.12944\/1796","journal-title":"Pro Publico Bono"},{"key":"e_1_3_2_1_17_1","doi-asserted-by":"publisher","DOI":"10.24989\/ocg.v.338.5"},{"key":"e_1_3_2_1_18_1","doi-asserted-by":"publisher","unstructured":"Di\u00e1na Angyal. You sir! Developing personal competences through self-coaching in the civil service. \u00c9szak-magyarorsz\u00e1gi Strat\u00e9giai F\u00fczetek 16 3 87-98. https:\/\/doi.org\/10.32976\/stratfuz.2019.9","DOI":"10.32976\/stratfuz.2019.9"},{"key":"e_1_3_2_1_19_1","unstructured":"Daniel Goleman. 2004. What Makes a Leader? IQ and technical skills are important but emotional intelligence is the sine qua non of leadership. Harward Business Review (January 2004) https:\/\/hbr.org\/2004\/01\/what-makes-a-leader"},{"key":"e_1_3_2_1_20_1","volume-title":"Emotional Intelligence: Why It Can Matter More Than IQ. 10th Anniversary edition.","author":"Goleman Daniel","year":"2005","unstructured":"Daniel Goleman. 2005. Emotional Intelligence: Why It Can Matter More Than IQ. 10th Anniversary edition. Bantam, New York, NY."},{"key":"e_1_3_2_1_21_1","volume-title":"The study of behavior: Q-technique and its methodology","author":"Stephenson Willian","unstructured":"Willian Stephenson. 1953. The study of behavior: Q-technique and its methodology. University of Chicago Press, Chicago, IL."},{"key":"e_1_3_2_1_22_1","volume-title":"Political subjectivity: Applications of Q methodology in political science","author":"Brown Steven R.","unstructured":"Steven R. Brown. 1980. Political subjectivity: Applications of Q methodology in political science. Yale University Press, New Haven, NY."},{"key":"e_1_3_2_1_23_1","doi-asserted-by":"publisher","DOI":"10.4135\/9781483384412"},{"key":"e_1_3_2_1_24_1","doi-asserted-by":"publisher","unstructured":"Shawn Banasick. 2023. Ken-Q Analysis (Version 2.0.1) [Computer software]. https:\/\/doi.org\/10.5281\/zenodo.8310377","DOI":"10.5281\/zenodo.8310377"},{"key":"e_1_3_2_1_25_1","doi-asserted-by":"publisher","DOI":"10.1177\/0952076709103813"},{"key":"e_1_3_2_1_26_1","doi-asserted-by":"publisher","DOI":"10.1111\/j.1467-8500.2008.00597.x"},{"key":"e_1_3_2_1_27_1","volume-title":"A digit\u00e1lis kor hazai k\u00f6zigazgat\u00e1si specifikumai. Dial\u00f3g Campus","author":"Budai Bal\u00e1zs B.","unstructured":"Bal\u00e1zs B. Budai, Bal\u00e1zs Sz. Gerencs\u00e9r, and Bernadett Veszpr\u00e9mi. 2018. A digit\u00e1lis kor hazai k\u00f6zigazgat\u00e1si specifikumai. Dial\u00f3g Campus, Budapest, HU."},{"key":"e_1_3_2_1_28_1","doi-asserted-by":"publisher","DOI":"10.1556\/9789634540656"},{"key":"e_1_3_2_1_29_1","doi-asserted-by":"publisher","DOI":"10.1145\/903893.903926"},{"key":"e_1_3_2_1_30_1","first-page":"49","article-title":"Korm\u00e1nyz\u00e1si modellek a 21. sz\u00e1zadban: a t\u00f6bbszint\u0171 korm\u00e1nyz\u00e1s fejl\u0151d\u00e9se \u00e9s t\u00edpusai. In: Kaiser, Tam\u00e1s (szerk.) A modern korm\u00e1nyz\u00e1s koncepcion\u00e1lis \u00e9s k\u00f6zpolitikai keretei: Hazai \u00e9s nemzetk\u00f6zi dimenzi\u00f3k. Dial\u00f3g Campus, Budapest","author":"Kaiser Tam\u00e1s","year":"2019","unstructured":"Tam\u00e1s Kaiser. 2019. Korm\u00e1nyz\u00e1si modellek a 21. sz\u00e1zadban: a t\u00f6bbszint\u0171 korm\u00e1nyz\u00e1s fejl\u0151d\u00e9se \u00e9s t\u00edpusai. In: Kaiser, Tam\u00e1s (szerk.) A modern korm\u00e1nyz\u00e1s koncepcion\u00e1lis \u00e9s k\u00f6zpolitikai keretei: Hazai \u00e9s nemzetk\u00f6zi dimenzi\u00f3k. Dial\u00f3g Campus, Budapest, HU. 49-70.","journal-title":"HU."},{"key":"e_1_3_2_1_31_1","doi-asserted-by":"publisher","DOI":"10.4324\/9780203467329"},{"key":"e_1_3_2_1_32_1","doi-asserted-by":"publisher","DOI":"10.1111\/gove.12502"},{"key":"e_1_3_2_1_33_1","doi-asserted-by":"publisher","DOI":"10.1111\/j.1467-9248.2008.00751.x"},{"key":"e_1_3_2_1_34_1","doi-asserted-by":"publisher","DOI":"10.1016\/j.worlddev.2012.10.014"},{"key":"e_1_3_2_1_35_1","doi-asserted-by":"publisher","DOI":"10.1093\/oxfordhb\/9780199560530.001.0001"},{"key":"e_1_3_2_1_36_1","volume-title":"A j\u00f3 \u00e1llam m\u00e9rhet\u0151s\u00e9ge III. Dial\u00f3g Campus","author":"Kaiser Tam\u00e1s","unstructured":"Tam\u00e1s Kaiser. 2019. A j\u00f3 \u00e1llam m\u00e9rhet\u0151s\u00e9ge III. Dial\u00f3g Campus, Budapest, HU."},{"issue":"2","key":"e_1_3_2_1_37_1","first-page":"264","article-title":"Competitiveness Studies \u2013 The Digital Preparedness of the Hungarian Public Service","volume":"25","author":"F\u00e1si Csaba","year":"2019","unstructured":"Csaba F\u00e1si. 2019. Competitiveness Studies \u2013 The Digital Preparedness of the Hungarian Public Service. JURA 25, 2, 264-274.","journal-title":"JURA"}],"event":{"name":"CEEeGov 2024: Central and Eastern European eDem and eGov Days 2024","location":"Budapest Hungary","acronym":"CEEeGov 2024"},"container-title":["Proceedings of the Central and Eastern European eDem and eGov Days 2024"],"original-title":[],"link":[{"URL":"https:\/\/dl.acm.org\/doi\/10.1145\/3670243.3670250","content-type":"unspecified","content-version":"vor","intended-application":"text-mining"},{"URL":"https:\/\/dl.acm.org\/doi\/pdf\/10.1145\/3670243.3670250","content-type":"unspecified","content-version":"vor","intended-application":"similarity-checking"}],"deposited":{"date-parts":[[2025,8,22]],"date-time":"2025-08-22T22:02:48Z","timestamp":1755900168000},"score":1,"resource":{"primary":{"URL":"https:\/\/dl.acm.org\/doi\/10.1145\/3670243.3670250"}},"subtitle":[],"short-title":[],"issued":{"date-parts":[[2024,9,12]]},"references-count":37,"alternative-id":["10.1145\/3670243.3670250","10.1145\/3670243"],"URL":"https:\/\/doi.org\/10.1145\/3670243.3670250","relation":{},"subject":[],"published":{"date-parts":[[2024,9,12]]},"assertion":[{"value":"2024-09-12","order":3,"name":"published","label":"Published","group":{"name":"publication_history","label":"Publication History"}}]}}