{"status":"ok","message-type":"work","message-version":"1.0.0","message":{"indexed":{"date-parts":[[2025,8,22]],"date-time":"2025-08-22T22:40:08Z","timestamp":1755902408250,"version":"3.44.0"},"publisher-location":"New York, NY, USA","reference-count":22,"publisher":"ACM","license":[{"start":{"date-parts":[[2024,9,12]],"date-time":"2024-09-12T00:00:00Z","timestamp":1726099200000},"content-version":"vor","delay-in-days":0,"URL":"https:\/\/www.acm.org\/publications\/policies\/copyright_policy#Background"}],"content-domain":{"domain":["dl.acm.org"],"crossmark-restriction":true},"short-container-title":[],"published-print":{"date-parts":[[2024,9,12]]},"DOI":"10.1145\/3670243.3670252","type":"proceedings-article","created":{"date-parts":[[2024,8,7]],"date-time":"2024-08-07T11:53:02Z","timestamp":1723031582000},"page":"180-186","update-policy":"https:\/\/doi.org\/10.1145\/crossmark-policy","source":"Crossref","is-referenced-by-count":0,"title":["Civil servants competence frameworks: a necessity for modern and digital public administrations"],"prefix":"10.1145","author":[{"ORCID":"https:\/\/orcid.org\/0009-0004-1602-6405","authenticated-orcid":false,"given":"Georgiana Madalina","family":"Mihaila","sequence":"first","affiliation":[{"name":"Faculty of Public Administration The National University of Political Studies and Public Administration, Romania"}]}],"member":"320","published-online":{"date-parts":[[2024,9,12]]},"reference":[{"issue":"22","key":"e_1_3_2_1_1_1","first-page":"78","volume":"10","author":"Ranta A. E.","unstructured":"Ranta, A. E. (2008). Considera\u021bii privind reforma \u00een domeniul func\u021biei \u0219i func\u021bionarului public \u00een Rom\u00e2nia din perspectiva evolu\u021biei cadrului normativ. Revista Transilvan\u0103 de \u015etiin\u0163e Administrative, 10(22), 78-92.","journal-title":"Administrative"},{"key":"e_1_3_2_1_2_1","unstructured":"Profiroiu\u2013coord. M. Andrei T. Dinca D. & Carp R. REFORMA ADMINISTRATIEI PUBLICE \u00ceN CONTEXTUL INTEGRARII EUROPENE. Available: http:\/\/ier.gov.ro\/wp-content\/uploads\/publicatii\/Pais3_studiu_3_ro.pdf."},{"key":"e_1_3_2_1_3_1","volume-title":"Towards innovative public services: A framework for the development of the innovation capability of European Public Administrations. IDHEAP","author":"Emery Y.","year":"2016","unstructured":"Emery, Y., Kouadio, A. B., Rousseau, A., Meunier, B., Valoggia, P., Johannsen, L., & Nielsen, S. M. (2016). Towards innovative public services: A framework for the development of the innovation capability of European Public Administrations. IDHEAP, Luxembourg Institute of Science and Technology, European Institute of Public Administration."},{"key":"e_1_3_2_1_4_1","volume-title":"Quality Management and the Reform of Public Administration in Several States in South-Eastern Europe. Comparative Analysis. Theoretical & Applied Economics, 18(4)","author":"Matei L.","year":"2011","unstructured":"Matei, L., & Laz\u0113r, C. G. (2011). Quality Management and the Reform of Public Administration in Several States in South-Eastern Europe. Comparative Analysis. Theoretical & Applied Economics, 18(4)."},{"key":"e_1_3_2_1_5_1","volume-title":"The OECD Framework for digital talent and skills in the public sector","author":"Organisation","year":"2021","unstructured":"Organisation for Economic Co-operation and Development (OECD) (2021), \u201eThe OECD Framework for digital talent and skills in the public sector\u201d."},{"key":"e_1_3_2_1_6_1","volume-title":"The new Human Resources Strategy and Greening the Commission","author":"European Commision","year":"2022","unstructured":"European Commision, \u201eThe new Human Resources Strategy and Greening the Commission,\u201d 2022."},{"key":"e_1_3_2_1_7_1","volume-title":"Digital talent in a learning European Union. STRATEGICA, 495","author":"S\u0103vulescu C.","year":"2020","unstructured":"S\u0103vulescu, C., & Antonovici, C. G. (2020). Digital talent in a learning European Union. STRATEGICA, 495."},{"key":"e_1_3_2_1_8_1","volume-title":"Tomorrow's HR","author":"Oracle SSI","year":"2018","unstructured":"Oracle & Research Now SSI, \u201eTomorrow's HR, Today: Exploring the role of human resources in digital transformation,\u201d 2018."},{"issue":"48","key":"e_1_3_2_1_9_1","first-page":"83","volume":"23","author":"Roja A.","unstructured":"Roja, A., & Boc, M. (2021). Administra\u021bie public\u0103 digital\u0103\u2014propunere de model de transformare digital\u0103 a institu\u021biilor publice. Revista Transilvan\u0103 de \u015etiin\u0163e Administrative, 23(48), 83-105.","journal-title":"Administrative"},{"key":"e_1_3_2_1_10_1","volume-title":"The OECD Framework for digital talent and skills in the public sector","author":"Organisation","year":"2021","unstructured":"Organisation for Economic Co-operation and Development (OECD) (2021). \u201eThe OECD Framework for digital talent and skills in the public sector\u201d."},{"key":"e_1_3_2_1_11_1","doi-asserted-by":"publisher","DOI":"10.4324\/9781315622408"},{"key":"e_1_3_2_1_12_1","unstructured":"Organisation for Economic Co-operation and Development (OECD) (n.d.). \u201eGoing Digital Project \u201d [Interactiv]. Available: https:\/\/www.oecd.org\/digital\/going-digital-project\/."},{"key":"e_1_3_2_1_13_1","volume-title":"Profesionalizarea administra\u021biei publice prin introducerea cadrelor de competen\u021be generale \u0219i specifice pentru func\u021bia public\u0103 din Rom\u00e2nia. Administrarea Public\u0103, 107(3), 83-92","author":"Vitriuc P.","year":"2020","unstructured":"Vitriuc, P., & Niculescu, L. (2020). Profesionalizarea administra\u021biei publice prin introducerea cadrelor de competen\u021be generale \u0219i specifice pentru func\u021bia public\u0103 din Rom\u00e2nia. Administrarea Public\u0103, 107(3), 83-92."},{"key":"e_1_3_2_1_14_1","volume-title":"[Interactiv]. Available: https:\/\/www.anfp.gov.ro\/Anunt\/Cadrul_de_competente_generale_functionale_si_specifice__valorificarea_corecta_a_resursei_umane_din_administratie","author":"National Agency of Civil Servants (NACS)","year":"2021","unstructured":"National Agency of Civil Servants (NACS) (2021). [Interactiv]. Available: https:\/\/www.anfp.gov.ro\/Anunt\/Cadrul_de_competente_generale_functionale_si_specifice__valorificarea_corecta_a_resursei_umane_din_administratie."},{"key":"e_1_3_2_1_15_1","volume-title":"Available: https:\/\/www.anfp.gov.ro\/R\/Doc\/2021\/Proiecte\/SIPOCA%20136\/Output-uri\/3.4%20review%20of%20international%20experience%20RO%20CNCISCAP.pdf","author":"World Bank","year":"2020","unstructured":"World Bank (2020). Available: https:\/\/www.anfp.gov.ro\/R\/Doc\/2021\/Proiecte\/SIPOCA%20136\/Output-uri\/3.4%20review%20of%20international%20experience%20RO%20CNCISCAP.pdf."},{"key":"e_1_3_2_1_16_1","doi-asserted-by":"publisher","DOI":"10.1596\/36751"},{"key":"e_1_3_2_1_17_1","volume-title":"Human resource management in public service: Paradoxes, processes, and problems","author":"Berman E. M.","year":"2021","unstructured":"Berman, E. M., Bowman, J. S., West, J. P., & Van Wart, M. R. (2021). Human resource management in public service: Paradoxes, processes, and problems. Cq Press."},{"key":"e_1_3_2_1_18_1","volume-title":"Bucure\u015fti, Ed. ASE.","author":"Manole C.","year":"2006","unstructured":"Manole, C. (2006). Managementul resurselor umane \u00een administra\u0163ia public\u0103, Bucure\u015fti, Ed. ASE."},{"key":"e_1_3_2_1_19_1","unstructured":"Organisation for Economic Co-operation and Development (OECD) (n.d.). [Interactiv]. Available: https:\/\/www.oecd.org\/gov\/pem\/public-sector-leadership-implementation\/pem-skills\/."},{"key":"e_1_3_2_1_20_1","volume-title":"Available: https:\/\/www.anfp.gov.ro\/R\/Doc\/2022\/Proiecte\/SIPOCA%20136\/Prezent\u0103ri%20webinarii\/1.%20BM%20prezentare%20Cadru%20de%20competen\u021be_webinarii.pdf","author":"World Bank","year":"2022","unstructured":"World Bank (2022). Available: https:\/\/www.anfp.gov.ro\/R\/Doc\/2022\/Proiecte\/SIPOCA%20136\/Prezent\u0103ri%20webinarii\/1.%20BM%20prezentare%20Cadru%20de%20competen\u021be_webinarii.pdf"},{"key":"e_1_3_2_1_21_1","volume-title":"Available: https:\/\/www.anfp.gov.ro\/R\/Doc\/2022\/SIPOCA%20136%20-%20MRU\/Part%203.pdf","author":"World Bank","year":"2021","unstructured":"World Bank (2021). Available: https:\/\/www.anfp.gov.ro\/R\/Doc\/2022\/SIPOCA%20136%20-%20MRU\/Part%203.pdf"},{"key":"e_1_3_2_1_22_1","volume-title":"Analysis of the human factor as an internal threat to the security of an organization. ORA\u0218E INTELIGENTE \u0218I DEZVOLTARE REGIONAL\u0102, 7(02), 69-76","author":"Boce G.","year":"2023","unstructured":"Boce, G. (2023). Analysis of the human factor as an internal threat to the security of an organization. ORA\u0218E INTELIGENTE \u0218I DEZVOLTARE REGIONAL\u0102, 7(02), 69-76."}],"event":{"name":"CEEeGov 2024: Central and Eastern European eDem and eGov Days 2024","acronym":"CEEeGov 2024","location":"Budapest Hungary"},"container-title":["Proceedings of the Central and Eastern European eDem and eGov Days 2024"],"original-title":[],"link":[{"URL":"https:\/\/dl.acm.org\/doi\/10.1145\/3670243.3670252","content-type":"unspecified","content-version":"vor","intended-application":"text-mining"},{"URL":"https:\/\/dl.acm.org\/doi\/pdf\/10.1145\/3670243.3670252","content-type":"unspecified","content-version":"vor","intended-application":"similarity-checking"}],"deposited":{"date-parts":[[2025,8,22]],"date-time":"2025-08-22T22:03:04Z","timestamp":1755900184000},"score":1,"resource":{"primary":{"URL":"https:\/\/dl.acm.org\/doi\/10.1145\/3670243.3670252"}},"subtitle":[],"short-title":[],"issued":{"date-parts":[[2024,9,12]]},"references-count":22,"alternative-id":["10.1145\/3670243.3670252","10.1145\/3670243"],"URL":"https:\/\/doi.org\/10.1145\/3670243.3670252","relation":{},"subject":[],"published":{"date-parts":[[2024,9,12]]},"assertion":[{"value":"2024-09-12","order":3,"name":"published","label":"Published","group":{"name":"publication_history","label":"Publication History"}}]}}