{"status":"ok","message-type":"work","message-version":"1.0.0","message":{"indexed":{"date-parts":[[2025,7,3]],"date-time":"2025-07-03T04:02:34Z","timestamp":1751515354627,"version":"3.41.0"},"publisher-location":"New York, NY, USA","reference-count":13,"publisher":"ACM","content-domain":{"domain":["dl.acm.org"],"crossmark-restriction":true},"short-container-title":[],"published-print":{"date-parts":[[2025,6,23]]},"DOI":"10.1145\/3713043.3731475","type":"proceedings-article","created":{"date-parts":[[2025,6,23]],"date-time":"2025-06-23T13:14:36Z","timestamp":1750684476000},"page":"748-751","update-policy":"https:\/\/doi.org\/10.1145\/crossmark-policy","source":"Crossref","is-referenced-by-count":0,"title":["\u201cGuess the User?\u201d: A Board Game Approach to Children's Digital Privacy Rights and Data Awareness"],"prefix":"10.1145","author":[{"ORCID":"https:\/\/orcid.org\/0000-0003-3955-6965","authenticated-orcid":false,"given":"Maria Esperanza","family":"Sasaki Otani","sequence":"first","affiliation":[{"name":"University of Art and Design Linz, Linz, Austria"},{"name":"Zurich University of the Arts, Zurich, Switzerland"}]}],"member":"320","published-online":{"date-parts":[[2025,6,23]]},"reference":[{"volume-title":"Child data citizen: how tech companies are profiling us from before birth","author":"Barassi Veronica","key":"e_1_3_3_2_1_2","unstructured":"Veronica Barassi. 2020. Child data citizen: how tech companies are profiling us from before birth. The MIT Press, Cambridge London."},{"key":"e_1_3_3_2_2_2","doi-asserted-by":"publisher","DOI":"10.1145\/3290605.3300336"},{"volume-title":"Sitra. Retrieved","year":"2025","key":"e_1_3_3_2_3_2","unstructured":"2020. On the trail of personal data. Sitra. Retrieved March 21, 2025 from https:\/\/www.sitra.fi\/en\/publications\/on-the-trail-of-personal-data\/"},{"volume-title":"The age of surveillance capitalism: the fight for a human future at the new frontier of power","author":"Zuboff Shoshana","key":"e_1_3_3_2_4_2","unstructured":"Shoshana Zuboff. 2020. The age of surveillance capitalism: the fight for a human future at the new frontier of power (First Trade Paperback Edition ed.). PublicAffairs, New York."},{"key":"e_1_3_3_2_5_2","unstructured":"Committee on the Rights of the Child. 2021. General comment No. 25 on children's rights in relation to the digital environment. United Nations."},{"volume-title":"The Case for Better Governance of Children's Data: A Manifesto. UNICEF Office of Global Insight and Policy","author":"Byrne Jasmina","key":"e_1_3_3_2_6_2","unstructured":"Jasmina Byrne, Emma Day, and Linda Raftree. 2021. The Case for Better Governance of Children's Data: A Manifesto. UNICEF Office of Global Insight and Policy, New York."},{"key":"e_1_3_3_2_7_2","doi-asserted-by":"publisher","DOI":"10.1145\/3501712.3535275"},{"key":"e_1_3_3_2_8_2","doi-asserted-by":"publisher","DOI":"10.1145\/3628516.3661163"},{"key":"e_1_3_3_2_9_2","volume-title":"Statista. Retrieved","author":"Top","year":"2025","unstructured":"Top apps for global kids 2024. Statista. Retrieved February 25, 2025 from https:\/\/www.statista.com\/statistics\/1345374\/top-apps-among-global-kids\/"},{"key":"e_1_3_3_2_10_2","volume-title":"Lima. Retrieved","author":"Espejo F\u00e1tima Ch\u00e1vez","year":"2024","unstructured":"F\u00e1tima Ch\u00e1vez Espejo, F\u00e1tima Luc\u00eda Toche Vega, Carlos Eduardo Z\u00fa\u00f1iga Izquierdo, and Erick Am\u00e9rico Iriarte Ahon. 2024. Percepciones y usos de las redes sociales en escolares en el Peru. eBIZ, Universidad La Salle, Lima. Retrieved May 27, 2024 from https:\/\/ebiz.pe\/wp-content\/uploads\/sites\/5\/2024\/05\/Percepciones-y-usos-de-las-redes-sociales-en-escolares-en-el-Peru-v4-2.pdf"},{"key":"e_1_3_3_2_11_2","volume-title":"Retrieved","author":"RAE-","year":"2025","unstructured":"RAE- ASALE and RAE. huella | Diccionario de la lengua espa\u00f1ola. \u00abDiccionario de la lengua espa\u00f1ola\u00bb - Edici\u00f3n del Tricentenario. Retrieved March 20, 2025 from https:\/\/dle.rae.es\/huella"},{"key":"e_1_3_3_2_12_2","volume-title":"Retrieved","author":"Per\u00fa","year":"2025","unstructured":"Per\u00fa registra cifra r\u00e9cord de homicidios en 2024: el a\u00f1o m\u00e1s violento en casi una d\u00e9cada | \u00daltimas | LIMA | EL COMERCIO PER\u00da. Retrieved March 20, 2025 from https:\/\/elcomercio.pe\/lima\/peru-registra-cifra-record-de-homicidios-en-2024-el-ano-mas-violento-en-casi-una-decada-ultimas-noticia\/"},{"key":"e_1_3_3_2_13_2","doi-asserted-by":"publisher","DOI":"10.1145\/1139073.1139096"}],"event":{"name":"IDC '25: Interaction Design and Children","sponsor":["SIGCHI ACM Special Interest Group on Computer-Human Interaction"],"location":"Reykjavik Iceland","acronym":"IDC '25"},"container-title":["Proceedings of the 24th Interaction Design and Children"],"original-title":[],"link":[{"URL":"https:\/\/dl.acm.org\/doi\/pdf\/10.1145\/3713043.3731475","content-type":"unspecified","content-version":"vor","intended-application":"similarity-checking"}],"deposited":{"date-parts":[[2025,7,2]],"date-time":"2025-07-02T04:40:20Z","timestamp":1751431220000},"score":1,"resource":{"primary":{"URL":"https:\/\/dl.acm.org\/doi\/10.1145\/3713043.3731475"}},"subtitle":[],"short-title":[],"issued":{"date-parts":[[2025,6,23]]},"references-count":13,"alternative-id":["10.1145\/3713043.3731475","10.1145\/3713043"],"URL":"https:\/\/doi.org\/10.1145\/3713043.3731475","relation":{},"subject":[],"published":{"date-parts":[[2025,6,23]]},"assertion":[{"value":"2025-06-23","order":3,"name":"published","label":"Published","group":{"name":"publication_history","label":"Publication History"}}]}}