{"status":"ok","message-type":"work","message-version":"1.0.0","message":{"indexed":{"date-parts":[[2026,3,8]],"date-time":"2026-03-08T03:37:48Z","timestamp":1772941068621,"version":"3.50.1"},"publisher-location":"New York, NY, USA","reference-count":19,"publisher":"ACM","content-domain":{"domain":["dl.acm.org"],"crossmark-restriction":true},"short-container-title":[],"published-print":{"date-parts":[[2025,12,3]]},"DOI":"10.1145\/3773002.3774809","type":"proceedings-article","created":{"date-parts":[[2026,2,20]],"date-time":"2026-02-20T10:43:31Z","timestamp":1771584211000},"page":"46-50","update-policy":"https:\/\/doi.org\/10.1145\/crossmark-policy","source":"Crossref","is-referenced-by-count":0,"title":["An examination of basic ICT skills and their workload taught in German administrative degree programs"],"prefix":"10.1145","author":[{"ORCID":"https:\/\/orcid.org\/0000-0003-1672-5682","authenticated-orcid":false,"given":"Robert","family":"Mueller-Toeroek","sequence":"first","affiliation":[{"name":"University of Public Administration and Finance, Ludwigsburg, Baden-Wurttemberg, Germany"}]},{"ORCID":"https:\/\/orcid.org\/0000-0003-3253-5571","authenticated-orcid":false,"given":"Thomas","family":"Hemker","sequence":"additional","affiliation":[{"name":"Institut f\u00fcr technische Betriebswirtschaftslehre, FH Munster, Munster, Northrhine-Westphalia, Germany"}]},{"ORCID":"https:\/\/orcid.org\/0009-0000-5511-533X","authenticated-orcid":false,"given":"Nina","family":"Sch\u00e4fer","sequence":"additional","affiliation":[{"name":"University of Public Administration and Finance, Ludwigsburg, Baden-Wurttemberg, Germany"}]}],"member":"320","published-online":{"date-parts":[[2026,2,20]]},"reference":[{"key":"e_1_3_3_1_1_2","unstructured":"Cf. European Commission \u201cDigital Decade Country Report 2024 Germany \u201d p. 23 Mar. 2025. [Online]. Available: https:\/\/ec.europa.eu\/newsroom\/dae\/redirection\/document\/106711"},{"key":"e_1_3_3_1_2_2","first-page":"46","article-title":"Digital Competences in Public Sector Education as a Prerequisite for e-Government","volume":"4","author":"M\u00fcller-T\u00f6r\u00f6k Hemker","year":"2022","unstructured":"M\u00fcller-T\u00f6r\u00f6k, Robert\/ Hemker, Thomas, \u201cDigital Competences in Public Sector Education as a Prerequisite for e-Government,\u201d Pro Publico Bono Public Administration 4, p. 46, 2022. [Online]. Available: https:\/\/folyoirat.ludovika.hu\/index.php\/ppbmk\/article\/view\/6436\/5347","journal-title":"Pro Publico Bono Public Administration"},{"key":"e_1_3_3_1_3_2","unstructured":"Cf. \u00a7 13 Beamtenrechtsrahmengesetz 10 Apr. 2023. [Online]. Available: https:\/\/www.lexsoft.de\/cgi-bin\/lexsoft\/justizportal_nrw.cgi?xid=139037 17"},{"key":"e_1_3_3_1_4_2","volume-title":"About us","author":"Cf ICDL","year":"2025","unstructured":"Cf. ICDL Europe, \u201cAbout us,\u201d 06 Apr. 2025. [Online]. Available: https:\/\/icdl.org\/about-us\/"},{"key":"e_1_3_3_1_5_2","volume-title":"ICDL-Module","author":"Cf","year":"2025","unstructured":"Cf. \u201cICDL-Module,\u201d 06 Apr. 2025. [Online]. Available: https:\/\/www.icdl.de\/icdl-programm\/"},{"key":"e_1_3_3_1_6_2","volume-title":"European Credit Transfer and Accumulation System (ECTS)","author":"Cf","year":"2025","unstructured":"Cf. \u201cEuropean Credit Transfer and Accumulation System (ECTS),\u201d 06 Apr. 2025. [Online]. Available: European Credit Transfer and Accumulation System (ECTS) - European Education Area,"},{"key":"e_1_3_3_1_7_2","first-page":"2","volume-title":"Resolution of the Conference of Education Ministers, \u201cCommon state structural guidelines for the accreditation of bachelor's and master's degree programs,\u201d","author":"Cf","year":"2010","unstructured":"Cf. Resolution of the Conference of Education Ministers, \u201cCommon state structural guidelines for the accreditation of bachelor's and master's degree programs,\u201d p. 2, 10 Feb. 2010. [Online]. Available: Microsoft Word - BS_100204_LaendergemeinsameStrukturvorgaben_Rahmenvorgaben_AS_Ka.doc"},{"key":"e_1_3_3_1_8_2","volume-title":"ICDL und DigComp","author":"Cf","year":"2025","unstructured":"Cf. \u201cICDL und DigComp,\u201d Jan. 2025. [Online]. Available: https:\/\/www.icdl.de\/icdl-im-fokus-der-kompetenzbereiche-des-digcomp-2-1\/"},{"key":"e_1_3_3_1_9_2","volume-title":"\u201cDigComp Framework","author":"Cf. European Commission","year":"2025","unstructured":"Cf. European Commission, \u201cDigComp Framework,\u201d Jan. 2025. [Online]. Available: https:\/\/joint-research-centre.ec.europa.eu\/scientific-activities-z\/education-and-training\/digital-transformation-education\/digital-competence-framework-citizens-digcomp\/digcomp-framework_en"},{"key":"e_1_3_3_1_10_2","volume-title":"ICDL und DigComp","author":"Cf","year":"2025","unstructured":"Cf. \u201cICDL und DigComp,\u201d Jan. 2025. [Online]. Available: https:\/\/www.icdl.de\/icdl-im-fokus-der-kompetenzbereiche-des-digcomp-2-1\/"},{"key":"e_1_3_3_1_11_2","unstructured":"\u201eDigitalf\u00fchrerschein \u201c 12 Jul. 2025. [Online]. Available: https:\/\/difue.de\/"},{"key":"e_1_3_3_1_12_2","unstructured":"Cf. \u201eDigitalf\u00fchrerschein \u201c 12 Jul. 2025. [Online]. Available: https:\/\/difue.de\/"},{"key":"e_1_3_3_1_13_2","volume-title":"Detailed results","author":"Cf","year":"2025","unstructured":"Cf. Detailed results, 20 Jul. 2025. [Online]. Available: fh.ms\/dkps"},{"key":"e_1_3_3_1_14_2","volume-title":"e.g. Vodafone Germany Foundation, \u201eEquipped for the future?","author":"Cf","year":"2023","unstructured":"Cf. e.g. Vodafone Germany Foundation, \u201eEquipped for the future?,\u201c Mar. 2023. [Online]. Available: https:\/\/www.vodafone-stiftung.de\/wp-content\/uploads\/2023\/04\/Youth-Study-Vodafone-Germany-Foundation-Equipped-for-the-Future.pdf"},{"key":"e_1_3_3_1_15_2","doi-asserted-by":"publisher","DOI":"10.5281\/zenodo.7515985"},{"key":"e_1_3_3_1_16_2","volume-title":"Lehrer und IT-Experten,\u201c","author":"Cf Tagesschau","year":"2025","unstructured":"Cf. Tagesschau, \u201eInformatik wird Pflichtfach in RLP: Das sagen Sch\u00fcler, Lehrer und IT-Experten,\u201c Jun. 2025. [Online]. Available: https:\/\/www.tagesschau.de\/inland\/regional\/rheinlandpfalz\/swr-informatik-wird-pflichtfach-in-rlp-das-sagen-schueler-lehrer-und-it-experten-100.html"},{"key":"e_1_3_3_1_17_2","unstructured":"Cf. Ibid."},{"key":"e_1_3_3_1_18_2","volume-title":"Detailed results","author":"Cf","year":"2025","unstructured":"Cf. Detailed results, 20 Jul. 2025. [Online]. Available: fh.ms\/dkps"},{"key":"e_1_3_3_1_19_2","unstructured":"ICDL References and Endorsements 7 Nov 2025 [Online]. Available at https:\/\/icdl.org\/references-and-endorsements\/icdl-references-and-endorsements-brochure\/."}],"event":{"name":"CEEeGov 2025: Central and Eastern European eDem and eGov Days 2025","location":"Bucharest Romania","acronym":"CEEeGov 2025"},"container-title":["Proceedings of the Central and Eastern European eDem and eGov Days 2025"],"original-title":[],"link":[{"URL":"https:\/\/dl.acm.org\/doi\/pdf\/10.1145\/3773002.3774809","content-type":"unspecified","content-version":"vor","intended-application":"similarity-checking"}],"deposited":{"date-parts":[[2026,3,7]],"date-time":"2026-03-07T10:44:58Z","timestamp":1772880298000},"score":1,"resource":{"primary":{"URL":"https:\/\/dl.acm.org\/doi\/10.1145\/3773002.3774809"}},"subtitle":[],"short-title":[],"issued":{"date-parts":[[2025,12,3]]},"references-count":19,"alternative-id":["10.1145\/3773002.3774809","10.1145\/3773002"],"URL":"https:\/\/doi.org\/10.1145\/3773002.3774809","relation":{},"subject":[],"published":{"date-parts":[[2025,12,3]]},"assertion":[{"value":"2026-02-20","order":3,"name":"published","label":"Published","group":{"name":"publication_history","label":"Publication History"}}]}}