{"status":"ok","message-type":"work","message-version":"1.0.0","message":{"indexed":{"date-parts":[[2026,4,15]],"date-time":"2026-04-15T10:01:50Z","timestamp":1776247310151,"version":"3.50.1"},"publisher-location":"New York, NY, USA","reference-count":15,"publisher":"ACM","funder":[{"name":"FCT- Foundation for Science and Technology, I.P.","award":["UID\/04019\/2025 - CIAC"],"award-info":[{"award-number":["UID\/04019\/2025 - CIAC"]}]}],"content-domain":{"domain":["dl.acm.org"],"crossmark-restriction":true},"short-container-title":[],"published-print":{"date-parts":[[2025,11,26]]},"DOI":"10.1145\/3773699.3773712","type":"proceedings-article","created":{"date-parts":[[2026,4,14]],"date-time":"2026-04-14T05:05:31Z","timestamp":1776143131000},"page":"1-3","update-policy":"https:\/\/doi.org\/10.1145\/crossmark-policy","source":"Crossref","is-referenced-by-count":0,"title":["Core Reflex II"],"prefix":"10.1145","author":[{"ORCID":"https:\/\/orcid.org\/0000-0003-3207-5667","authenticated-orcid":false,"given":"Bruno","family":"Mendes da Silva","sequence":"first","affiliation":[{"name":"CIAC-UAlg, Faro, Portugal"}]},{"ORCID":"https:\/\/orcid.org\/0000-0001-6117-5988","authenticated-orcid":false,"given":"Susana","family":"Costa","sequence":"additional","affiliation":[{"name":"CIAC-UAlg, Faro, Portugal"}]}],"member":"320","published-online":{"date-parts":[[2026,4,13]]},"reference":[{"key":"e_1_3_3_1_1_2","unstructured":"Arlindo Machado. 2007. Arte e m\u00e9dia. Jorge Zahar."},{"key":"e_1_3_3_1_2_2","unstructured":"Arlindo Machado. 1993. M\u00e1quina e imagin\u00e1rio: o desafio das po\u00e9ticas tecnol\u00f3gicas. USP."},{"key":"e_1_3_3_1_3_2","doi-asserted-by":"publisher","DOI":"10.1590\/S1678-53202004000400003"},{"key":"e_1_3_3_1_4_2","unstructured":"Valentino Catrical\u00e0. 2015. Media Art. Towards a New Definition of Arts in the Age of Technology. Gli Ori."},{"key":"e_1_3_3_1_5_2","unstructured":"Patr\u00edcia Silveirinha. 1999. A Arte V\u00eddeo: Processos de abstra\u00e7\u00e3o e dom\u00ednio da sensoralidade das novas linguagens visuais tecnol\u00f3gicas. Universidade Nova de Lisboa."},{"key":"e_1_3_3_1_6_2","unstructured":"Leonardo Forny. 2006. Arte e intera\u00e7\u00e3o: nos caminhos da arte interativa? Revista eletr\u00f4nica Raz\u00f3n y Palabra (53). Retrieved from https:\/\/bit.ly\/3oLLqP0."},{"key":"e_1_3_3_1_7_2","unstructured":"Cl\u00e1udia Giannetti. 2012. Est\u00e9tica Digital \u2013 Sintopia da Arte Ci\u00eancia e Tecnologia. Nova Vega."},{"key":"e_1_3_3_1_8_2","doi-asserted-by":"publisher","DOI":"10.1590\/2238-38752014v424"},{"key":"e_1_3_3_1_9_2","unstructured":"Umberto Eco. 2016. Obra aberta. Rel\u00f3gio d'\u00c1gua."},{"key":"e_1_3_3_1_10_2","unstructured":"John Dewey. 2010. Arte como experi\u00eancia. Martins."},{"key":"e_1_3_3_1_11_2","volume-title":"Videoarte no MAC-USP: o suporte de ideias nos anos","author":"de Aguiar Carolina Amaral","year":"1970","unstructured":"Carolina Amaral de Aguiar. 2007. Videoarte no MAC-USP: o suporte de ideias nos anos 1970. Universidade de S\u00e3o Paulo. Retrieved from http:\/\/livros01.livrosgratis.com.br\/cp038784.pdf"},{"key":"e_1_3_3_1_12_2","first-page":"43","volume-title":"Video: The aesthetics of narcissism","author":"Krauss Rosalind","year":"1978","unstructured":"Rosalind Krauss. 1978. Video: The aesthetics of narcissism. In Battock, G. (Ed.), New Artists Video (pp. 43-64). New York: E.P. Dutton."},{"key":"e_1_3_3_1_13_2","unstructured":"Arlindo Machado. 1997. A arte do v\u00eddeo. S\u00e3o Paulo: Brasiliense."},{"key":"e_1_3_3_1_14_2","volume-title":"videoarte e o papel das linguagens midi\u00e1ticas na constru\u00e7\u00e3o de sentido e visibilidade das artes visuais. Revista Comunica\u00e7\u00e3o Midi\u00e1tica. 8, 3 (dez","author":"Regilene Aparecida Sarzi Ribeiro. 2013. Corp","year":"2013","unstructured":"Regilene Aparecida Sarzi Ribeiro. 2013. Corpo, videoarte e o papel das linguagens midi\u00e1ticas na constru\u00e7\u00e3o de sentido e visibilidade das artes visuais. Revista Comunica\u00e7\u00e3o Midi\u00e1tica. 8, 3 (dez. 2013), 87\u2013107."},{"key":"e_1_3_3_1_15_2","doi-asserted-by":"publisher","DOI":"10.1145\/3632776.3632793"}],"event":{"name":"ARTECH 2025: 12th International Conference on Digital and Interactive Arts: Media Art Cultures, Communities & Territories","location":"Braga Portugal","acronym":"ARTECH 2025"},"container-title":["Proceedings of the 2025 12th International Conference on Digital and Interactive Arts: Media Art Cultures, Communities &amp; Territories"],"original-title":[],"link":[{"URL":"https:\/\/dl.acm.org\/doi\/pdf\/10.1145\/3773699.3773712","content-type":"unspecified","content-version":"vor","intended-application":"similarity-checking"}],"deposited":{"date-parts":[[2026,4,15]],"date-time":"2026-04-15T09:00:14Z","timestamp":1776243614000},"score":1,"resource":{"primary":{"URL":"https:\/\/dl.acm.org\/doi\/10.1145\/3773699.3773712"}},"subtitle":["The Creative Process of a Self-Portrait in a Luminous Landscape"],"short-title":[],"issued":{"date-parts":[[2025,11,26]]},"references-count":15,"alternative-id":["10.1145\/3773699.3773712","10.1145\/3773699"],"URL":"https:\/\/doi.org\/10.1145\/3773699.3773712","relation":{},"subject":[],"published":{"date-parts":[[2025,11,26]]},"assertion":[{"value":"2026-04-13","order":3,"name":"published","label":"Published","group":{"name":"publication_history","label":"Publication History"}}]}}