{"status":"ok","message-type":"work","message-version":"1.0.0","message":{"indexed":{"date-parts":[[2026,4,15]],"date-time":"2026-04-15T10:02:09Z","timestamp":1776247329332,"version":"3.50.1"},"publisher-location":"New York, NY, USA","reference-count":38,"publisher":"ACM","content-domain":{"domain":["dl.acm.org"],"crossmark-restriction":true},"short-container-title":[],"published-print":{"date-parts":[[2025,11,26]]},"DOI":"10.1145\/3773699.3773713","type":"proceedings-article","created":{"date-parts":[[2026,4,14]],"date-time":"2026-04-14T05:05:31Z","timestamp":1776143131000},"page":"1-9","update-policy":"https:\/\/doi.org\/10.1145\/crossmark-policy","source":"Crossref","is-referenced-by-count":0,"title":["From the Atelier Populaire to Artivism. Situationist Strategies Reimagined."],"prefix":"10.1145","author":[{"ORCID":"https:\/\/orcid.org\/0009-0006-5958-9069","authenticated-orcid":false,"given":"Maria","family":"Cristina Cavalcanti","sequence":"first","affiliation":[{"name":"Universidade do Algarve, Faculdade de Ci\u00eancias Humanas e Sociais, Faro, Faro, Portugal"}]},{"ORCID":"https:\/\/orcid.org\/0000-0002-9622-6527","authenticated-orcid":false,"given":"Mirian","family":"Estela Nogueira Tavares","sequence":"additional","affiliation":[{"name":"Universidade do Algarve, Faculdade de Ci\u00eancias Humanas e Sociais, Faro, Faro, Portugal"}]},{"ORCID":"https:\/\/orcid.org\/0000-0002-0500-0849","authenticated-orcid":false,"given":"Priscila","family":"Almeida Cunha Arantes","sequence":"additional","affiliation":[{"name":"Pontif\u00edcia Universidade Cat\u00f3lica, Departamento de Artes, S\u00e3o Paulo, S\u00e3o Paulo, Brazil"}]}],"member":"320","published-online":{"date-parts":[[2026,4,13]]},"reference":[{"key":"e_1_3_3_2_1_2","first-page":"60","article-title":"From street art to murals: what have we lost","volume":"2","author":"Abarca Javier","year":"2016","unstructured":"Javier Abarca. 2016. From street art to murals: what have we lost? Str. Art Urban Creat. Sci. J. 2, 2 (2016), 60\u201367. Retrieved from https:\/\/repositorio.ul.pt\/bitstream\/10451\/47651\/2\/CIEBA_sauc_journal2016_v2_n2_web.pdf","journal-title":"Str. Art Urban Creat. Sci. J."},{"key":"e_1_3_3_2_2_2","first-page":"9","article-title":"Artivismo: Un nuevo lenguaje educativo para la acci\u00f3n social transformadora","volume":"26","author":"Aladro-Vico Eva","year":"2018","unstructured":"Eva Aladro-Vico, Dimitrina Jivkova-Semova, and Olga Bailey. 2018. Artivismo: Un nuevo lenguaje educativo para la acci\u00f3n social transformadora. Comun. Rev. Cient\u00edfica Iberoam. Comun. Educ. Sci. J. Media Educ. 26, 57 (2018), 9\u201318.","journal-title":"Comun. Rev. Cient\u00edfica Iberoam. Comun. Educ. Sci. J. Media Educ."},{"key":"e_1_3_3_2_3_2","unstructured":"In\u00eas Arg\u00f4lo. 2025. Rejeitorio. Videoinstala\u00e7\u00e3o interativa acerca do impacto humano recente sobre o Rio S\u00e3o Francisco. Tese de doutoramento. Universidade do Algarve e Universidade Aberta Portugal."},{"key":"e_1_3_3_2_4_2","volume-title":"Pascale Le Thorel, and Anne-Marie Garcia","author":"Arti\u00e8res Philippe","year":"2018","unstructured":"Philippe Arti\u00e8res, \u00c9ric Chassey, Pascale Le Thorel, and Anne-Marie Garcia. 2018. Images en lutte La culture visuelle de l \u2019extr\u00eame gauche en France (1968-1974). Beaux Arts de Paris."},{"key":"e_1_3_3_2_5_2","volume-title":"une histoire collective: 1962-1981 avec 92 photographies in\u00e9dites (Nouvelle \u00e9d. ed.). la D\u00e9couverte","author":"Arti\u00e8res Philippe","unstructured":"Philippe Arti\u00e8res and Michelle Zancarini-Fournel. 2018. 68, une histoire collective: 1962-1981 avec 92 photographies in\u00e9dites (Nouvelle \u00e9d. ed.). la D\u00e9couverte, Paris."},{"key":"e_1_3_3_2_6_2","volume-title":"Teoria e pr\u00e1tica da revolu\u00e7\u00e3o","author":"Baderna Marietta","unstructured":"Marietta Baderna. 2002. Situacionista. Teoria e pr\u00e1tica da revolu\u00e7\u00e3o (1st ed.). Conrad.","edition":"1"},{"key":"e_1_3_3_2_7_2","doi-asserted-by":"publisher","DOI":"10.1515\/9781503627253-018"},{"key":"e_1_3_3_2_8_2","volume-title":"n.d. Blek le Rat. blekleratoriginal. Retrieved","author":"le Rat Blek","year":"2024","unstructured":"Blek le Rat. n.d. Blek le Rat. blekleratoriginal. Retrieved January 8, 2024 from https:\/\/blekleratoriginal.com\/en\/blek-le-rat"},{"key":"e_1_3_3_2_9_2","unstructured":"Blek le Rat. Manifesto. Blek le Rat. Retrieved January 5 2024 from https:\/\/blekleratoriginal.com\/en\/manifesto"},{"key":"e_1_3_3_2_10_2","unstructured":"Isabel Cristina Carvalho. 2021. Artivismo Digital. newDATAmagazine 69\u201371."},{"key":"e_1_3_3_2_11_2","unstructured":"Patr\u00edcia Raquel Costa Castro. 2021. Design de Comunica\u00e7\u00e3o como Ativismo_ uma reflex\u00e3o sobre a sua pr\u00e1xis. Mestrado. Porto."},{"key":"e_1_3_3_2_12_2","volume-title":"chasecontemporary. Retrieved","author":"Contemporary Chase","year":"2024","unstructured":"Chase Contemporary. 2018. Banksy \/ Blek Le Rat \/ Richard Hambleton | Art of Darkness \u2014 Chase Contemporary. chasecontemporary. Retrieved January 7, 2024 from https:\/\/www.chasecontemporary.com\/exhibition\/banksy-\/-blek-le-rat-\/-richard-hambleton-art-of-darkness"},{"key":"e_1_3_3_2_13_2","volume-title":"Culture Jamming: Hacking, Slashing, and Sniping in the Empire of Signs. Mark Dery.","author":"Dery Mark","year":"2010","unstructured":"Mark Dery. 2010. Culture Jamming: Hacking, Slashing, and Sniping in the Empire of Signs. Mark Dery. Retrieved from https:\/\/www.markdery.com\/books\/culture-jamming-hacking-slashing-and-sniping-in-the-empire-of-signs-2\/"},{"key":"e_1_3_3_2_14_2","doi-asserted-by":"publisher","DOI":"10.11606\/issn.1808-0820.cali.2008.68127"},{"key":"e_1_3_3_2_15_2","unstructured":"Shepard Fairey. 2010. The 2010 TIME 100. Time. Retrieved from https:\/\/content.time.com\/time\/specials\/packages\/article\/0 28804 1984685_1984940_1984945 00.html"},{"key":"e_1_3_3_2_16_2","doi-asserted-by":"publisher","DOI":"10.14393\/EdA-v1-n1-2020-54743"},{"key":"e_1_3_3_2_17_2","unstructured":"Joana Isabel Silva Gomes. 2022. O design gr\u00e1fico como uma ferramenta de transforma\u00e7\u00e3o social. Mestrado. Porto."},{"key":"e_1_3_3_2_18_2","unstructured":"Yannicke Goris and Saskia Hollander. 2017. Activism artivism and beyond. Inspiring initiatives of civic power. Partos."},{"key":"e_1_3_3_2_19_2","unstructured":"J\u00falio Henriques. 1997. Internacional Situacionista. Antologia. Ant\u00edgona."},{"key":"e_1_3_3_2_20_2","unstructured":"Emilio Fern\u00e1ndez Herrero. 2018. Origen evoluci\u00f3n y auge del arte urbano. El fen\u00f3meno Banksy y otros artistas urbanos. (2018) 541."},{"key":"e_1_3_3_2_21_2","volume-title":"Era dos extremos. O breve s\u00e9culo XX. 1914-1991","author":"Hobsbawn Eric","unstructured":"Eric Hobsbawn. 1994. Era dos extremos. O breve s\u00e9culo XX. 1914-1991 (2nd ed.). Companhia das Letras.","edition":"2"},{"key":"e_1_3_3_2_22_2","volume-title":"El Padrino del stencil - entrevista a Blek le Rat. GRaFiTi - Escritos en la calle. Retrieved","author":"Jacobi Laurent","year":"2024","unstructured":"Laurent Jacobi. 2011. El Padrino del stencil - entrevista a Blek le Rat. GRaFiTi - Escritos en la calle. Retrieved January 5, 2024 from https:\/\/www.escritosenlacalle.com\/blog.php?Blog=54"},{"key":"e_1_3_3_2_23_2","volume-title":"Beauty Is in the Street: A Visual Record of the May \u201968 Paris Uprising","author":"Kugelberg Johan","unstructured":"Johan Kugelberg and Philippe Verm\u00e8s. 2011. Beauty Is in the Street: A Visual Record of the May \u201968 Paris Uprising. Four Corners Books."},{"key":"e_1_3_3_2_24_2","volume-title":"Rafael Lozano-Hemmer - Border Tuner \/ Sintonizador Fronterizo. lozanohemmer.com. Retrieved","author":"Lozano-Hemmer Rafael","year":"2025","unstructured":"Rafael Lozano-Hemmer. Rafael Lozano-Hemmer - Border Tuner \/ Sintonizador Fronterizo. lozanohemmer.com. Retrieved October 27, 2025 from https:\/\/www.lozano-hemmer.com\/border_tuner__sintonizador_fronterizo.php"},{"key":"e_1_3_3_2_25_2","volume-title":"Retrieved","author":"Mestaoui Naziha","year":"2015","unstructured":"Naziha Mestaoui. 2015. 1 Heart 1 Tree, an experience to share: from virtual to reality. An exceptional application through which our heartbeat generates a tree. Retrieved June 29, 2025 from https:\/\/unfccc.int\/media\/518176\/1-heart-1-tree-dossier-partenaires-en.pdf"},{"key":"e_1_3_3_2_26_2","volume-title":"Lu\u00eds Alexandre Grubits de Pess\u00f4a, and Eduardo Andr\u00e9 Teixeira Ayrosa","author":"de Azevedo Oliveira Renata Couto","year":"2017","unstructured":"Renata Couto de Azevedo Oliveira, Lu\u00eds Alexandre Grubits de Pess\u00f4a, and Eduardo Andr\u00e9 Teixeira Ayrosa. 2017. Resistencia, jammimg e antipubibidade: uma an\u00e1lise dos Spoof Ads da AdBuster Media Foundation. Revista de Estudos Organizacionais de Sociedade 4, 1373 a 437."},{"key":"e_1_3_3_2_27_2","volume-title":"Filme: Exit Through The Gift Shop. P\u00fablico. Retrieved","year":"2011","unstructured":"P\u00fablico. 2011. Filme: Exit Through The Gift Shop. P\u00fablico. Retrieved January 7, 2024 from https:\/\/www.publico.pt\/2011\/02\/22\/culturaipsilon\/noticia\/filme-exit-through-the-gift-shop-277940"},{"key":"e_1_3_3_2_28_2","doi-asserted-by":"publisher","DOI":"10.4000\/cadernosaa.909"},{"key":"e_1_3_3_2_29_2","unstructured":"Mercedes Valdivieso. 2014. La apropiaci\u00f3n simb\u00f3lica del espacio p\u00fablico a trav\u00e9s del artivismo. Las movilizaciones en defensa de la sanidad p\u00fablica en Madrid. Scr. Nova Rev. Electr\u00f3nica Geogr. Cienc. Soc. (2014)."},{"key":"e_1_3_3_2_30_2","doi-asserted-by":"publisher","DOI":"10.11606\/issn.2238-7714.no.2022.205276"},{"key":"e_1_3_3_2_31_2","unstructured":"Krzysztof Wodiczko. n.d. Krzysztof Wodiczko. Krzysztof Wodiczko. Retrieved from https:\/\/www.krzysztofwodiczko.com"},{"key":"e_1_3_3_2_32_2","unstructured":"Krzysztof Wodiczko. n.d. Projections. Krzysztof Wodiczko. Retrieved from https:\/\/www.krzysztofwodiczko.com\/public-projections"},{"key":"e_1_3_3_2_33_2","volume-title":"YouTube. Retrieved","year":"2025","unstructured":"2015. One Heart One Tree | Naziha Mestaoui | TEDxULB. YouTube. Retrieved October 28, 2025 from https:\/\/www.youtube.com\/watch?v=LtQpJ_5j_GQ"},{"key":"e_1_3_3_2_34_2","unstructured":"2020. Bijari. Reel. Retrieved from https:\/\/vimeo.com\/445910467"},{"key":"e_1_3_3_2_35_2","volume-title":"Debord - La Soci\u00e9t\u00e9 du Spectacle - De Dicto #26. YouTube. Retrieved","year":"2024","unstructured":"2021. Debord - La Soci\u00e9t\u00e9 du Spectacle - De Dicto #26. YouTube. Retrieved January 5, 2024 from https:\/\/www.youtube.com\/watch?v=r6mERrGVcJE"},{"key":"e_1_3_3_2_36_2","volume-title":"The Man Who Inspired Banksy. YouTube. Retrieved","year":"2024","unstructured":"2022. The Man Who Inspired Banksy. YouTube. Retrieved January 5, 2024 from https:\/\/www.youtube.com\/watch?v=63vuhWe4Cpk"},{"key":"e_1_3_3_2_37_2","unstructured":"n.d. Jenny Holzer. Hauser & Wirth. Retrieved from https:\/\/www.hauserwirth.com\/artists\/2857-jenny-holzer\/"},{"key":"e_1_3_3_2_38_2","unstructured":"Interactive Public Art | Border Tuner | El Paso - Ciudad Ju\u00e1rez. Border Tuner. Retrieved October 28 2025 from https:\/\/www.bordertuner.net\/es\/home"}],"event":{"name":"ARTECH 2025: 12th International Conference on Digital and Interactive Arts: Media Art Cultures, Communities & Territories","location":"Braga Portugal","acronym":"ARTECH 2025"},"container-title":["Proceedings of the 2025 12th International Conference on Digital and Interactive Arts: Media Art Cultures, Communities &amp; Territories"],"original-title":[],"link":[{"URL":"https:\/\/dl.acm.org\/doi\/pdf\/10.1145\/3773699.3773713","content-type":"unspecified","content-version":"vor","intended-application":"similarity-checking"}],"deposited":{"date-parts":[[2026,4,15]],"date-time":"2026-04-15T09:00:33Z","timestamp":1776243633000},"score":1,"resource":{"primary":{"URL":"https:\/\/dl.acm.org\/doi\/10.1145\/3773699.3773713"}},"subtitle":[],"short-title":[],"issued":{"date-parts":[[2025,11,26]]},"references-count":38,"alternative-id":["10.1145\/3773699.3773713","10.1145\/3773699"],"URL":"https:\/\/doi.org\/10.1145\/3773699.3773713","relation":{},"subject":[],"published":{"date-parts":[[2025,11,26]]},"assertion":[{"value":"2026-04-13","order":3,"name":"published","label":"Published","group":{"name":"publication_history","label":"Publication History"}}]}}