{"status":"ok","message-type":"work","message-version":"1.0.0","message":{"indexed":{"date-parts":[[2026,4,15]],"date-time":"2026-04-15T10:02:34Z","timestamp":1776247354886,"version":"3.50.1"},"publisher-location":"New York, NY, USA","reference-count":25,"publisher":"ACM","content-domain":{"domain":["dl.acm.org"],"crossmark-restriction":true},"short-container-title":[],"published-print":{"date-parts":[[2025,11,26]]},"DOI":"10.1145\/3773699.3773720","type":"proceedings-article","created":{"date-parts":[[2026,4,14]],"date-time":"2026-04-14T05:05:31Z","timestamp":1776143131000},"page":"1-9","update-policy":"https:\/\/doi.org\/10.1145\/crossmark-policy","source":"Crossref","is-referenced-by-count":0,"title":["Na senda das dimens\u00f5es da m\u00e9dia-arte digital nas narrativas biogr\u00e1ficas em Macau: uma perspetiva \u00e0 luz da diversidade cultural"],"prefix":"10.1145","author":[{"ORCID":"https:\/\/orcid.org\/0000-0002-5800-2899","authenticated-orcid":false,"given":"Selma","family":"Pereira","sequence":"first","affiliation":[{"name":"CICANT-Universidade Lus\u00f3fona, Lisboa, Portugal"},{"name":"ISMAT Ensino Lus\u00f3fona, Portim\u00e3o, Portugal"},{"name":"CIAC- Centro de Investiga\u00e7\u00e3o em Artes e Comunica\u00e7\u00e3o, Faro, Portugal"}]},{"ORCID":"https:\/\/orcid.org\/0000-0002-9164-9686","authenticated-orcid":false,"given":"Ad\u00e9rito","family":"Fernandes Marcos","sequence":"additional","affiliation":[{"name":"CIAC \u2013 Centro de Investiga\u00e7\u00e3o em Artes e Comunica\u00e7\u00e3o, Faro, Portugal"},{"name":"Universidade de S\u00e3o Jos\u00e9, Macau, China"}]},{"ORCID":"https:\/\/orcid.org\/0000-0002-9596-9265","authenticated-orcid":false,"suffix":"Ferreira","given":"Ricardo","family":"Alexino","sequence":"additional","affiliation":[{"name":"Escola de Comunica\u00e7\u00f5es e Artes, Universidade de S\u00e3o Paulo Escola de Comunica\u00e7\u00f5es e Artes, Universidade de S\u00e3o Paulo, S\u00e3o Paulo, Brazil"},{"name":"CIAC \u2013 Centro de Investiga\u00e7\u00e3o em Artes e Comunica\u00e7\u00e3o, Faro, Portugal"}]}],"member":"320","published-online":{"date-parts":[[2026,4,13]]},"reference":[{"key":"e_1_3_3_1_1_2","doi-asserted-by":"publisher","DOI":"10.1145\/3610540.3627003"},{"key":"e_1_3_3_1_2_2","doi-asserted-by":"publisher","unstructured":"V\u00edtor de Sousa. 2021. Identidades transnacionais e transculturais. P\u00f3s-colonialidade lusofonias e interculturalidade. O caso do Museu Virtual da Lusofonia.\u00a0Chasqui. Revista Latinoamericana de Comunicaci\u00f3n 147 185\u2013202. 10.16921\/chasqui.v1i147.4450","DOI":"10.16921\/chasqui.v1i147.4450"},{"key":"e_1_3_3_1_3_2","volume-title":"Declara\u00e7\u00e3o Universal sobre a Diversidade Cultural","author":"UNESCO.","year":"2001","unstructured":"UNESCO. 2002. Declara\u00e7\u00e3o Universal sobre a Diversidade Cultural. Paris: Organiza\u00e7\u00e3o das Na\u00e7\u00f5es Unidas para a Educa\u00e7\u00e3o, a Ci\u00eancia e a Cultura. Dispon\u00edvel em: https:\/\/www.oas.org\/dil\/port\/2001%20Declara%C3%A7%C3%A3o%20Universal%20sobre%20a%20Diversidade%20Cultural%20da%20UNESCO.pdf"},{"key":"e_1_3_3_1_4_2","volume-title":"cultura e identidade: conceitos intr\u00ednsecos e interdependentes.\u00a0EntreLetras\u00a04, 1 (Jul","author":"Coelho\u00a0and\u00a0Diana Pereira Lidiane Pereira","year":"2013","unstructured":"Lidiane Pereira Coelho\u00a0and\u00a0Diana Pereira Coelho de Mesquita. 2014. L\u00edngua, cultura e identidade: conceitos intr\u00ednsecos e interdependentes.\u00a0EntreLetras\u00a04, 1 (Jul. 2013), 24\u201334.\u00a0https:\/\/periodicos.ufnt.edu.br\/index.php\/entreletras\/article\/view\/975"},{"key":"e_1_3_3_1_5_2","volume-title":"Mois\u00e9s de Lemos Martins, and Rosa Cabecinhas","author":"Macedo Lurdes","year":"2011","unstructured":"Lurdes Macedo, Mois\u00e9s de Lemos Martins, and Rosa Cabecinhas. 2011. Blogando a lusofonia: experi\u00eancias em tr\u00eas pa\u00edses de l\u00edngua oficial portuguesa. In Anu\u00e1rio Internacional de Comunica\u00e7\u00e3o Lus\u00f3fona 2011. Lusocom, 121\u2013141."},{"key":"e_1_3_3_1_6_2","unstructured":"Lionel Ven\u00e2ncio. 2013. Lusofonia e c\u00e2none lus\u00f3fono: da controv\u00e9rsia dos conceitos \u00e0 manifesta\u00e7\u00e3o de duas escritas a partir da margem. In Fernando Crist\u00f3v\u00e3o (Org.) Ensaios Lus\u00f3fonos. Almedina Coimbra Portugal."},{"key":"e_1_3_3_1_7_2","doi-asserted-by":"publisher","DOI":"10.17231\/comsoc.34(2018).2928"},{"key":"e_1_3_3_1_8_2","unstructured":"Mois\u00e9s de Lemos Martins (Coord.). 2015. Lusofonia e interculturalidade: promessa e travessia. H\u00famus Famalic\u00e3o Portugal."},{"key":"e_1_3_3_1_9_2","volume-title":"Calsa Geiva Carolina, and Lucil\u00e9ia de Souza Moreli","author":"Galv\u00e3o Alves Carla Juliana","year":"2015","unstructured":"Carla Juliana Galv\u00e3o Alves, Calsa Geiva Carolina, and Lucil\u00e9ia de Souza Moreli. 2015. Narrativas biogr\u00e1ficas: a forma\u00e7\u00e3o docente do ponto de vista do aprendente. Constru\u00e7\u00e3o Psicomotora 23, 24, pp-77-89, S\u00e3o Paulo, Instituto Sedes Sapientiae, ISSN 1415-6954 (2015)."},{"key":"e_1_3_3_1_10_2","unstructured":"Elsa Lechner. 2009. Hist\u00f3rias de vida: olhares interdisciplinares. Edi\u00e7\u00f5es Afrontamento Porto Portugal."},{"key":"e_1_3_3_1_11_2","unstructured":"Boaventura de Sousa Santos and Maria Paula Meneses (Eds.). 2009. Epistemologias do Sul. Almedina Coimbra Portugal."},{"key":"e_1_3_3_1_12_2","volume-title":"5th European Conference on African Studies (ECAS","author":"Fantasia Ana","year":"2014","unstructured":"Ana Fantasia and Pedro Pereira Leite. 2014. As narrativas biogr\u00e1ficas e as metodologias de investiga\u00e7\u00e3o-a\u00e7\u00e3o sobre a mem\u00f3ria e o esquecimento. In 5th European Conference on African Studies (ECAS 2013). Centro de Estudos Internacionais do Instituto Universit\u00e1rio de Lisboa, Lisbon, Portugal."},{"key":"e_1_3_3_1_13_2","volume-title":"Mem\u00f3ria e Sociedade: Lembran\u00e7as de Velhos","author":"Bosi Ecl\u00e9a","unstructured":"Ecl\u00e9a Bosi. 2007. Mem\u00f3ria e Sociedade: Lembran\u00e7as de Velhos (14th ed.). Companhia das Letras, S\u00e3o Paulo, Brazil.","edition":"14"},{"key":"e_1_3_3_1_14_2","volume-title":"P\u00e1ginas ampliadas: o livro-reportagem como extens\u00e3o do jornalismo e da literatura","author":"Lima Edvaldo Pereira","unstructured":"Edvaldo Pereira Lima. 2004. P\u00e1ginas ampliadas: o livro-reportagem como extens\u00e3o do jornalismo e da literatura (3rd ed.). Manole, Barueri, Brazil.","edition":"3"},{"key":"e_1_3_3_1_15_2","doi-asserted-by":"publisher","DOI":"10.1017\/CBO9780511996306"},{"key":"e_1_3_3_1_16_2","volume-title":"Convergence Culture: Where Old and New Media Collide","author":"Jenkins Henry","year":"2006","unstructured":"Henry Jenkins. 2006. Convergence Culture: Where Old and New Media Collide. New York University Press, New York, NY, USA."},{"key":"e_1_3_3_1_17_2","unstructured":"Charles Taylor. 1998. Les sources du moi: la formation de l'identit\u00e9 moderne. Bor\u00e9al."},{"key":"e_1_3_3_1_18_2","volume-title":"Culture and Public Action","author":"Appadurai Arjun","unstructured":"Arjun Appadurai. 2004. The Capacity to Aspire: Culture and the Terms of Recognition. In Vijayendra Rao and Michael Walton (Eds.), Culture and Public Action. Stanford University Press, Stanford, CA, USA, 59\u201384."},{"key":"e_1_3_3_1_19_2","volume-title":"Education for Sustainable Development Goals: Learning Objectives","author":"UNESCO.","unstructured":"UNESCO. 2017. Education for Sustainable Development Goals: Learning Objectives. UNESCO, Paris, France. https:\/\/unesdoc.unesco.org\/ark:\/48223\/pf0000247444"},{"key":"e_1_3_3_1_20_2","volume-title":"Trans","author":"Bergson Henri","unstructured":"Henri Bergson. 2010. Mat\u00e9ria e mem\u00f3ria: ensaio sobre a rela\u00e7\u00e3o do corpo com o esp\u00edrito (Paulo Neves, Trans., 4th ed.). WMF Martins Fontes, S\u00e3o Paulo, Brazil.","edition":"4"},{"key":"e_1_3_3_1_21_2","unstructured":"Edvaldo Pereira Lima. 2021. Jornalismo para um novo tempo: o legado da teoria geral dos sistemas. Casa Flutuante."},{"key":"e_1_3_3_1_22_2","doi-asserted-by":"publisher","DOI":"10.60543\/rlec.2017.467"},{"key":"e_1_3_3_1_23_2","volume-title":"Handbook of Personality: Theory and Research","author":"McAdams Dan P.","unstructured":"Dan P. McAdams. 2008. Personal narratives and the life story. In Oliver P. John, Richard W. Robins, and Lawrence A. Pervin (Eds.), Handbook of Personality: Theory and Research (3rd ed.). Guilford Press, New York, NY, USA, 242\u2013262.","edition":"3"},{"key":"e_1_3_3_1_24_2","doi-asserted-by":"publisher","DOI":"10.4324\/9780203102329"},{"key":"e_1_3_3_1_25_2","doi-asserted-by":"publisher","DOI":"10.1504\/IJTCS.2017.084407"}],"event":{"name":"ARTECH 2025: 12th International Conference on Digital and Interactive Arts: Media Art Cultures, Communities & Territories","location":"Braga Portugal","acronym":"ARTECH 2025"},"container-title":["Proceedings of the 2025 12th International Conference on Digital and Interactive Arts: Media Art Cultures, Communities &amp; Territories"],"original-title":[],"link":[{"URL":"https:\/\/dl.acm.org\/doi\/pdf\/10.1145\/3773699.3773720","content-type":"unspecified","content-version":"vor","intended-application":"similarity-checking"}],"deposited":{"date-parts":[[2026,4,15]],"date-time":"2026-04-15T09:01:17Z","timestamp":1776243677000},"score":1,"resource":{"primary":{"URL":"https:\/\/dl.acm.org\/doi\/10.1145\/3773699.3773720"}},"subtitle":[],"short-title":[],"issued":{"date-parts":[[2025,11,26]]},"references-count":25,"alternative-id":["10.1145\/3773699.3773720","10.1145\/3773699"],"URL":"https:\/\/doi.org\/10.1145\/3773699.3773720","relation":{},"subject":[],"published":{"date-parts":[[2025,11,26]]},"assertion":[{"value":"2026-04-13","order":3,"name":"published","label":"Published","group":{"name":"publication_history","label":"Publication History"}}]}}