{"status":"ok","message-type":"work","message-version":"1.0.0","message":{"indexed":{"date-parts":[[2026,4,15]],"date-time":"2026-04-15T10:05:34Z","timestamp":1776247534945,"version":"3.50.1"},"publisher-location":"New York, NY, USA","reference-count":7,"publisher":"ACM","funder":[{"name":"FCT - Funda\u00e7\u00e3o para a Ci\u00eancia e a Tecnologia","award":["CEECINST\/00070\/2021\/CP1778\/CT00013"],"award-info":[{"award-number":["CEECINST\/00070\/2021\/CP1778\/CT00013"]}]}],"content-domain":{"domain":["dl.acm.org"],"crossmark-restriction":true},"short-container-title":[],"published-print":{"date-parts":[[2025,11,26]]},"DOI":"10.1145\/3773699.3774347","type":"proceedings-article","created":{"date-parts":[[2026,4,14]],"date-time":"2026-04-14T05:05:31Z","timestamp":1776143131000},"page":"1-3","update-policy":"https:\/\/doi.org\/10.1145\/crossmark-policy","source":"Crossref","is-referenced-by-count":0,"title":["Desabafo"],"prefix":"10.1145","author":[{"ORCID":"https:\/\/orcid.org\/0000-0002-2890-201X","authenticated-orcid":false,"given":"Lorena","family":"Ferreira Alves","sequence":"first","affiliation":[{"name":"CITAR - Research Center for Science and Technology of the Arts, Porto, Portugal"}]}],"member":"320","published-online":{"date-parts":[[2026,4,13]]},"reference":[{"key":"e_1_3_3_1_1_2","volume-title":"UMass Citation Field Extraction Dataset. Retrieved","author":"Bauman Zygmunt","year":"2014","unstructured":"Zygmunt Bauman and David Lyon. 2014. Vigil\u00e2ncia l\u00edquida: Di\u00e1logos com David Lyon. Zahar, Rio de Janeiro Sam Anzaroot and Andrew McCallum. 2013. UMass Citation Field Extraction Dataset. Retrieved May 27, 2019 from http:\/\/www.iesl.cs.umass.edu\/data\/data-umasscitationfield"},{"key":"e_1_3_3_1_2_2","doi-asserted-by":"publisher","DOI":"10.1057\/jit.2015.5"},{"key":"e_1_3_3_1_3_2","doi-asserted-by":"publisher","DOI":"10.15448\/1980-3729.2019.3.33095"},{"key":"e_1_3_3_1_4_2","doi-asserted-by":"publisher","DOI":"10.1080\/20551940.2023.2286769"},{"key":"e_1_3_3_1_5_2","unstructured":"Denise H. L. Garcia. 1998. Modelos Perceptivos na M\u00fasica Eletroac\u00fastica. Ph.D. Dissertation. Graduate Program in Communication and Semiotics Pontifical Catholic University of S\u00e3o Paulo S\u00e3o Paulo Brazil."},{"key":"e_1_3_3_1_6_2","doi-asserted-by":"publisher","DOI":"10.5281\/zenodo.14727211"},{"key":"e_1_3_3_1_7_2","doi-asserted-by":"publisher","DOI":"10.11606\/T.27.2014.tde-30102014-153449"}],"event":{"name":"ARTECH 2025: 12th International Conference on Digital and Interactive Arts: Media Art Cultures, Communities & Territories","location":"Braga Portugal","acronym":"ARTECH 2025"},"container-title":["Proceedings of the 2025 12th International Conference on Digital and Interactive Arts: Media Art Cultures, Communities &amp; Territories"],"original-title":[],"link":[{"URL":"https:\/\/dl.acm.org\/doi\/pdf\/10.1145\/3773699.3774347","content-type":"unspecified","content-version":"vor","intended-application":"similarity-checking"}],"deposited":{"date-parts":[[2026,4,15]],"date-time":"2026-04-15T09:06:57Z","timestamp":1776244017000},"score":1,"resource":{"primary":{"URL":"https:\/\/dl.acm.org\/doi\/10.1145\/3773699.3774347"}},"subtitle":[],"short-title":[],"issued":{"date-parts":[[2025,11,26]]},"references-count":7,"alternative-id":["10.1145\/3773699.3774347","10.1145\/3773699"],"URL":"https:\/\/doi.org\/10.1145\/3773699.3774347","relation":{},"subject":[],"published":{"date-parts":[[2025,11,26]]},"assertion":[{"value":"2026-04-13","order":3,"name":"published","label":"Published","group":{"name":"publication_history","label":"Publication History"}}]}}