{"status":"ok","message-type":"work","message-version":"1.0.0","message":{"indexed":{"date-parts":[[2026,4,15]],"date-time":"2026-04-15T10:04:39Z","timestamp":1776247479203,"version":"3.50.1"},"publisher-location":"New York, NY, USA","reference-count":10,"publisher":"ACM","content-domain":{"domain":["dl.acm.org"],"crossmark-restriction":true},"short-container-title":[],"published-print":{"date-parts":[[2025,11,26]]},"DOI":"10.1145\/3773699.3774360","type":"proceedings-article","created":{"date-parts":[[2026,4,14]],"date-time":"2026-04-14T05:05:31Z","timestamp":1776143131000},"page":"1-4","update-policy":"https:\/\/doi.org\/10.1145\/crossmark-policy","source":"Crossref","is-referenced-by-count":0,"title":["Memory, montage, and counter-narratives"],"prefix":"10.1145","author":[{"ORCID":"https:\/\/orcid.org\/0009-0006-5958-9069","authenticated-orcid":false,"given":"Maria","family":"Cristina Cavalcanti","sequence":"first","affiliation":[{"name":"Universidade do Algarve, Departamento de Ci\u00eancias e Tecnologia, Faro, Faro, Portugal"}]}],"member":"320","published-online":{"date-parts":[[2026,4,13]]},"reference":[{"key":"e_1_3_3_2_1_2","first-page":"4","article-title":"Quando as imagens tocam o real. P\u00d3S Rev. Programa P\u00f3s-grad","volume":"2","author":"Didi-Huberman Georges","year":"2012","unstructured":"Georges Didi-Huberman. 2012. Quando as imagens tocam o real. P\u00d3S Rev. Programa P\u00f3s-grad. Em Artes EBAUFMG 2, 4 (November 2012), 206\u2013219. Retrieved from https:\/\/periodicos.ufmg.br\/index.php\/revistapos","journal-title":"Em Artes EBAUFMG"},{"key":"e_1_3_3_2_2_2","first-page":"315","article-title":"Arte, mem\u00f3ria e arquivo em contextos extremos: do AI-5 aos anos 2000. P\u00f3s Rev. Programa P\u00f3s-grad","volume":"11","author":"Arantes Priscila","year":"2021","unstructured":"Priscila Arantes. 2021. Arte, mem\u00f3ria e arquivo em contextos extremos: do AI-5 aos anos 2000. P\u00f3s Rev. Programa P\u00f3s-grad. Em Artes EBAUFMG 11, 22 (2021), 315\u2013321. Retrieved from https:\/\/periodicos.ufmg.br\/index.php\/revistapos\/article\/view\/23175","journal-title":"Em Artes EBAUFMG"},{"key":"e_1_3_3_2_3_2","unstructured":"Walter Benjamin. 1984. Origem do drama barroco alem\u00e3o. Brasiliense S\u00e3o Paulo Brasil."},{"key":"e_1_3_3_2_4_2","unstructured":"Georges Didi-Huberman. 2016. Remontar remontagem (do tempo). Ch\u00e3o da Feira 7. Retrieved from https:\/\/chaodafeira.com\/catalogo\/caderno-n-47-remontar-remontagem-do-tempo"},{"key":"e_1_3_3_2_5_2","volume-title":"Quand les images prennent position","author":"Didi-Huberman Georges","year":"2025","unstructured":"Georges Didi-Huberman. 2009. Quand les images prennent position. Paris: Minuit. Retrieved October 27, 2025 from http:\/\/archive.org\/details\/quandlesimagespr0000didi"},{"key":"e_1_3_3_2_6_2","doi-asserted-by":"publisher","DOI":"10.34176\/icone.v16i2.238041"},{"key":"e_1_3_3_2_7_2","volume-title":"Atlas ou o gaio saber inquieto. Editor","author":"Didi-Huberman Georges","unstructured":"Georges Didi-Huberman. 2018. Atlas ou o gaio saber inquieto. Editora UFMG."},{"key":"e_1_3_3_2_8_2","unstructured":"Yuri Ara\u00fajo Mello. 2022. Pol\u00edtica pendular de mem\u00f3ria sobre a ditadura civil-militar brasileira: da produ\u00e7\u00e3o pela Comiss\u00e3o Nacional da Verdade \u00e0 recep\u00e7\u00e3o memorial\u00edstica. Doutorado. Faculdade de Ci\u00eancias e Letras \u2013 Unesp\/Araraquara. Araraquara-S\u00e3o Paulo."},{"key":"e_1_3_3_2_9_2","volume-title":"APESP - Arquivo P\u00fablico do Estado de S\u00e3o Paulo. arquivodoestado.sp.gov. Retrieved","year":"2025","unstructured":"s.d. APESP - Arquivo P\u00fablico do Estado de S\u00e3o Paulo. arquivodoestado.sp.gov. Retrieved October 13, 2025 from https:\/\/www.arquivoestado.sp.gov.br\/web\/acervo\/mais_consultados\/deops"},{"key":"e_1_3_3_2_10_2","volume-title":"\u00c1udios do Superior Tribunal Militar provam tortura na ditadura. O Globo. Retrieved","author":"Leit\u00e3o M\u00edriam","year":"2024","unstructured":"M\u00edriam Leit\u00e3o. 2022. \u00c1udios do Superior Tribunal Militar provam tortura na ditadura. O Globo. Retrieved July 6, 2024 from https:\/\/blogs.oglobo.globo.com\/miriam-leitao\/post\/audios-do-superior-tribunal-militar-provam-tortura-na-ditadura.html"}],"event":{"name":"ARTECH 2025: 12th International Conference on Digital and Interactive Arts: Media Art Cultures, Communities & Territories","location":"Braga Portugal","acronym":"ARTECH 2025"},"container-title":["Proceedings of the 2025 12th International Conference on Digital and Interactive Arts: Media Art Cultures, Communities &amp; Territories"],"original-title":[],"link":[{"URL":"https:\/\/dl.acm.org\/doi\/pdf\/10.1145\/3773699.3774360","content-type":"unspecified","content-version":"vor","intended-application":"similarity-checking"}],"deposited":{"date-parts":[[2026,4,15]],"date-time":"2026-04-15T09:04:51Z","timestamp":1776243891000},"score":1,"resource":{"primary":{"URL":"https:\/\/dl.acm.org\/doi\/10.1145\/3773699.3774360"}},"subtitle":["A digital media installation"],"short-title":[],"issued":{"date-parts":[[2025,11,26]]},"references-count":10,"alternative-id":["10.1145\/3773699.3774360","10.1145\/3773699"],"URL":"https:\/\/doi.org\/10.1145\/3773699.3774360","relation":{},"subject":[],"published":{"date-parts":[[2025,11,26]]},"assertion":[{"value":"2026-04-13","order":3,"name":"published","label":"Published","group":{"name":"publication_history","label":"Publication History"}}]}}