{"status":"ok","message-type":"work","message-version":"1.0.0","message":{"indexed":{"date-parts":[[2026,4,15]],"date-time":"2026-04-15T10:04:50Z","timestamp":1776247490704,"version":"3.50.1"},"publisher-location":"New York, NY, USA","reference-count":14,"publisher":"ACM","funder":[{"name":"European Union\u2019s Horizon Europe research and innovation programme","award":["101061163"],"award-info":[{"award-number":["101061163"]}]}],"content-domain":{"domain":["dl.acm.org"],"crossmark-restriction":true},"short-container-title":[],"published-print":{"date-parts":[[2025,11,26]]},"DOI":"10.1145\/3773699.3774364","type":"proceedings-article","created":{"date-parts":[[2026,4,14]],"date-time":"2026-04-14T05:05:31Z","timestamp":1776143131000},"page":"1-5","update-policy":"https:\/\/doi.org\/10.1145\/crossmark-policy","source":"Crossref","is-referenced-by-count":0,"title":["The Loop \u2014 A 360-degree immersive and interactive stage for collective space-time experiences"],"prefix":"10.1145","author":[{"ORCID":"https:\/\/orcid.org\/0009-0008-3892-9313","authenticated-orcid":false,"given":"B\u00e9atrice","family":"Albert","sequence":"first","affiliation":[{"name":"Universit\u00e9 Paris-Saclay, CNRS, AgroParisTech, IDEEV, ESE; La m\u00e9tonymie, Le sas, Orsay, France"}]},{"ORCID":"https:\/\/orcid.org\/0000-0002-2327-2215","authenticated-orcid":false,"given":"Emmanuelle","family":"Frenoux","sequence":"additional","affiliation":[{"name":"Universit\u00e9 Paris-Saclay, CNRS, Laboratoire Interdisciplinaire des Sciences du Num\u00e9rique (LISN), Orsay, France"}]},{"ORCID":"https:\/\/orcid.org\/0009-0008-6393-3955","authenticated-orcid":false,"given":"Ga\u00eble","family":"Misiak","sequence":"additional","affiliation":[{"name":"Cervval, Plouzan\u00e9, France"}]},{"ORCID":"https:\/\/orcid.org\/0000-0002-3077-6024","authenticated-orcid":false,"given":"G\u00e9rard","family":"Kubryk","sequence":"additional","affiliation":[{"name":"Universit\u00e9 Paris-Saclay, CEA, CNRS, Inserm, Biomaps; Forum des images; La m\u00e9tonymie, Le sas, Orsay; Paris; Orsay, France"}]},{"ORCID":"https:\/\/orcid.org\/0009-0007-7075-5678","authenticated-orcid":false,"given":"Guillaume","family":"Junot","sequence":"additional","affiliation":[{"name":"La m\u00e9tonymie, Le sas, Orsay, France"}]},{"ORCID":"https:\/\/orcid.org\/0009-0009-1479-8416","authenticated-orcid":false,"given":"Izabela","family":"Faguet","sequence":"additional","affiliation":[{"name":"Universit\u00e9 Paris-Saclay, CentraleSup\u00e9lec; La m\u00e9tonymie, Le sas, Orsay, France"}]},{"ORCID":"https:\/\/orcid.org\/0009-0009-5361-0316","authenticated-orcid":false,"given":"Matthieu","family":"Courgeon","sequence":"additional","affiliation":[{"name":"Cervval, Plouzan\u00e9, France"}]},{"ORCID":"https:\/\/orcid.org\/0000-0002-7152-4640","authenticated-orcid":false,"given":"Mich\u00e8le","family":"Gouiff\u00e8s","sequence":"additional","affiliation":[{"name":"Universit\u00e9 Paris-Saclay, CNRS, Laboratoire Interdisciplinaire des Sciences du Num\u00e9rique (LISN), Orsay, France"}]},{"ORCID":"https:\/\/orcid.org\/0009-0006-0616-2213","authenticated-orcid":false,"given":"Nicola","family":"Lor\u00e8","sequence":"additional","affiliation":[{"name":"Universit\u00e9 Paris-Saclay, CEA, CNRS, Inserm, Biomaps; La m\u00e9tonymie, Le sas, Orsay, France"}]},{"ORCID":"https:\/\/orcid.org\/0009-0002-7410-2993","authenticated-orcid":false,"given":"Sami","family":"Korhonen","sequence":"additional","affiliation":[{"name":"La m\u00e9tonymie, Le sas, Orsay, France"}]},{"ORCID":"https:\/\/orcid.org\/0009-0005-3957-4225","authenticated-orcid":false,"given":"Simon","family":"Junot","sequence":"additional","affiliation":[{"name":"La m\u00e9tonymie, Le sas, Orsay, France"}]},{"ORCID":"https:\/\/orcid.org\/0000-0001-8546-0257","authenticated-orcid":false,"given":"Tim","family":"Schneider","sequence":"additional","affiliation":[{"name":"Universit\u00e9 Paris-Saclay, CNRS, Laboratoire Interdisciplinaire des Sciences du Num\u00e9rique (LISN); La m\u00e9tonymie, Le sas, Orsay, France"}]},{"ORCID":"https:\/\/orcid.org\/0009-0009-1252-9319","authenticated-orcid":false,"given":"Vincent","family":"Hulot","sequence":"additional","affiliation":[{"name":"La m\u00e9tonymie, Le sas, Orsay, France"}]},{"ORCID":"https:\/\/orcid.org\/0000-0003-2796-4208","authenticated-orcid":false,"given":"Xavier","family":"Ma\u00eetre","sequence":"additional","affiliation":[{"name":"Universit\u00e9 Paris-Saclay, CEA, CNRS, Inserm, Biomaps; La m\u00e9tonymie, Le sas, Orsay, France"}]}],"member":"320","published-online":{"date-parts":[[2026,4,13]]},"reference":[{"key":"e_1_3_3_1_2_2","unstructured":"Anseau Delasalle St\u00e9phanie Sphyras Beno\u00eet Nguyen\u00a0Tat Ikse Ma\u00eetre Matthieu Courgeon Ga\u00eble Misiak Daniel Yvinec and C\u00e9dric Genachte-Le\u00a0Bail. 2023. Memory Box. Presented in L\u2019Exp\u00e9rience Monroe 27 May\u201325 June 2023 Forum des images Paris France. Available at https:\/\/newimages-hub.com\/lexperience-monroe\/. Accessed 2025-06-30."},{"key":"e_1_3_3_1_3_2","unstructured":"Soci\u00e9t\u00e9 des\u00a0arts technologiques. 2025. Exp\u00e9riences \u00e0 vivre \u00e0 la SAT \u2014 Montr\u00e9al. https:\/\/sat.qc.ca\/. [Accessed 30-06-2025]."},{"key":"e_1_3_3_1_4_2","unstructured":"Atelier des Lumi\u00e8res. 2025. Atelier des Lumi\u00e8res | Digital & immersive art center in Paris. https:\/\/www.atelier-lumieres.com\/en. Accessed 2025-06-30."},{"key":"e_1_3_3_1_5_2","unstructured":"Vincent Dupont. 2013. No reality now. https:\/\/vincentdupont.org\/portfolios\/no-reality-now\/. [Accessed 30-06-2025]."},{"key":"e_1_3_3_1_6_2","doi-asserted-by":"publisher","unstructured":"Simone Grassini Karin Laumann and Ann\u00a0Kristin Luzi. 2021. Association of Individual Factors with Simulator Sickness and Sense of Presence in Virtual Reality Mediated by Head-Mounted Displays (HMDs). Multimodal Technologies and Interaction 5 3 (2021). 10.3390\/mti5030007","DOI":"10.3390\/mti5030007"},{"key":"e_1_3_3_1_7_2","unstructured":"Monaco Info. 2025. Immersion \u2014 l\u2019exposition \u00e9v\u00e9nement. https:\/\/monacoinfo.com\/video\/immersion-lexposition-evenement\/. [Accessed 30-06-2025]."},{"key":"e_1_3_3_1_8_2","unstructured":"Pierre Jodlowski. 2010. GrainStick - 2.0. https:\/\/brahms.ircam.fr\/fr\/work\/grainstick-2.0. [Accessed 30-06-2025]."},{"key":"e_1_3_3_1_9_2","doi-asserted-by":"publisher","DOI":"10.1007\/978-3-030-31908-3_13"},{"key":"e_1_3_3_1_10_2","unstructured":"Blanca Li. 2025. Le bal de Paris. https:\/\/www.blancali.com\/spectacle\/le-bal-de-paris-de-blanca-li\/. [Accessed 01-05-2025]."},{"key":"e_1_3_3_1_11_2","unstructured":"Ikse Ma\u00eetre Matthieu Courgeon Michel Bertier Jean-Marc Bonnet-Bidaut Herv\u00e9 Dole Andr\u00e9 F\u00fcfza and Roland Lehoucq. 2015. Vois moi \u00e0 travers toi. Presented in L\u2019Odyss\u00e9e de la lumi\u00e8re 17 March-1 November 2015 at Cit\u00e9 des Sciences et de l\u2019Industrie Paris France. www.e-sas.org\/see-me-through-you. [Accessed 30-06-2025]."},{"key":"e_1_3_3_1_12_2","unstructured":"Ikse Ma\u00eetre Vincent Hulot and Matthieu Courgeon. 2018. Ariadne\u2019s Fibres. Permanent art work since 2018 at Forum des images Paris France. www.e-sas.org\/ariadne-s-fibres. [Accessed 30-06-2025]."},{"key":"e_1_3_3_1_13_2","unstructured":"Ikse Ma\u00eetre Tim Schneider Matthieu Courgeon Vincent Hulot Fr\u00e9d\u00e9ric Auch\u00e8re Fr\u00e9d\u00e9ric Baudin \u00c9ric Buchlin and David Poirier-Quinot. 2024. Ariadne\u2019s Fibres. Presented in Nuit Blanche 2024 at museum of Arts and Crafs Paris France. https:\/\/www.arts-et-metiers.net\/musee\/nuit-blanche-2024. [Accessed 30-06-2025]."},{"key":"e_1_3_3_1_14_2","doi-asserted-by":"publisher","unstructured":"Alison\u00a0Jane Martingano Ja-Nae Duane Ellenor Brown and Susan Persky. 2023. Demographic differences in presence across seven studies. Virtual Real. 27 3 (May 2023) 2297\u20132313. 10.1007\/s10055-023-00805-z","DOI":"10.1007\/s10055-023-00805-z"},{"key":"e_1_3_3_1_15_2","doi-asserted-by":"publisher","DOI":"10.1007\/978-3-032-03805-0_15"}],"event":{"name":"ARTECH 2025: 12th International Conference on Digital and Interactive Arts: Media Art Cultures, Communities & Territories","location":"Braga Portugal","acronym":"ARTECH 2025"},"container-title":["Proceedings of the 2025 12th International Conference on Digital and Interactive Arts: Media Art Cultures, Communities &amp; Territories"],"original-title":[],"link":[{"URL":"https:\/\/dl.acm.org\/doi\/pdf\/10.1145\/3773699.3774364","content-type":"unspecified","content-version":"vor","intended-application":"similarity-checking"}],"deposited":{"date-parts":[[2026,4,15]],"date-time":"2026-04-15T09:05:15Z","timestamp":1776243915000},"score":1,"resource":{"primary":{"URL":"https:\/\/dl.acm.org\/doi\/10.1145\/3773699.3774364"}},"subtitle":[],"short-title":[],"issued":{"date-parts":[[2025,11,26]]},"references-count":14,"alternative-id":["10.1145\/3773699.3774364","10.1145\/3773699"],"URL":"https:\/\/doi.org\/10.1145\/3773699.3774364","relation":{},"subject":[],"published":{"date-parts":[[2025,11,26]]},"assertion":[{"value":"2026-04-13","order":3,"name":"published","label":"Published","group":{"name":"publication_history","label":"Publication History"}}]}}