{"status":"ok","message-type":"work","message-version":"1.0.0","message":{"indexed":{"date-parts":[[2026,4,15]],"date-time":"2026-04-15T10:04:42Z","timestamp":1776247482878,"version":"3.50.1"},"publisher-location":"New York, NY, USA","reference-count":25,"publisher":"ACM","content-domain":{"domain":["dl.acm.org"],"crossmark-restriction":true},"short-container-title":[],"published-print":{"date-parts":[[2025,11,26]]},"DOI":"10.1145\/3773699.3774366","type":"proceedings-article","created":{"date-parts":[[2026,4,14]],"date-time":"2026-04-14T05:05:31Z","timestamp":1776143131000},"page":"1-9","update-policy":"https:\/\/doi.org\/10.1145\/crossmark-policy","source":"Crossref","is-referenced-by-count":0,"title":["Inclusive Soundscapes: systems for an accessible performance"],"prefix":"10.1145","author":[{"ORCID":"https:\/\/orcid.org\/0000-0001-6609-5880","authenticated-orcid":false,"given":"Rui","family":"Travasso","sequence":"first","affiliation":[{"name":"Polytechnic Institute of Beja, Beja, Portugal"},{"name":"CIEQV -The Life Quality Research Center, Beja, Portugal"}]},{"ORCID":"https:\/\/orcid.org\/0000-0002-0206-8346","authenticated-orcid":false,"given":"Andr\u00e9","family":"Conde","sequence":"additional","affiliation":[{"name":"University of \u00c9vora | CHAIA, \u00c9vora, Portugal"}]},{"ORCID":"https:\/\/orcid.org\/0000-0001-9812-6709","authenticated-orcid":false,"given":"Marco","family":"Miranda","sequence":"additional","affiliation":[{"name":"Department of Physics, Instituto Superior T\u00e9cnico, University of Lisbon, Lisbon, Portugal"}]}],"member":"320","published-online":{"date-parts":[[2026,4,13]]},"reference":[{"key":"e_1_3_3_2_1_2","doi-asserted-by":"publisher","DOI":"10.1177\/016264340602100204"},{"key":"e_1_3_3_2_2_2","doi-asserted-by":"publisher","DOI":"10.2307\/248684"},{"key":"e_1_3_3_2_3_2","doi-asserted-by":"publisher","DOI":"10.12968\/prtu.2014.1.32.57b"},{"key":"e_1_3_3_2_4_2","doi-asserted-by":"publisher","DOI":"10.1007\/978-3-642-00437-7_1"},{"key":"e_1_3_3_2_5_2","volume-title":"Meeting SEN in the Curriculum: ART. David Fulton Publishers.","author":"Earle Kim","year":"2005","unstructured":"Kim Earle and Gill Curry. 2005. Meeting SEN in the Curriculum: ART. David Fulton Publishers."},{"key":"e_1_3_3_2_6_2","volume-title":"The Paramusical ensemble: A multi-user brain control platform for people with motor disabilities. Retrieved","author":"Eaton Joel","year":"2022","unstructured":"Joel Eaton. 2022. The Paramusical ensemble: A multi-user brain control platform for people with motor disabilities. Retrieved October 4, 2022 from https:\/\/joeleaton.co.uk\/project\/activating-memory\/"},{"key":"e_1_3_3_2_7_2","doi-asserted-by":"publisher","unstructured":"Joel Eaton and Eduardo Reck Miranda. 2014. On Mapping EEG Information into Music. In Guid. to Brain-Computer Music Interfacing. 221\u2013254. 10.1007\/978-1-4471-6584-2_10","DOI":"10.1007\/978-1-4471-6584-2_10"},{"key":"e_1_3_3_2_8_2","volume-title":"Retrieved","year":"2025","unstructured":"Fir. 2025. FIR: Funda\u00e7\u00e3o Irene Rolo. Retrieved June 29, 2025 from https:\/\/www.fir.pt\/"},{"key":"e_1_3_3_2_9_2","unstructured":"Carey Jewitt (Ed.). 2014. The Routledge Handbook of Multimodal Analysis (2nd ed.). Routledge Taylor & Francis Group."},{"key":"e_1_3_3_2_10_2","article-title":"Including students with developmental disabilities in general education classrooms: Educational benefits","author":"Katz Jennifer","year":"2002","unstructured":"Jennifer Katz and P. Mirenda. 2002. Including students with developmental disabilities in general education classrooms: Educational benefits. International Journal of Special Education 7, (January 2002), 14\u201324.","journal-title":"International Journal of Special Education 7"},{"key":"e_1_3_3_2_11_2","doi-asserted-by":"publisher","DOI":"10.4324\/9780203619728"},{"key":"e_1_3_3_2_12_2","volume-title":"Retrieved","author":"Lind Anders","year":"2024","unstructured":"Anders Lind. Sounds Like Lind. Retrieved February 12, 2024 from http:\/\/www.soundslikelind.se\/"},{"key":"e_1_3_3_2_13_2","doi-asserted-by":"publisher","DOI":"10.1348\/000709906X156881"},{"key":"e_1_3_3_2_14_2","doi-asserted-by":"publisher","DOI":"10.22230\/cjc.2002v27n1a1280"},{"key":"e_1_3_3_2_15_2","unstructured":"Marshall Mcluhan. 2007. Os Meios De Comunica\u00e7ao Como Extens\u00f5es Do Homem. Cultrix."},{"key":"e_1_3_3_2_16_2","doi-asserted-by":"publisher","DOI":"10.1515\/IJDHD.2006.5.2.119"},{"key":"e_1_3_3_2_17_2","volume-title":"Guide to brain-computer music interfacing","author":"Reck Eduardo","unstructured":"Eduardo Reck. Miranda and Julien. Castet. 2014. Guide to brain-computer music interfacing. Springer."},{"key":"e_1_3_3_2_18_2","volume-title":"Inclusion: does it matter where pupils are taught? : provision and outcomes in different settings for pupils with learning difficulties and disabilities. HMI 2535","author":"Office for Standards in Education OFSTED (Corp","unstructured":"Office for Standards in Education OFSTED (Corporative creator). 2006. Inclusion: does it matter where pupils are taught? : provision and outcomes in different settings for pupils with learning difficulties and disabilities. HMI 2535; p. 27. https:\/\/dera.ioe.ac.uk\/id\/eprint\/6001"},{"key":"e_1_3_3_2_19_2","doi-asserted-by":"publisher","DOI":"10.1145\/319382.319398"},{"key":"e_1_3_3_2_20_2","first-page":"2","article-title":"Measuring Concerns about Integrated Education in India","volume":"5","author":"Sharma Umesh","year":"2002","unstructured":"Umesh Sharma and Ishwar Desai. 2002. Measuring Concerns about Integrated Education in India. Asia-Pasific J. Disabil. 5, 1 (2002), 2\u201314.","journal-title":"Asia-Pasific J. Disabil."},{"key":"e_1_3_3_2_21_2","doi-asserted-by":"publisher","DOI":"10.1109\/ARTeFACTo57448.2022.10061246"},{"key":"e_1_3_3_2_22_2","doi-asserted-by":"publisher","DOI":"10.34623\/bh3w-w556"},{"key":"e_1_3_3_2_23_2","volume-title":"The Salamanca statement and framework for action. Policy June","author":"UNESCO.","year":"1994","unstructured":"UNESCO. 1994. The Salamanca statement and framework for action. Policy June (1994), 50."},{"key":"e_1_3_3_2_24_2","volume-title":"Multimodal Discourse: Semiotics, power and protest","author":"Way Lyndon","year":"2018","unstructured":"Lyndon Way and Simon McKerrell (Eds.). 2018. Music as Multimodal Discourse: Semiotics, power and protest. Bloomsbury Academic."},{"key":"e_1_3_3_2_25_2","volume-title":"Case Study Research and Applications: Design and Methods","author":"Yin Robert K.","unstructured":"Robert K. Yin. 2018. Case Study Research and Applications: Design and Methods (6th ed.). SAGE Publications, Inc.","edition":"6"}],"event":{"name":"ARTECH 2025: 12th International Conference on Digital and Interactive Arts: Media Art Cultures, Communities & Territories","location":"Braga Portugal","acronym":"ARTECH 2025"},"container-title":["Proceedings of the 2025 12th International Conference on Digital and Interactive Arts: Media Art Cultures, Communities &amp; Territories"],"original-title":[],"link":[{"URL":"https:\/\/dl.acm.org\/doi\/pdf\/10.1145\/3773699.3774366","content-type":"unspecified","content-version":"vor","intended-application":"similarity-checking"}],"deposited":{"date-parts":[[2026,4,15]],"date-time":"2026-04-15T09:05:00Z","timestamp":1776243900000},"score":1,"resource":{"primary":{"URL":"https:\/\/dl.acm.org\/doi\/10.1145\/3773699.3774366"}},"subtitle":[],"short-title":[],"issued":{"date-parts":[[2025,11,26]]},"references-count":25,"alternative-id":["10.1145\/3773699.3774366","10.1145\/3773699"],"URL":"https:\/\/doi.org\/10.1145\/3773699.3774366","relation":{},"subject":[],"published":{"date-parts":[[2025,11,26]]},"assertion":[{"value":"2026-04-13","order":3,"name":"published","label":"Published","group":{"name":"publication_history","label":"Publication History"}}]}}