{"status":"ok","message-type":"work","message-version":"1.0.0","message":{"indexed":{"date-parts":[[2026,4,15]],"date-time":"2026-04-15T10:01:39Z","timestamp":1776247299672,"version":"3.50.1"},"publisher-location":"New York, NY, USA","reference-count":24,"publisher":"ACM","content-domain":{"domain":["dl.acm.org"],"crossmark-restriction":true},"short-container-title":[],"published-print":{"date-parts":[[2025,11,26]]},"DOI":"10.1145\/3773699.3774718","type":"proceedings-article","created":{"date-parts":[[2026,4,14]],"date-time":"2026-04-14T05:05:31Z","timestamp":1776143131000},"page":"1-7","update-policy":"https:\/\/doi.org\/10.1145\/crossmark-policy","source":"Crossref","is-referenced-by-count":0,"title":["SOCIAL RAFT \u2013 Effects of a Multisensory VR Journey Through the Perception of Social Isolation"],"prefix":"10.1145","author":[{"ORCID":"https:\/\/orcid.org\/0000-0002-3975-2395","authenticated-orcid":false,"given":"Paulo","family":"Veloso Gomes","sequence":"first","affiliation":[{"name":"LabRP\/CIR, ESS, Polytechnic of Porto, Porto, Portugal"}]},{"ORCID":"https:\/\/orcid.org\/0000-0002-8701-2113","authenticated-orcid":false,"given":"Jo\u00e3o","family":"Donga","sequence":"additional","affiliation":[{"name":"LabRP\/CIR, ESMAD, Polytechnic of Porto, Porto, Portugal"}]},{"ORCID":"https:\/\/orcid.org\/0000-0002-4982-4444","authenticated-orcid":false,"given":"V\u00edtor","family":"S\u00e1","sequence":"additional","affiliation":[{"name":"LabRP\/CIR, ESS, Centro ALGORITMI, Polytechnic of Porto, Porto, Portugal"}]},{"ORCID":"https:\/\/orcid.org\/0000-0002-2358-9124","authenticated-orcid":false,"given":"Henrique","family":"Curado","sequence":"additional","affiliation":[{"name":"LabRP\/CIR, ESS, Polytechnic of Porto, Porto, Portugal"}]},{"ORCID":"https:\/\/orcid.org\/0000-0002-8656-5023","authenticated-orcid":false,"given":"Ant\u00f3nio","family":"Marques","sequence":"additional","affiliation":[{"name":"LabRP\/CIR, ESS, Polytechnic of Porto, Porto, Portugal"}]},{"ORCID":"https:\/\/orcid.org\/0009-0000-2550-7201","authenticated-orcid":false,"given":"Gon\u00e7alo","family":"Oliveira","sequence":"additional","affiliation":[{"name":"LabRP\/CIR, ESS, Polytechnic of Porto, Porto, Portugal"}]},{"ORCID":"https:\/\/orcid.org\/0009-0005-0270-1235","authenticated-orcid":false,"given":"Sofia","family":"S\u00e1","sequence":"additional","affiliation":[{"name":"LabRP\/CIR, ESS, Polytechnic of Porto, Porto, Portugal"}]}],"member":"320","published-online":{"date-parts":[[2026,4,13]]},"reference":[{"key":"e_1_3_3_1_1_2","doi-asserted-by":"publisher","DOI":"10.1177\/14767503221118052"},{"key":"e_1_3_3_1_2_2","doi-asserted-by":"publisher","DOI":"10.1016\/j.chb.2020.106431"},{"key":"e_1_3_3_1_3_2","doi-asserted-by":"publisher","DOI":"10.1016\/j.chb.2020.106431"},{"key":"e_1_3_3_1_4_2","volume-title":"Altruism in Humans","author":"Batson Charles Daniel","unstructured":"Charles Daniel Batson. 2011. Altruism in Humans. Oxford University Press."},{"key":"e_1_3_3_1_5_2","volume-title":"Wasted Lives: Modernity and Its Outcasts","author":"Bauman Zygmunt","year":"2013","unstructured":"Zygmunt Bauman. 2013. Wasted Lives: Modernity and Its Outcasts. John Wiley & Sons."},{"key":"e_1_3_3_1_6_2","volume-title":"Against Empathy: The Case for Rational Compassion","author":"Bloom Paul","year":"2017","unstructured":"Paul Bloom. 2017. Against Empathy: The Case for Rational Compassion. Random House."},{"key":"e_1_3_3_1_7_2","doi-asserted-by":"publisher","DOI":"10.20471\/dec.2018.54.02.04"},{"key":"e_1_3_3_1_8_2","volume-title":"Language and Symbolic Power","author":"Bourdieu Pierre","unstructured":"Pierre Bourdieu. 1991. Language and Symbolic Power. Harvard University Press."},{"key":"e_1_3_3_1_9_2","unstructured":"Judith Butler. 2016. Frames of War: When Is Life Grievable? Verso Books."},{"key":"e_1_3_3_1_10_2","doi-asserted-by":"publisher","DOI":"10.1162\/LEON_a_01471"},{"key":"e_1_3_3_1_11_2","first-page":"44","article-title":"Testemunho e responsabilidade: \u00e9tica na produ\u00e7\u00e3o de narrativas pessoais","volume":"12","author":"Costa A. M.","year":"2021","unstructured":"A. M. Costa. 2021. Testemunho e responsabilidade: \u00e9tica na produ\u00e7\u00e3o de narrativas pessoais. Revista Estudos Interdisciplinares 12, 2 (2021), 44\u201359.","journal-title":"Revista Estudos Interdisciplinares"},{"key":"e_1_3_3_1_12_2","doi-asserted-by":"publisher","DOI":"10.1111\/j.0963-7214.2006.00406.x"},{"key":"e_1_3_3_1_13_2","volume-title":"Geographic Thought","author":"Fraser Nancy","unstructured":"Nancy Fraser. 2008. Social Justice in the Age of Identity Politics: Redistribution, Recognition, and Participation. In Geographic Thought. Routledge."},{"key":"e_1_3_3_1_14_2","doi-asserted-by":"crossref","unstructured":"Paulo Freire. 2021. Education for Critical Consciousness. (2021) 1\u2013208.","DOI":"10.5040\/9781350190184"},{"key":"e_1_3_3_1_15_2","doi-asserted-by":"publisher","DOI":"10.2307\/jj.18253805.13"},{"key":"e_1_3_3_1_16_2","doi-asserted-by":"publisher","DOI":"10.1007\/s11256-017-0411-3"},{"key":"e_1_3_3_1_17_2","unstructured":"R. Mendes R. Lima and T. Duarte. 2020. \u00c9tica e prote\u00e7\u00e3o de dados em investiga\u00e7\u00f5es com popula\u00e7\u00f5es vulner\u00e1veis. Revista de Ci\u00eancias Sociais 45 3 (2020) 67\u201381."},{"key":"e_1_3_3_1_18_2","doi-asserted-by":"publisher","DOI":"10.2991\/978-2-38476-138-8"},{"key":"e_1_3_3_1_19_2","unstructured":"L. C. Silva. 2019. Vozes silenciadas: \u00e9tica na pesquisa com grupos marginalizados. Edi\u00e7\u00f5es Humanitas."},{"key":"e_1_3_3_1_20_2","volume-title":"Sanchez-Vives","author":"Slater Mel","year":"2022","unstructured":"Mel Slater and Maria V. Sanchez-Vives. 2022. A plastic virtual self: How virtual reality can be transforming. In The Routledge Handbook of Bodily Awareness. Routledge."},{"key":"e_1_3_3_1_21_2","doi-asserted-by":"publisher","DOI":"10.1007\/s10055-024-00946-9"},{"key":"e_1_3_3_1_22_2","doi-asserted-by":"publisher","DOI":"10.1146\/annurev.psych.59.103006.093625"},{"key":"e_1_3_3_1_23_2","doi-asserted-by":"publisher","DOI":"10.1080\/0042098992746"},{"key":"e_1_3_3_1_24_2","doi-asserted-by":"publisher","DOI":"10.1002\/cd.310"}],"event":{"name":"ARTECH 2025: 12th International Conference on Digital and Interactive Arts: Media Art Cultures, Communities & Territories","location":"Braga Portugal","acronym":"ARTECH 2025"},"container-title":["Proceedings of the 2025 12th International Conference on Digital and Interactive Arts: Media Art Cultures, Communities &amp; Territories"],"original-title":[],"link":[{"URL":"https:\/\/dl.acm.org\/doi\/pdf\/10.1145\/3773699.3774718","content-type":"unspecified","content-version":"vor","intended-application":"similarity-checking"}],"deposited":{"date-parts":[[2026,4,15]],"date-time":"2026-04-15T08:59:57Z","timestamp":1776243597000},"score":1,"resource":{"primary":{"URL":"https:\/\/dl.acm.org\/doi\/10.1145\/3773699.3774718"}},"subtitle":[],"short-title":[],"issued":{"date-parts":[[2025,11,26]]},"references-count":24,"alternative-id":["10.1145\/3773699.3774718","10.1145\/3773699"],"URL":"https:\/\/doi.org\/10.1145\/3773699.3774718","relation":{},"subject":[],"published":{"date-parts":[[2025,11,26]]},"assertion":[{"value":"2026-04-13","order":3,"name":"published","label":"Published","group":{"name":"publication_history","label":"Publication History"}}]}}