{"status":"ok","message-type":"work","message-version":"1.0.0","message":{"indexed":{"date-parts":[[2025,5,14]],"date-time":"2025-05-14T03:34:47Z","timestamp":1747193687194,"version":"3.40.5"},"reference-count":0,"publisher":"Universidade de S\u00e3o Paulo. Ag\u00eancia de Bibliotecas e Cole\u00e7\u00f5es Digitais","issue":"3","license":[{"start":{"date-parts":[[2022,12,28]],"date-time":"2022-12-28T00:00:00Z","timestamp":1672185600000},"content-version":"unspecified","delay-in-days":0,"URL":"https:\/\/creativecommons.org\/licenses\/by-nc-sa\/4.0"}],"content-domain":{"domain":[],"crossmark-restriction":false},"short-container-title":["Matrizes"],"abstract":"<jats:p>Neste texto, procuro tra\u00e7ar e analisar cerca de 30 anos de uma trajet\u00f3ria pessoal de pesquisa, balizada por contextos geogr\u00e1ficos, pol\u00edticos e sociais no espa\u00e7o da lusofonia e no \u00e2mbito das Ci\u00eancias da Comunica\u00e7\u00e3o. O caminho fez-se de encontros e desencontros pessoais, profissionais e institucionais, onde a Escola de Comunica\u00e7\u00f5es e Artes e o Programa de P\u00f3s-Gradua\u00e7\u00e3o em Ci\u00eancias da Comunica\u00e7\u00e3o da Universidade de S\u00e3o Paulo adquiriram grande centralidade. Muitas das refer\u00eancias s\u00e3o mem\u00f3rias pautadas por marcos temporais e, como tal, apresentam, \u00e0 partida, uma reconfigura\u00e7\u00e3o do real, onde o vi\u00e9s do tempo, da espacialidade e da nostalgia geracional adquirem relev\u00e2ncia significante. O texto configura-se como um ensaio e adota-se uma ordem cronol\u00f3gia na exposi\u00e7\u00e3o, com vista a explicitar muitas das op\u00e7\u00f5es tem\u00e1ticas, te\u00f3rico-conceituais e metodol\u00f3gicas, que foram tomadas ao longo destas tr\u00eas d\u00e9cadas de pesquisa.<\/jats:p>","DOI":"10.11606\/issn.1982-8160.v16i3p71-86","type":"journal-article","created":{"date-parts":[[2023,1,11]],"date-time":"2023-01-11T11:54:51Z","timestamp":1673438091000},"page":"71-86","source":"Crossref","is-referenced-by-count":0,"title":["Caminhos e interc\u00e2mbios na pesquisa em comunica\u00e7\u00e3o: Uma trajet\u00f3ria luso-brasileira"],"prefix":"10.11606","volume":"16","author":[{"ORCID":"https:\/\/orcid.org\/0000-0001-8701-527X","authenticated-orcid":false,"given":"Isabel","family":"Ferin","sequence":"first","affiliation":[{"name":"Universidade de Coimbra"}]}],"member":"4873","published-online":{"date-parts":[[2022,12,28]]},"container-title":["MATRIZes"],"original-title":[],"link":[{"URL":"https:\/\/www.revistas.usp.br\/matrizes\/article\/download\/204116\/190228","content-type":"application\/pdf","content-version":"vor","intended-application":"text-mining"},{"URL":"https:\/\/www.revistas.usp.br\/matrizes\/article\/download\/204116\/190130","content-type":"application\/pdf","content-version":"vor","intended-application":"text-mining"},{"URL":"https:\/\/www.revistas.usp.br\/matrizes\/article\/download\/204116\/190130","content-type":"unspecified","content-version":"vor","intended-application":"similarity-checking"}],"deposited":{"date-parts":[[2023,1,11]],"date-time":"2023-01-11T11:55:11Z","timestamp":1673438111000},"score":1,"resource":{"primary":{"URL":"https:\/\/www.revistas.usp.br\/matrizes\/article\/view\/204116"}},"subtitle":[],"short-title":[],"issued":{"date-parts":[[2022,12,28]]},"references-count":0,"journal-issue":{"issue":"3","published-online":{"date-parts":[[2022,12,28]]}},"URL":"https:\/\/doi.org\/10.11606\/issn.1982-8160.v16i3p71-86","relation":{},"ISSN":["1982-8160","1982-2073"],"issn-type":[{"type":"electronic","value":"1982-8160"},{"type":"print","value":"1982-2073"}],"subject":[],"published":{"date-parts":[[2022,12,28]]}}}