{"status":"ok","message-type":"work","message-version":"1.0.0","message":{"indexed":{"date-parts":[[2022,4,4]],"date-time":"2022-04-04T02:33:36Z","timestamp":1649039616015},"reference-count":0,"publisher":"Universidade de Sao Paulo, Agencia USP de Gestao da Informacao Academica (AGUIA)","issue":"22","content-domain":{"domain":[],"crossmark-restriction":false},"short-container-title":["Comun. Educ."],"DOI":"10.11606\/issn.2316-9125.v0i22p57-72","type":"journal-article","created":{"date-parts":[[2013,12,29]],"date-time":"2013-12-29T14:37:14Z","timestamp":1388327834000},"page":"57","source":"Crossref","is-referenced-by-count":0,"title":["Comunica\u00e7\u00e3o: identidade e identidades em Portugal"],"prefix":"10.11606","volume":"0","author":[{"given":"Isabel Ferin","family":"Cunha","sequence":"first","affiliation":[]}],"member":"4873","published-online":{"date-parts":[[2001,12,30]]},"container-title":["Comunica\u00e7\u00e3o &amp; Educa\u00e7\u00e3o"],"original-title":[],"link":[{"URL":"http:\/\/www.revistas.usp.br\/comueduc\/article\/viewFile\/36997\/39719","content-type":"unspecified","content-version":"vor","intended-application":"similarity-checking"}],"deposited":{"date-parts":[[2017,2,15]],"date-time":"2017-02-15T16:50:20Z","timestamp":1487177420000},"score":1,"resource":{"primary":{"URL":"http:\/\/www.revistas.usp.br\/comueduc\/article\/view\/36997"}},"subtitle":[],"short-title":[],"issued":{"date-parts":[[2001,12,30]]},"references-count":0,"journal-issue":{"issue":"22","published-online":{"date-parts":[[2001,12,30]]}},"URL":"https:\/\/doi.org\/10.11606\/issn.2316-9125.v0i22p57-72","relation":{},"ISSN":["2316-9125","0104-6829"],"issn-type":[{"value":"2316-9125","type":"electronic"},{"value":"0104-6829","type":"print"}],"subject":[],"published":{"date-parts":[[2001,12,30]]}}}