{"status":"ok","message-type":"work","message-version":"1.0.0","message":{"indexed":{"date-parts":[[2024,5,6]],"date-time":"2024-05-06T00:18:58Z","timestamp":1714954738905},"reference-count":0,"publisher":"Universidade de Sao Paulo, Agencia USP de Gestao da Informacao Academica (AGUIA)","issue":"2","content-domain":{"domain":[],"crossmark-restriction":false},"short-container-title":["Comun. Educ."],"DOI":"10.11606\/issn.2316-9125.v12i2p49-58","type":"journal-article","created":{"date-parts":[[2013,12,29]],"date-time":"2013-12-29T10:25:26Z","timestamp":1388312726000},"page":"49","source":"Crossref","is-referenced-by-count":1,"title":["Imigrantes nos media portugueses: representa\u00e7\u00f5es das minorias no in\u00edcio do mil\u00eanio"],"prefix":"10.11606","volume":"12","author":[{"given":"Isabel Maria Ribeiro Ferin da","family":"Cunha","sequence":"first","affiliation":[]}],"member":"4873","published-online":{"date-parts":[[2007,8,30]]},"container-title":["Comunica\u00e7\u00e3o &amp; Educa\u00e7\u00e3o"],"original-title":[],"link":[{"URL":"http:\/\/www.revistas.usp.br\/comueduc\/article\/viewFile\/37639\/40353","content-type":"unspecified","content-version":"vor","intended-application":"similarity-checking"}],"deposited":{"date-parts":[[2017,2,15]],"date-time":"2017-02-15T11:52:40Z","timestamp":1487159560000},"score":1,"resource":{"primary":{"URL":"http:\/\/www.revistas.usp.br\/comueduc\/article\/view\/37639"}},"subtitle":[],"short-title":[],"issued":{"date-parts":[[2007,8,30]]},"references-count":0,"journal-issue":{"issue":"2","published-online":{"date-parts":[[2007,8,30]]}},"URL":"https:\/\/doi.org\/10.11606\/issn.2316-9125.v12i2p49-58","relation":{},"ISSN":["2316-9125","0104-6829"],"issn-type":[{"value":"2316-9125","type":"electronic"},{"value":"0104-6829","type":"print"}],"subject":[],"published":{"date-parts":[[2007,8,30]]}}}