{"status":"ok","message-type":"work","message-version":"1.0.0","message":{"indexed":{"date-parts":[[2025,3,2]],"date-time":"2025-03-02T05:55:25Z","timestamp":1740894925515,"version":"3.38.0"},"reference-count":10,"publisher":"SAGE Publications","issue":"4","license":[{"start":{"date-parts":[[2018,3,7]],"date-time":"2018-03-07T00:00:00Z","timestamp":1520380800000},"content-version":"tdm","delay-in-days":0,"URL":"http:\/\/journals.sagepub.com\/page\/policies\/text-and-data-mining-license"}],"content-domain":{"domain":["journals.sagepub.com"],"crossmark-restriction":true},"short-container-title":["Dementia"],"published-print":{"date-parts":[[2020,5]]},"abstract":"<jats:p> This article presents results from a conceptual validation of the programme \u2018Living Together with Dementia\u2019, through an e-Delphi study carried out during April\/May, 2015 with 26 Portuguese and Spanish experts. The programme consists of seven individual weekly sessions and two group sessions over a seven-week period. It covers dementia, communication and behaviour; demands and expectations of the caregiver role; basic activities of daily living; coping and problem solving strategies; physical and mental health of the caregiver and community support. The programme methods mainly consist of discussion sessions, practical examples\/simulations and skill training. <\/jats:p>","DOI":"10.1177\/1471301218762565","type":"journal-article","created":{"date-parts":[[2018,3,7]],"date-time":"2018-03-07T13:23:14Z","timestamp":1520428994000},"page":"1333-1342","update-policy":"https:\/\/doi.org\/10.1177\/sage-journals-update-policy","source":"Crossref","is-referenced-by-count":4,"title":["\u2018Living together with dementia\u2019 \u2013 Conceptual validation of training programme for family caregivers: Innovative practice"],"prefix":"10.1177","volume":"19","author":[{"given":"Lia","family":"Sousa","sequence":"first","affiliation":[{"name":"Hospitalar Centre of S\u00e3o Jo\u00e3o, EPE, Porto, Portugal; Porto Nursing School, Porto, Portugal; Institute of Biomedical Sciences Abel Salazar, University of Porto, Porto, Portugal"}]},{"ORCID":"https:\/\/orcid.org\/0000-0002-5620-3478","authenticated-orcid":false,"given":"Carlos","family":"Sequeira","sequence":"additional","affiliation":[{"name":"Porto Nursing School, Porto, Portugal; CINTESIS \u2013 Faculty of Medicine, University of Porto, Porto, Portugal"}]},{"given":"Carme","family":"Ferr\u00e9-Grau","sequence":"additional","affiliation":[{"name":"Department of Nursing, University Rovira i Virgili, Tarragona, Spain"}]}],"member":"179","published-online":{"date-parts":[[2018,3,7]]},"reference":[{"volume-title":"A sa\u00fade mental dos prestadores de cuidados a familiares idosos","year":"2000","author":"Brito L.","key":"bibr2-1471301218762565"},{"key":"bibr3-1471301218762565","doi-asserted-by":"publisher","DOI":"10.1111\/j.1365-2648.2010.05537.x"},{"key":"bibr4-1471301218762565","doi-asserted-by":"publisher","DOI":"10.1080\/07317115.2012.678190"},{"key":"bibr5-1471301218762565","doi-asserted-by":"publisher","DOI":"10.1093\/geront\/gnp138"},{"key":"bibr7-1471301218762565","doi-asserted-by":"publisher","DOI":"10.1590\/0047-2085000000007"},{"issue":"1","key":"bibr8-1471301218762565","first-page":"242","volume":"13","author":"Scarparo A.","year":"2012","journal-title":"Revista Da Rede De Enfermagem Do Nordeste"},{"volume-title":"O aparecimento de uma Perturba\u00e7\u00e3o demencial e suas repercuss\u00f5es na Fam\u00edlia (Tese de doutoramento)","year":"2007","author":"Sequeira C.","key":"bibr9-1471301218762565"},{"volume-title":"Efetividade de um programa de interven\u00e7\u00e3o na perce\u00e7\u00e3o de sobrecarga dos familiares cuidadores de pessoas idosas com dem\u00eancia (Disserta\u00e7\u00e3o de Mestrado)","year":"2009","author":"Silva A.","key":"bibr10-1471301218762565"},{"key":"bibr11-1471301218762565","doi-asserted-by":"publisher","DOI":"10.1111\/jocn.13266"},{"key":"bibr12-1471301218762565","first-page":"33","volume":"3","author":"Sousa L.","year":"2016","journal-title":"Revista Portuguesa De Enfermagem De Sa\u00fade Mental"}],"container-title":["Dementia"],"original-title":[],"language":"en","link":[{"URL":"http:\/\/journals.sagepub.com\/doi\/pdf\/10.1177\/1471301218762565","content-type":"application\/pdf","content-version":"vor","intended-application":"text-mining"},{"URL":"http:\/\/journals.sagepub.com\/doi\/full-xml\/10.1177\/1471301218762565","content-type":"application\/xml","content-version":"vor","intended-application":"text-mining"},{"URL":"http:\/\/journals.sagepub.com\/doi\/pdf\/10.1177\/1471301218762565","content-type":"unspecified","content-version":"vor","intended-application":"similarity-checking"}],"deposited":{"date-parts":[[2025,3,1]],"date-time":"2025-03-01T20:16:06Z","timestamp":1740860166000},"score":1,"resource":{"primary":{"URL":"http:\/\/journals.sagepub.com\/doi\/10.1177\/1471301218762565"}},"subtitle":[],"short-title":[],"issued":{"date-parts":[[2018,3,7]]},"references-count":10,"journal-issue":{"issue":"4","published-print":{"date-parts":[[2020,5]]}},"alternative-id":["10.1177\/1471301218762565"],"URL":"https:\/\/doi.org\/10.1177\/1471301218762565","relation":{},"ISSN":["1471-3012","1741-2684"],"issn-type":[{"type":"print","value":"1471-3012"},{"type":"electronic","value":"1741-2684"}],"subject":[],"published":{"date-parts":[[2018,3,7]]}}}