{"status":"ok","message-type":"work","message-version":"1.0.0","message":{"indexed":{"date-parts":[[2026,4,25]],"date-time":"2026-04-25T14:26:45Z","timestamp":1777127205397,"version":"3.51.4"},"reference-count":62,"publisher":"Springer Science and Business Media LLC","issue":"1","license":[{"start":{"date-parts":[[2020,4,7]],"date-time":"2020-04-07T00:00:00Z","timestamp":1586217600000},"content-version":"tdm","delay-in-days":0,"URL":"http:\/\/creativecommons.org\/licenses\/by\/4.0\/"},{"start":{"date-parts":[[2020,4,7]],"date-time":"2020-04-07T00:00:00Z","timestamp":1586217600000},"content-version":"vor","delay-in-days":0,"URL":"http:\/\/creativecommons.org\/licenses\/by\/4.0\/"}],"funder":[{"DOI":"10.13039\/501100005032","name":"Funda\u00e7\u00e3o Bial","doi-asserted-by":"publisher","award":["BIAL (63\/10)"],"award-info":[{"award-number":["BIAL (63\/10)"]}],"id":[{"id":"10.13039\/501100005032","id-type":"DOI","asserted-by":"publisher"}]},{"DOI":"10.13039\/501100005635","name":"Funda\u00e7\u00e3o Calouste Gulbenkian","doi-asserted-by":"publisher","award":["0488"],"award-info":[{"award-number":["0488"]}],"id":[{"id":"10.13039\/501100005635","id-type":"DOI","asserted-by":"publisher"}]},{"name":"Sociedade Portuguesa de Neurologia","award":["Bolsa Nunes Vicente"],"award-info":[{"award-number":["Bolsa Nunes Vicente"]}]}],"content-domain":{"domain":["link.springer.com"],"crossmark-restriction":false},"short-container-title":["J Headache Pain"],"published-print":{"date-parts":[[2020,12]]},"abstract":"<jats:title>Abstract<\/jats:title><jats:sec>\n                <jats:title>Objectives and background<\/jats:title>\n                <jats:p>The effect of headache on cognitive performance is controversial, due to conflicting results obtained from studies in clinical or population settings. We aimed to understand if migraine and other headaches modify the rates of decline on different cognitive measures, during a 5-year interval.<\/jats:p>\n              <\/jats:sec><jats:sec>\n                <jats:title>Design and method<\/jats:title>\n                <jats:p>A cohort of community dwelling adults (&gt;\u200950\u2009years) with migraine (MH), non-migraine headaches (NMH) and controls without headache (WoH), was assessed by a comprehensive neuropsychological battery with tests of memory, language and executive functions, repeated 5\u2009years apart. Change in performance between baseline and reevaluation was compared between groups, and controlled for age, gender, literacy and depressive symptoms.<\/jats:p>\n              <\/jats:sec><jats:sec>\n                <jats:title>Results<\/jats:title>\n                <jats:p>A total of 275 participants (78.5% WoH, 12.7% MH, 8.7% NMH) were reevaluated (average age 70.40\u2009+\u20098.34\u2009years, 64% females). Cognitive decline or dementia occurred in 11.4%, with a similar proportion among the three groups. Although MH participants had significantly more subjective cognitive complaints (<jats:italic>p<\/jats:italic>\u00a0=\u20090.030, 95%CI:]-3.929,-0.014[), both MH and NMH subjects showed an age-associated decline identical to controls. Furthermore, migraine features (disease and attack duration, frequency and aura) were unrelated with cognitive performance.<\/jats:p>\n              <\/jats:sec><jats:sec>\n                <jats:title>Conclusion<\/jats:title>\n                <jats:p>Migraine and non-migraine headache are not associated with increasing risk of dementia or cognitive decline at an older age although subjects with migraine have more cognitive complaints. Longer longitudinal studies are necessary to understand if this pattern persists for more than 5\u2009years.<\/jats:p>\n              <\/jats:sec>","DOI":"10.1186\/s10194-020-01100-x","type":"journal-article","created":{"date-parts":[[2020,4,7]],"date-time":"2020-04-07T11:03:33Z","timestamp":1586257413000},"update-policy":"https:\/\/doi.org\/10.1007\/springer_crossmark_policy","source":"Crossref","is-referenced-by-count":27,"title":["Cognitive aging in migraine sufferers is associated with more subjective complaints but similar age-related decline: a 5-year longitudinal study"],"prefix":"10.1186","volume":"21","author":[{"given":"Isabel Pav\u00e3o","family":"Martins","sequence":"first","affiliation":[]},{"given":"Carolina","family":"Maruta","sequence":"additional","affiliation":[]},{"given":"Pedro Nacimento","family":"Alves","sequence":"additional","affiliation":[]},{"given":"Clara","family":"Loureiro","sequence":"additional","affiliation":[]},{"given":"Joana","family":"Morgado","sequence":"additional","affiliation":[]},{"given":"Joana","family":"Tavares","sequence":"additional","affiliation":[]},{"given":"Raquel","family":"Gil-Gouveia","sequence":"additional","affiliation":[]}],"member":"297","published-online":{"date-parts":[[2020,4,7]]},"reference":[{"issue":"1","key":"1100_CR1","doi-asserted-by":"crossref","first-page":"137","DOI":"10.36076\/ppj\/2016.19.E137","volume":"19","author":"R Gil-Gouveia","year":"2016","unstructured":"Gil-Gouveia R, Oliveira AG, Martins IP (2016) Subjective cognitive symptoms during a migraine attack: a prospective study of a clinic-based sample. Pain Physician 19(1):137\u2013150","journal-title":"Pain Physician"},{"issue":"7","key":"1100_CR2","doi-asserted-by":"publisher","first-page":"1335","DOI":"10.1177\/0333102417728250","volume":"38","author":"R Gil-Gouveia","year":"2017","unstructured":"Gil-Gouveia R, Martins IP (2017) Clinical description of attack-related cognitive symptoms in migraine: a systematic review. Cephalalgia. 38(7):1335\u20131350","journal-title":"Cephalalgia."},{"issue":"3","key":"1100_CR3","doi-asserted-by":"publisher","first-page":"654","DOI":"10.1007\/s00415-014-7603-5","volume":"262","author":"R Gil-Gouveia","year":"2014","unstructured":"Gil-Gouveia R, Oliveira AG, Martins IP (2014) Assessment of cognitive dysfunction during migraine attacks: a systematic review. J Neurol 262(3):654\u2013665","journal-title":"J Neurol"},{"issue":"8","key":"1100_CR4","doi-asserted-by":"publisher","first-page":"662","DOI":"10.1177\/0333102414553823","volume":"35","author":"R Gil-Gouveia","year":"2015","unstructured":"Gil-Gouveia R, Oliveira AG, Martins IP (2015) Cognitive dysfunction during migraine attacks: a study on migraine without aura. Cephalalgia. 35(8):662\u2013674","journal-title":"Cephalalgia."},{"issue":"5","key":"1100_CR5","doi-asserted-by":"publisher","first-page":"475","DOI":"10.1046\/j.1468-2982.2000.00074.x","volume":"20","author":"F Le Pira","year":"2000","unstructured":"Le Pira F, Zappal\u00e0 G, Giuffrida S, Lo Bartolo ML, Reggio E, Morana R et al (2000) Memory disturbances in migraine with and without aura: a strategy problem? Cephalalgia. 20(5):475\u2013478","journal-title":"Cephalalgia."},{"issue":"1","key":"1100_CR6","doi-asserted-by":"publisher","first-page":"125","DOI":"10.1111\/head.12158","volume":"54","author":"F Le Pira","year":"2013","unstructured":"Le Pira F, Reggio E, Quattrocchi G, Sanfilippo C, Maci T, Cavallaro T et al (2013) Executive dysfunctions in migraine with and without aura: what is the role of white matter lesions? Headache. 54(1):125\u2013130","journal-title":"Headache."},{"issue":"1","key":"1100_CR7","doi-asserted-by":"publisher","first-page":"101","DOI":"10.1016\/j.psychres.2003.12.028","volume":"133","author":"F Mongini","year":"2005","unstructured":"Mongini F, Keller R, Deregibus A, Barbalonga E, Mongini T (2005) Frontal lobe dysfunction in patients with chronic migraine: a clinical-neuropsychological study. Psychiatry Res 133(1):101\u2013106","journal-title":"Psychiatry Res"},{"issue":"10","key":"1100_CR8","doi-asserted-by":"publisher","first-page":"1094","DOI":"10.1111\/j.1468-2982.2007.01394.x","volume":"27","author":"C Camarda","year":"2007","unstructured":"Camarda C, Monastero R, Pipia C, Recca D, Camarda R (2007) Interictal executive dysfunction in migraineurs without aura: relationship with duration and intensity of attacks. Cephalalgia. 27(10):1094\u20131100","journal-title":"Cephalalgia."},{"issue":"2","key":"1100_CR9","doi-asserted-by":"publisher","first-page":"92","DOI":"10.1016\/j.neulet.2008.05.033","volume":"440","author":"N Schmitz","year":"2008","unstructured":"Schmitz N, Arkink EB, Mulder M, Rubia K, Admiraal-Behloul F, Schoonman GG et al (2008) Frontal lobe structure and executive function in migraine patients. Neurosci Lett 440(2):92\u201396","journal-title":"Neurosci Lett"},{"issue":"1","key":"1100_CR10","doi-asserted-by":"publisher","first-page":"54","DOI":"10.1186\/s10194-017-0758-6","volume":"18","author":"L Huang","year":"2017","unstructured":"Huang L, Juan Dong H, Wang X, Wang Y, Xiao Z (2017) Duration and frequency of migraines affect cognitive function: evidence from neuropsychological tests and event-related potentials. J Headache Pain 18(1):54","journal-title":"J Headache Pain"},{"issue":"1","key":"1100_CR11","doi-asserted-by":"publisher","first-page":"76","DOI":"10.1186\/s10194-016-0667-0","volume":"17","author":"G Santangelo","year":"2016","unstructured":"Santangelo G, Russo A, Trojano L, Falco F, Marcuccio L, Siciliano M et al (2016) Cognitive dysfunctions and psychological symptoms in migraine without aura: a cross-sectional study. J Headache Pain 17(1):76","journal-title":"J Headache Pain"},{"issue":"1","key":"1100_CR12","doi-asserted-by":"publisher","first-page":"39","DOI":"10.1177\/0333102411430265","volume":"32","author":"JA Suhr","year":"2012","unstructured":"Suhr JA, Seng EK (2012) Neuropsychological functioning in migraine: clinical and research implications. Cephalalgia 32(1):39\u201354","journal-title":"Cephalalgia"},{"issue":"4","key":"1100_CR13","doi-asserted-by":"publisher","first-page":"589","DOI":"10.1111\/head.12046","volume":"53","author":"PM Rist","year":"2013","unstructured":"Rist PM, Kurth T (2013) Migraine and cognitive decline: a topical review. Headache. 53(4):589\u2013598","journal-title":"Headache."},{"issue":"4","key":"1100_CR14","doi-asserted-by":"publisher","first-page":"279","DOI":"10.1177\/0333102411435985","volume":"32","author":"EB Arkink","year":"2012","unstructured":"Arkink EB, Bleeker EJ, Schmitz N, Schoonman GG, Wu O, Ferrari MD et al (2012) Cerebral perfusion changes in migraineurs: a voxelwise comparison of interictal dynamic susceptibility contrast MRI measurements. Cephalalgia. 32(4):279\u2013288","journal-title":"Cephalalgia."},{"issue":"4","key":"1100_CR15","doi-asserted-by":"publisher","first-page":"291","DOI":"10.1046\/j.1468-2982.2002.00370.x","volume":"22","author":"EP Calandre","year":"2002","unstructured":"Calandre EP, Bembibre J, Arnedo ML, Becerra D (2002) Cognitive disturbances and regional cerebral blood flow abnormalities in migraine patients: their relationship with the clinical manifestations of the illness. Cephalalgia. 22(4):291\u2013302","journal-title":"Cephalalgia."},{"issue":"2","key":"1100_CR16","doi-asserted-by":"publisher","first-page":"129","DOI":"10.1111\/j.1468-2982.2009.01904.x","volume":"30","author":"MC Kruit","year":"2010","unstructured":"Kruit MC, van Buchem MA, Launer LJ, Terwindt GM, Ferrari MD (2010) Migraine is associated with an increased risk of deep white matter lesions, subclinical posterior circulation infarcts and brain iron accumulation: the population-based MRI CAMERA study. Cephalalgia. 30(2):129\u2013136","journal-title":"Cephalalgia."},{"issue":"9","key":"1100_CR17","doi-asserted-by":"publisher","first-page":"1366","DOI":"10.1001\/archneur.61.9.1366","volume":"61","author":"RH Swartz","year":"2004","unstructured":"Swartz RH, Kern RZ (2004) Migraine is associated with magnetic resonance imaging white matter abnormalities: a meta-analysis. Arch Neurol 61(9):1366\u20131368","journal-title":"Arch Neurol"},{"issue":"9","key":"1100_CR18","doi-asserted-by":"publisher","first-page":"1525","DOI":"10.1177\/0333102417737784","volume":"38","author":"C Pellegrino-Baena","year":"2017","unstructured":"Pellegrino-Baena C, Goulart AC, Santos IS, Suemoto CK, Lotufo PA, Bensenor IJ (2017) Migraine and cognitive function: baseline findings from the Brazilian longitudinal study of adult health: ELSA-Brasil. Cephalalgia. 38(9):1525\u20131534","journal-title":"Cephalalgia."},{"issue":"10","key":"1100_CR19","doi-asserted-by":"publisher","first-page":"1510","DOI":"10.1111\/ene.13066","volume":"23","author":"K Wen","year":"2016","unstructured":"Wen K, Nguyen NT, Hofman A, Ikram MA, Franco OH (2016) Migraine is associated with better cognition in the middle-aged and elderly: the Rotterdam study. Eur J Neurol 23(10):1510\u20131516","journal-title":"Eur J Neurol"},{"issue":"17","key":"1100_CR20","doi-asserted-by":"publisher","first-page":"1417","DOI":"10.1212\/01.wnl.0000268250.10171.b3","volume":"68","author":"A Kalaydjian","year":"2007","unstructured":"Kalaydjian A, Zandi PP, Swartz KL, Eaton WW, Lyketsos C (2007) How migraines impact cognitive function: findings from the Baltimore ECA. Neurology. 68(17):1417\u20131424","journal-title":"Neurology."},{"issue":"2","key":"1100_CR21","doi-asserted-by":"publisher","first-page":"176","DOI":"10.1111\/j.1526-4610.2009.01572.x","volume":"50","author":"MA Baars","year":"2010","unstructured":"Baars MA, van Boxtel MP, Jolles J (2010) Migraine does not affect cognitive decline: results from the Maastricht aging study. Headache. 50(2):176\u2013184","journal-title":"Headache."},{"issue":"12","key":"1100_CR22","doi-asserted-by":"publisher","first-page":"1291","DOI":"10.1177\/0333102411417466","volume":"31","author":"PM Rist","year":"2011","unstructured":"Rist PM, Dufouil C, Glymour MM, Tzourio C, Kurth T (2011) Migraine and cognitive decline in the population-based EVA study. Cephalalgia. 31(12):1291\u20131300","journal-title":"Cephalalgia."},{"key":"1100_CR23","doi-asserted-by":"publisher","first-page":"e5027","DOI":"10.1136\/bmj.e5027","volume":"345","author":"PM Rist","year":"2012","unstructured":"Rist PM, Kang JH, Buring JE, Glymour MM, Grodstein F, Kurth T (2012) Migraine and cognitive decline among women: prospective cohort study. BMJ. 345:e5027","journal-title":"BMJ."},{"issue":"18","key":"1100_CR24","doi-asserted-by":"publisher","first-page":"1889","DOI":"10.1001\/jama.2012.14276","volume":"308","author":"IH Palm-Meinders","year":"2012","unstructured":"Palm-Meinders IH, Koppen H, Terwindt GM, Launer LJ, Konishi J, Moonen JM et al (2012) Structural brain changes in migraine. JAMA. 308(18):1889\u20131897","journal-title":"JAMA."},{"issue":"3","key":"1100_CR25","doi-asserted-by":"publisher","first-page":"385","DOI":"10.1016\/j.pneurobio.2011.01.002","volume":"93","author":"O Moriarty","year":"2011","unstructured":"Moriarty O, McGuire BE, Finn DP (2011) The effect of pain on cognitive function: a review of clinical and preclinical research. Prog Neurobiol 93(3):385\u2013404","journal-title":"Prog Neurobiol"},{"issue":"10","key":"1100_CR26","doi-asserted-by":"publisher","first-page":"1487","DOI":"10.1111\/ene.13108","volume":"23","author":"MI Pav\u00e3o","year":"2016","unstructured":"Pav\u00e3o MI (2016) Better cognition in migraine? Eur J Neurol 23(10):1487\u20131488","journal-title":"Eur J Neurol"},{"issue":"4","key":"1100_CR27","doi-asserted-by":"publisher","first-page":"287","DOI":"10.1080\/09084282.2012.670145","volume":"19","author":"IP Martins","year":"2012","unstructured":"Martins IP, Maruta C, Silva C, Rodrigues P, Chester C, Gin\u00f3 S, Freitas V, Freitas S, Oliveira AG (2012) The effect of education on age-related changes in three cognitive domains: a cross-sectional study in primary care. Appl Neuropsychol Adult 19(4):287\u2013298","journal-title":"Appl Neuropsychol Adult"},{"issue":"4","key":"1100_CR28","doi-asserted-by":"publisher","first-page":"462","DOI":"10.1016\/j.cortex.2009.11.009","volume":"46","author":"KA Cappell","year":"2010","unstructured":"Cappell KA, Gmeindl L, Reuter-Lorenz PA (2010) Age differences in prefontal recruitment during verbal working memory maintenance depend on memory load. Cortex. 46(4):462\u2013473","journal-title":"Cortex."},{"issue":"17","key":"1100_CR29","doi-asserted-by":"publisher","first-page":"1492","DOI":"10.1212\/WNL.0b013e318217e7c8","volume":"76","author":"EE Smith","year":"2011","unstructured":"Smith EE, Salat DH, Jeng J, McCreary CR, Fischl B, Schmahmann JD, Dickerson BC, Viswanathan A, Albert MS, Blacker D, Greenberg SM (2011) Correlations between MRI white matter lesion location and executive function and episodic memory. Neurology. 76(17):1492\u20131499","journal-title":"Neurology."},{"key":"1100_CR30","first-page":"9","volume":"1","author":"M Guerreiro","year":"1994","unstructured":"Guerreiro M, Silva A, Botelho M, Leit\u00e3o O, Castro-Caldas A, Garcia C (1994) Adapta\u00e7\u00e3o \u00e0 popula\u00e7\u00e3o portuguesa da tradu\u00e7\u00e3o do Mini Mental State Examination (MMSE). Rev Port Neurol 1:9\u201310","journal-title":"Rev Port Neurol"},{"issue":"3","key":"1100_CR31","doi-asserted-by":"crossref","first-page":"189","DOI":"10.1016\/0022-3956(75)90026-6","volume":"12","author":"MF Folstein","year":"1975","unstructured":"Folstein MF, Folstein SE, McHugh PR (1975) \u201cMini-mental state\u201d. A practical method for grading the cognitive state of patients for the clinician. J Psychiatr Res 12(3):189\u2013198","journal-title":"J Psychiatr Res"},{"key":"1100_CR32","doi-asserted-by":"crossref","unstructured":"Pav\u00e3o Martins I, Maruta C, Morgado J, Loureiro C, Tavares J, Freitas V et al (2020) Predictors of cognitive stability or decline during aging: a longitudinal study in primary care. Appl Neuropsychol Adult 27(1):22\u201334","DOI":"10.1080\/23279095.2018.1476866"},{"key":"1100_CR33","volume-title":"Wechsler memory scale. Third edition manual","author":"D Wechsler","year":"1997","unstructured":"Wechsler D (1997b) Wechsler memory scale. Third edition manual. The Psychological Corporation, San Antonio"},{"key":"1100_CR34","doi-asserted-by":"publisher","first-page":"237","DOI":"10.1080\/13854049608406686","volume":"10","author":"DJ Libon","year":"1996","unstructured":"Libon DJ, Mattson RE, Glosser G, Kaplan E, Malamut BL, Sands LP et al (1996) A nine-word dementia version of the California verbal learning test. Clin Neuropsychol 10:237\u2013244","journal-title":"Clin Neuropsychol"},{"key":"1100_CR35","volume-title":"Wechsler abbreviated scale of intelligence manual","author":"D Wechsler","year":"1999","unstructured":"Wechsler D (1999) Wechsler abbreviated scale of intelligence manual. Psychological Corporation, San Antonio"},{"key":"1100_CR36","volume-title":"Wechsler adult intelligence scale \u2013 III","author":"D Wechsler","year":"1997","unstructured":"Wechsler D (1997a) Wechsler adult intelligence scale \u2013 III. The Psychological Corporation, San Antonio"},{"key":"1100_CR37","doi-asserted-by":"publisher","first-page":"271","DOI":"10.2466\/pms.1958.8.3.271","volume":"8","author":"R Reitan","year":"1958","unstructured":"Reitan R (1958) Validity of the trail making test as an indicator of organic brain damage. Percept Mot Skills 8:271\u2013276","journal-title":"Percept Mot Skills"},{"key":"1100_CR38","doi-asserted-by":"publisher","first-page":"643","DOI":"10.1037\/h0054651","volume":"18","author":"JR Stroop","year":"1935","unstructured":"Stroop JR (1935) Studies of interference in serial verbal reaction. J Exp Psychol 18:643\u2013662","journal-title":"J Exp Psychol"},{"key":"1100_CR39","volume-title":"Stroop color and word test: a manual for clinical and experimental uses","author":"CJ Golden","year":"1978","unstructured":"Golden CJ (1978) Stroop color and word test: a manual for clinical and experimental uses. Skoelting, Chicago"},{"key":"1100_CR40","series-title":"Presented to Faculty of Medicine of Lisbon","volume-title":"Contribution of neuropsychology for the study of dementia (PhD Thesis)","author":"M Guerreiro","year":"1998","unstructured":"Guerreiro M. Contribution of neuropsychology for the study of dementia (PhD Thesis). Presented to Faculty of Medicine of Lisbon. 1998"},{"issue":"2","key":"1100_CR41","doi-asserted-by":"publisher","first-page":"189","DOI":"10.1093\/arclin\/acs115","volume":"28","author":"S Cavaco","year":"2013","unstructured":"Cavaco S, Gon\u00e7alves A, Pinto C, Almeida E, Gomes F, Moreira I, Fernandes J, Teixeira-Pinto A (2013) Trail making test: regression-based norms for the Portuguese population. Arch Clin Neuropsychol 28(2):189\u2013198","journal-title":"Arch Clin Neuropsychol"},{"issue":"1","key":"1100_CR42","doi-asserted-by":"publisher","first-page":"37","DOI":"10.1016\/0022-3956(82)90033-4","volume":"17","author":"JA Yesavage","year":"1982","unstructured":"Yesavage JA, Brink TL, Rose TL, Lum O, Huang V, Adey M et al (1982) Development and validation of a geriatric depression screening scale: a preliminary report. J Psychiatr Res 17(1):37\u201349","journal-title":"J Psychiatr Res"},{"key":"1100_CR43","doi-asserted-by":"publisher","first-page":"373","DOI":"10.1192\/bjp.171.4.373","volume":"171","author":"B Schmand","year":"1997","unstructured":"Schmand B, Jonker C, Geerlings MI, Lindeboom J (1997) Subjective memory complaints in the elderly: depressive symptoms and future dementia. Br J Psychiatry 171:373\u2013376","journal-title":"Br J Psychiatry"},{"key":"1100_CR44","doi-asserted-by":"publisher","first-page":"179","DOI":"10.1093\/geront\/9.3_Part_1.179","volume":"9","author":"MP Lawton","year":"1969","unstructured":"Lawton MP, Brody EM (1969) Assessment of older people: self-maintaining and instrumental activities of daily living. Gerontologist 9:179\u2013186","journal-title":"Gerontologist"},{"key":"1100_CR45","doi-asserted-by":"publisher","first-page":"1","DOI":"10.1080\/23279095.2019.1628761","volume":"3","author":"M Czornik","year":"2019","unstructured":"Czornik M, Merten T, Lehrner J (2019) Symptom and performance validation in patients with subjective cognitive decline and mild cognitive impairment. Appl Neuropsychol Adult 3:1\u201313","journal-title":"Appl Neuropsychol Adult"},{"issue":"5","key":"1100_CR46","doi-asserted-by":"publisher","first-page":"368","DOI":"10.1097\/JGP.0b013e31819431d5","volume":"17","author":"AJ Jak","year":"2009","unstructured":"Jak AJ, Bondi MW, Delano-Wood L, Wierenga C, Corey-Bloom J, Salmon DP, Delis DC (2009) Quantification of five neuropsychological approaches to defining mild cognitive impairment. Am J Geriatr Psychiatry 17(5):368\u2013375","journal-title":"Am J Geriatr Psychiatry"},{"key":"1100_CR47","doi-asserted-by":"publisher","first-page":"449","DOI":"10.1192\/bjp.182.5.449","volume":"182","author":"A Busse","year":"2003","unstructured":"Busse A, Bischkopf J, Riedel-Heller SG, Angermeyer MC (2003) Mild cognitive impairment: prevalence and incidence according to different diagnostic criteria. Results of the Leipzig Longitudinal Study of the Aged (LEILA75+). Br J Psychiatry 182:449\u2013454","journal-title":"Br J Psychiatry"},{"issue":"8","key":"1100_CR48","doi-asserted-by":"publisher","first-page":"684","DOI":"10.1097\/JGP.0b013e3181e56d5a","volume":"18","author":"JA Schinka","year":"2010","unstructured":"Schinka JA, Loewenstein DA, Raj A, Schoenberg MR, Banko JL, Potter H, Duara R (2010) Defining mild cognitive impairment: impact of varying decision criteria on neuropsychological diagnostic frequencies and correlates. Am J Geriatr Psychiatry 18(8):684\u2013691","journal-title":"Am J Geriatr Psychiatry"},{"key":"1100_CR49","doi-asserted-by":"publisher","first-page":"183","DOI":"10.1111\/j.1365-2796.2004.01388.x","volume":"256","author":"RC Petersen","year":"2004","unstructured":"Petersen RC (2004) Mild cognitive impairment as a diagnostic entity. J Intern Med 256:183\u2013194","journal-title":"J Intern Med"},{"key":"1100_CR50","volume-title":"Diagnostic and statistical manual of mental disorders: DSM-IV","author":"APA","year":"1994","unstructured":"APA (1994) Diagnostic and statistical manual of mental disorders: DSM-IV. American Psychiatric Association, Washington, DC"},{"key":"1100_CR51","doi-asserted-by":"publisher","first-page":"396","DOI":"10.1111\/j.1526-4610.2009.01449.x","volume":"50","author":"R Gil-Gouveia","year":"2010","unstructured":"Gil-Gouveia R, Martins IP (2010) Validation of the portuguese version of ID-migraine\u2122. Headache 50:396\u2013402","journal-title":"Headache"},{"issue":"3","key":"1100_CR52","doi-asserted-by":"publisher","first-page":"375","DOI":"10.1212\/01.WNL.0000078940.53438.83","volume":"61","author":"RB Lipton","year":"2003","unstructured":"Lipton RB, Dodick D, Sadovsky R, Kolodner K, Endicott J, Hettiarachchi J et al (2003) A self-administered screener for migraine in primary care: the ID migraine validation study. Neurology. 61(3):375\u2013382","journal-title":"Neurology."},{"issue":"8","key":"1100_CR53","doi-asserted-by":"publisher","first-page":"963","DOI":"10.1023\/A:1026119331193","volume":"12","author":"M Kosinski","year":"2003","unstructured":"Kosinski M, Bayliss MS, Bjorner JB, Ware JE, Garber WH, Batenhorst A et al (2003) A six-item short-form survey for measuring headache impact: the HIT-6. Qual Life Res 12(8):963\u2013974","journal-title":"Qual Life Res"},{"key":"1100_CR54","first-page":"915","volume":"12","author":"F Fazekas","year":"1991","unstructured":"Fazekas F, Kleinert R, Offenbacher H (1991) The morphologic correlate of incidental punctate white matter hyperintensities on MR images. AJNR Am J Neuroradiol 12:915\u2013921","journal-title":"AJNR Am J Neuroradiol"},{"key":"1100_CR55","doi-asserted-by":"publisher","first-page":"1318","DOI":"10.1161\/01.STR.32.6.1318","volume":"32","author":"LO Wahlund","year":"2001","unstructured":"Wahlund LO, Barkhof F, Fazekas F, Bronge L, Augustin M, Sjogren M et al (2001) A new rating scale for age-related white matter changes applicable to MRI and CT. Stroke 32:1318\u20131322","journal-title":"Stroke"},{"key":"1100_CR56","doi-asserted-by":"publisher","first-page":"967","DOI":"10.1136\/jnnp.55.10.967","volume":"55","author":"PH Scheltens","year":"1992","unstructured":"Scheltens PH, Leys D, Barkhof F, Huglo D, Weinstein HC, Vermersch P et al (1992) Atrophy of medial temporal lobes on MRI in \u201cprobable\u201d Alzheimer\u2019s disease and normal ageing: diagnostic value and neuropsychological correlates. J Neurol Neurosurg Psychiatry 55:967\u2013972","journal-title":"J Neurol Neurosurg Psychiatry"},{"key":"1100_CR57","doi-asserted-by":"publisher","first-page":"c7357","DOI":"10.1136\/bmj.c7357","volume":"342","author":"T Kurth","year":"2011","unstructured":"Kurth T, Mohamed S, Maillard P, Zhu YC, Chabriat H, Mazoyer B, Bousser MG, Dufouil C, Tzourio C (2011) Headache, migraine, and structural brain lesions and function: population based epidemiology of vascular ageing-MRI study. Bmj. 342:c7357","journal-title":"Bmj."},{"issue":"11","key":"1100_CR58","doi-asserted-by":"publisher","first-page":"84","DOI":"10.1007\/s11916-019-0824-7","volume":"23","author":"R Gil-Gouveia","year":"2019","unstructured":"Gil-Gouveia R, Martins IP (2019) Cognition and cognitive impairment in migraine. Curr Pain Headache Rep 23(11):84","journal-title":"Curr Pain Headache Rep"},{"issue":"3","key":"1100_CR59","doi-asserted-by":"publisher","first-page":"144","DOI":"10.1038\/nrneurol.2014.14","volume":"10","author":"M De Tommaso","year":"2014","unstructured":"De Tommaso M, Ambrosini A, Brighina F, Coppola G, Perrotta A, Pierelli F, Sandrini G, Valeriani M, Marinazzo D, Stramaglia S, Schoenen J (2014) Altered processing of sensory stimuli in patients with migraine. Nat Rev Neurol 10(3):144","journal-title":"Nat Rev Neurol"},{"issue":"12","key":"1100_CR60","doi-asserted-by":"publisher","first-page":"1962","DOI":"10.1037\/xlm0000421","volume":"43","author":"N Unsworth","year":"2017","unstructured":"Unsworth N, Robison MK (2017) The importance of arousal for variation in working memory capacity and attention control: a latent variable pupillometry study. J Exp Psychol Learn Mem Cogn 43(12):1962\u20131987","journal-title":"J Exp Psychol Learn Mem Cogn"},{"issue":"7","key":"1100_CR61","doi-asserted-by":"publisher","first-page":"1161","DOI":"10.1111\/j.1526-4610.2006.00444.x","volume":"46","author":"L Kelman","year":"2006","unstructured":"Kelman L (2006) Migraine changes with age: IMPACT on migraine classification. Headache. 46(7):1161\u20131171","journal-title":"Headache."},{"issue":"2","key":"1100_CR62","doi-asserted-by":"publisher","first-page":"312","DOI":"10.1111\/j.1526-4610.2006.00343.x","volume":"46","author":"KM Martins","year":"2006","unstructured":"Martins KM, Bordini CA, Bigal ME, Speciali JG (2006) Migraine in the elderly: a comparison with migraine in young adults. Headache. 46(2):312\u2013316","journal-title":"Headache."}],"container-title":["The Journal of Headache and Pain"],"original-title":[],"language":"en","link":[{"URL":"http:\/\/link.springer.com\/content\/pdf\/10.1186\/s10194-020-01100-x.pdf","content-type":"application\/pdf","content-version":"vor","intended-application":"text-mining"},{"URL":"http:\/\/link.springer.com\/article\/10.1186\/s10194-020-01100-x\/fulltext.html","content-type":"text\/html","content-version":"vor","intended-application":"text-mining"},{"URL":"http:\/\/link.springer.com\/content\/pdf\/10.1186\/s10194-020-01100-x.pdf","content-type":"application\/pdf","content-version":"vor","intended-application":"similarity-checking"}],"deposited":{"date-parts":[[2021,4,6]],"date-time":"2021-04-06T23:04:13Z","timestamp":1617750253000},"score":1,"resource":{"primary":{"URL":"https:\/\/thejournalofheadacheandpain.biomedcentral.com\/articles\/10.1186\/s10194-020-01100-x"}},"subtitle":[],"short-title":[],"issued":{"date-parts":[[2020,4,7]]},"references-count":62,"journal-issue":{"issue":"1","published-print":{"date-parts":[[2020,12]]}},"alternative-id":["1100"],"URL":"https:\/\/doi.org\/10.1186\/s10194-020-01100-x","relation":{},"ISSN":["1129-2369","1129-2377"],"issn-type":[{"value":"1129-2369","type":"print"},{"value":"1129-2377","type":"electronic"}],"subject":[],"published":{"date-parts":[[2020,4,7]]},"assertion":[{"value":"6 February 2020","order":1,"name":"received","label":"Received","group":{"name":"ArticleHistory","label":"Article History"}},{"value":"20 March 2020","order":2,"name":"accepted","label":"Accepted","group":{"name":"ArticleHistory","label":"Article History"}},{"value":"7 April 2020","order":3,"name":"first_online","label":"First Online","group":{"name":"ArticleHistory","label":"Article History"}},{"value":"The present study was carried out in accordance with the recommendations of the Ethics Committee of the Lisbon Academic Medical Center (LAMC). All subjects gave written informed consent in accordance with the Declaration of Helsinki, for both parts of the study. The protocol was approved by the Ethics Committees of the LAMC, the Portuguese Health Authority and local primary care centers.","order":1,"name":"Ethics","group":{"name":"EthicsHeading","label":"Ethics approval and consent to participate"}},{"value":"Not applicable.","order":2,"name":"Ethics","group":{"name":"EthicsHeading","label":"Consent for publication"}},{"value":"The authors declare that they have no competing interests.","order":3,"name":"Ethics","group":{"name":"EthicsHeading","label":"Competing interests"}}],"article-number":"31"}}