{"status":"ok","message-type":"work","message-version":"1.0.0","message":{"indexed":{"date-parts":[[2026,1,18]],"date-time":"2026-01-18T01:11:49Z","timestamp":1768698709176,"version":"3.49.0"},"reference-count":51,"publisher":"Springer Science and Business Media LLC","issue":"1","license":[{"start":{"date-parts":[[2025,11,21]],"date-time":"2025-11-21T00:00:00Z","timestamp":1763683200000},"content-version":"tdm","delay-in-days":0,"URL":"https:\/\/creativecommons.org\/licenses\/by\/4.0"},{"start":{"date-parts":[[2025,11,21]],"date-time":"2025-11-21T00:00:00Z","timestamp":1763683200000},"content-version":"vor","delay-in-days":0,"URL":"https:\/\/creativecommons.org\/licenses\/by\/4.0"}],"content-domain":{"domain":["link.springer.com"],"crossmark-restriction":false},"short-container-title":["BMC Public Health"],"DOI":"10.1186\/s12889-025-25074-0","type":"journal-article","created":{"date-parts":[[2025,11,21]],"date-time":"2025-11-21T15:27:39Z","timestamp":1763738859000},"update-policy":"https:\/\/doi.org\/10.1007\/springer_crossmark_policy","source":"Crossref","is-referenced-by-count":1,"title":["Factors that influence the burden of the caregiver of cardiovascular patients. A multicenter study"],"prefix":"10.1186","volume":"25","author":[{"given":"M. S.","family":"Palacios-Galvez","sequence":"first","affiliation":[]},{"given":"E. B.","family":"Garcia-Navarro","sequence":"additional","affiliation":[]},{"given":"H.","family":"Jos\u00e9","sequence":"additional","affiliation":[]},{"given":"M.","family":"Giusti","sequence":"additional","affiliation":[]},{"given":"M.","family":"Raulinajtys-Grzybeck","sequence":"additional","affiliation":[]},{"given":"L.","family":"Sousa","sequence":"additional","affiliation":[]},{"given":"I. E.","family":"Vannini","sequence":"additional","affiliation":[]},{"given":"J.","family":"Czarnek","sequence":"additional","affiliation":[]},{"given":"A.","family":"Ortega-Galan","sequence":"additional","affiliation":[]}],"member":"297","published-online":{"date-parts":[[2025,11,21]]},"reference":[{"issue":"2","key":"25074_CR1","doi-asserted-by":"publisher","first-page":"133","DOI":"10.1038\/s41569-021-00607-3","volume":"19","author":"N Townsend","year":"2022","unstructured":"Townsend N, Kazakiewicz D, Wright L, Timmis F, Huculeci A, Torbica R, Vardas A, P. Epidemiology of cardiovascular disease in Europe. Nat Reviews Cardiol. 2022;19(2):133\u201343.","journal-title":"Nat Reviews Cardiol"},{"issue":"38","key":"25074_CR2","doi-asserted-by":"publisher","first-page":"4019","DOI":"10.1093\/eurheartj\/ehae466","volume":"45","author":"A Timmis","year":"2024","unstructured":"Timmis A, Aboyans V, Vardas P, Townsend N, Torbica A, Kavousi M, et al. European society of cardiology: the 2023 atlas of cardiovascular disease statistics. Eur Heart J. 2024;45(38):4019\u201362.","journal-title":"Eur Heart J"},{"issue":"1","key":"25074_CR3","doi-asserted-by":"publisher","DOI":"10.5334\/gh.1288","volume":"19","author":"M Di Cesare","year":"2024","unstructured":"Di Cesare M, Perel P, Taylor S, Kabudula C, Bixby H, Gaziano TA, et al. The heart of the world. Glob Heart. 2024;19(1):11.","journal-title":"Glob Heart"},{"issue":"8","key":"25074_CR4","doi-asserted-by":"publisher","first-page":"716","DOI":"10.1093\/eurheartj\/ehab892","volume":"43","author":"A Timmis","year":"2022","unstructured":"Timmis A, Vardas P, Townsend N, Torbica A, Katus H, De Smedt D, et al. European Society of Cardiology: cardiovascular disease statistics 2021. Eur Heart J. 2022;43(8):716\u201399.","journal-title":"Eur Heart J"},{"issue":"1","key":"25074_CR5","doi-asserted-by":"publisher","first-page":"40","DOI":"10.1136\/heartjnl-2019-315129","volume":"106","author":"C Di Girolamo","year":"2020","unstructured":"Di Girolamo C, Nusselder WJ, Bopp M, Br\u00f8nnum-Hansen H, Costa G, Kov\u00e1cs K, Mackenbach JP. Progress in reducing inequalities in cardiovascular disease mortality in Europe. Heart. 2020;106(1):40\u20139.","journal-title":"Heart"},{"key":"25074_CR6","doi-asserted-by":"publisher","first-page":"973","DOI":"10.1016\/S1474-4422(24)00233-0","volume":"23","author":"VL Feigin","year":"2025","unstructured":"Feigin VL, et al. Global, regional, and National burden of stroke and its risk factors, 1990\u20132021. Lancet Neurol. 2025;23:973\u20131003. https:\/\/doi.org\/10.1016\/S1474-4422(24)00233-0.","journal-title":"Lancet Neurol"},{"issue":"12","key":"25074_CR7","doi-asserted-by":"crossref","first-page":"e101","DOI":"10.1016\/j.amjcard.2023.12.059","volume":"83","author":"Y Cheng","year":"2024","unstructured":"Cheng Y, et al. Projections of the stroke burden at the global, regional and National level. J Am Coll Cardiol. 2024;83(12):e101\u201315.","journal-title":"J Am Coll Cardiol"},{"key":"25074_CR8","doi-asserted-by":"publisher","first-page":"402","DOI":"10.1186\/s12889-021-11348-w","volume":"21","author":"F Masaebi","year":"2021","unstructured":"Masaebi F, Salehi M, Kazemi M, Vahabi N, Azizmohammad Looha M, Zayeri F. Trend analysis of disability adjusted life years due to cardiovascular diseases: results from the global burden of disease study 2019. BMC Public Health. 2021;21:402.","journal-title":"BMC Public Health"},{"key":"25074_CR9","doi-asserted-by":"publisher","first-page":"1535278","DOI":"10.3389\/fneur.2025.1535278","volume":"15","author":"Q Yu","year":"2025","unstructured":"Yu Q, et al. Global, regional, and National burden and trends of stroke among youths and young adults (15\u201339 years): 1990\u20132021 analysis. Front Neurol. 2025;15:1535278. https:\/\/doi.org\/10.3389\/fneur.2025.1535278.","journal-title":"Front Neurol"},{"key":"25074_CR10","doi-asserted-by":"publisher","first-page":"1","DOI":"10.1186\/s12889-018-5806-x","volume":"18","author":"A Gheorghe","year":"2018","unstructured":"Gheorghe A, Griffiths U, Murphy A, Legido-Quigley H, Lamptey P, Perel P. The economic burden of cardiovascular disease and hypertension in low-and middle-income countries: a systematic review. BMC Public Health. 2018;18:1\u201311.","journal-title":"BMC Public Health"},{"key":"25074_CR11","first-page":"78836","volume-title":"Informal care in europe: exploring formalisation, availability and quality","author":"V Zigante","year":"2018","unstructured":"Zigante V. Informal care in europe: exploring formalisation, availability and quality. Volume 10. Luxembourg: European Commission; 2018. p. 78836. Report No."},{"issue":"24","key":"25074_CR12","doi-asserted-by":"publisher","first-page":"9531","DOI":"10.3390\/ijerph17249531","volume":"17","author":"A Tur-Sinai","year":"2020","unstructured":"Tur-Sinai A, Teti A, Rommel A, Hlebec V, Lamura G. How many older informal caregivers are there in europe? Comparison of estimates of their prevalence from three european surveys. Int J Environ Res Public Health. 2020;17(24):9531. https:\/\/doi.org\/10.3390\/ijerph17249531.","journal-title":"Int J Environ Res Public Health"},{"issue":"8","key":"25074_CR13","doi-asserted-by":"publisher","first-page":"e609","DOI":"10.1093\/geront\/gnz118","volume":"60","author":"E Walter","year":"2020","unstructured":"Walter E, Pinquart M. How effective are dementia caregiver interventions? An updated comprehensive meta-analysis. Gerontologist. 2020;60(8):e609\u201319.","journal-title":"Gerontologist"},{"issue":"1","key":"25074_CR14","doi-asserted-by":"publisher","first-page":"635","DOI":"10.1146\/annurev-psych-010419-050754","volume":"71","author":"R Schulz","year":"2020","unstructured":"Schulz R, Beach SR, Czaja SJ, Martire LM, Monin JK. Family caregiving for older adults. Ann Rev Psychol. 2020;71(1):635\u201359.","journal-title":"Ann Rev Psychol"},{"key":"25074_CR15","doi-asserted-by":"publisher","first-page":"103360","DOI":"10.1016\/j.apergo.2021.103360","volume":"93","author":"NA Pay","year":"2021","unstructured":"Pay NA, Sommerich CM, Lavender SA. Assessment of alternative methods for informal caregivers to perform patient repositioning tasks. Appl Ergon. 2021;93:103360.","journal-title":"Appl Ergon"},{"issue":"1","key":"25074_CR16","doi-asserted-by":"publisher","first-page":"105","DOI":"10.1377\/hlthaff.2021.01239","volume":"41","author":"NB Coe","year":"2022","unstructured":"Coe NB, Werner RM. Informal caregivers provide considerable Front-Line support in residential care facilities and nursing homes: study examines the informal caregivers\u2019 considerable frontline support in residential care facilities and nursing homes. Health Aff. 2022;41(1):105\u201311.","journal-title":"Health Aff"},{"key":"25074_CR17","doi-asserted-by":"publisher","first-page":"1","DOI":"10.1186\/s12877-020-01708-3","volume":"20","author":"N Lindt","year":"2020","unstructured":"Lindt N, van Berkel J, Mulder BC. Determinants of overburdening among informal carers: a systematic review. BMC Geriatr. 2020;20:1\u201312.","journal-title":"BMC Geriatr"},{"issue":"4","key":"25074_CR18","doi-asserted-by":"crossref","first-page":"86","DOI":"10.6018\/eglobal.512191","volume":"21","author":"R Noell-Boix","year":"2022","unstructured":"Noell-Boix R, Ochandorena-Acha M, Reig-Garcia G, Moreno-Casbas MT, Casas-Baroy JC. Identification of the needs of informal caregivers: an exploratory study. Enfermer\u00eda Global. 2022;21(4):86\u201399.","journal-title":"Enfermer\u00eda Global"},{"issue":"2","key":"25074_CR19","doi-asserted-by":"publisher","first-page":"302","DOI":"10.1108\/JD-01-2021-0014","volume":"78","author":"L Sbaffi","year":"2022","unstructured":"Sbaffi L, Hargreaves S. The information trust formation process for informal caregivers of people with dementia: a qualitative study. J Doc. 2022;78(2):302\u201319.","journal-title":"J Doc"},{"key":"25074_CR20","doi-asserted-by":"publisher","unstructured":"Del Pino CA. La importancia Del cuidado: El Cuidador informal, Los empleados Del servicio dom\u00e9stico y Cuidadores dom\u00e9sticos internos. Anuario jur\u00eddico Y econ\u00f3mico Escurialense. 2020;(53);139\u201364.\u00a0https:\/\/doi.org\/10.54571\/ajee.434.","DOI":"10.54571\/ajee.434"},{"key":"25074_CR21","doi-asserted-by":"publisher","first-page":"1","DOI":"10.1186\/s12913-021-07264-9","volume":"21","author":"B Ekman","year":"2021","unstructured":"Ekman B, McKee K, Vicente J, Magnusson L, Hanson E. Cost analysis of informal care: estimates from a National cross-sectional survey in Sweden. BMC Health Serv Res. 2021;21:1\u20139.","journal-title":"BMC Health Serv Res"},{"issue":"2","key":"25074_CR22","first-page":"151","volume":"31","author":"SJ Yoon","year":"2020","unstructured":"Yoon SJ, Kim JH, Lee JY. The influence of caregiver burden on perceived health status among family caregivers of patients with chronic illness: A cross-sectional study. J Korean Acad Community Health Nurs. 2020;31(2):151\u201360.","journal-title":"J Korean Acad Community Health Nurs"},{"issue":"7","key":"25074_CR23","first-page":"286","volume":"39","author":"KH Kong","year":"1998","unstructured":"Kong KH, Chua KS, Tow AP. Clinical characteristics and functional outcome of stroke patients 3 months, 6 months and 1 year after rehabilitation. Singap Med J. 1998;39(7):286\u20139.","journal-title":"Singap Med J"},{"key":"25074_CR24","doi-asserted-by":"publisher","first-page":"1728","DOI":"10.1186\/s12889-021-11991-3","volume":"21","author":"Y Wang","year":"2021","unstructured":"Wang Y, Zhang C, Wang Y, Zhang J, Wang Y. Burden of informal care in stroke survivors and its determinants. BMC Public Health. 2021;21:1728. https:\/\/doi.org\/10.1186\/s12889-021-11991-3.","journal-title":"BMC Public Health"},{"issue":"2","key":"25074_CR25","doi-asserted-by":"publisher","first-page":"98","DOI":"10.1016\/j.rehab.2014.09.017","volume":"58","author":"CA Gbiri","year":"2015","unstructured":"Gbiri CA, Olawale OA, Isaac SO. Stroke management: informal caregivers\u2019 burdens and strains of caring for stroke survivors. Ann Phys Rehabil Med. 2015;58(2):98\u2013103. https:\/\/doi.org\/10.1016\/j.rehab.2014.09.017.","journal-title":"Ann Phys Rehabil Med"},{"issue":"4","key":"25074_CR26","doi-asserted-by":"publisher","first-page":"285","DOI":"10.1111\/j.1747-4949.2009.00289.x","volume":"4","author":"H Rigby","year":"2009","unstructured":"Rigby H, Gubitz G, Phillips S. A systematic review of caregiver burden following stroke. Int J Stroke. 2009;4(4):285\u201392. https:\/\/doi.org\/10.1111\/j.1747-4949.2009.00289.x.","journal-title":"Int J Stroke"},{"key":"25074_CR27","doi-asserted-by":"publisher","first-page":"118","DOI":"10.1016\/j.resuscitation.2021.08.025","volume":"167","author":"M Bohm","year":"2021","unstructured":"Bohm M, Cronberg T, \u00c5restedt K, Friberg H, Hassager C, Kjaergaard J, Lilja G. Caregiver burden and health-related quality of life amongst caregivers of out-of-hospital cardiac arrest survivors. Resuscitation. 2021;167:118\u201327.","journal-title":"Resuscitation"},{"issue":"5","key":"25074_CR28","doi-asserted-by":"publisher","first-page":"797","DOI":"10.1017\/S1041610210002218","volume":"23","author":"R Chattat","year":"2011","unstructured":"Chattat R, Cortesi V, Izzicupo F, et al. The Italian version of the Zarit burden interview: a validation study. Int Psychogeriatr. 2011;23(5):797\u2013805. https:\/\/doi.org\/10.1017\/S1041610210002218.","journal-title":"Int Psychogeriatr"},{"key":"25074_CR29","doi-asserted-by":"crossref","unstructured":"Gon\u00e7alves-Pereira M, Zarit SH. The Zarit Burden Interview in Portugal: Validity and Recommendations in Dementia and Palliative Care. Acta Med Port. 2014;27(2):163-5. Available from: https:\/\/www.actamedicaportuguesa.com\/revista\/index.php\/amp\/article\/view\/5107. Cited 2024 Dec. 23.","DOI":"10.20344\/amp.5107"},{"key":"25074_CR30","first-page":"338","volume":"6","author":"M Mart\u00edn","year":"1996","unstructured":"Mart\u00edn M, Salvad\u00f3 I, Nadal S, Miji LC, Rico JM, Lanz P, et al. Adaptaci\u00f3n Para Nuestro medio de La Escala de Sobre- Carga Del Cuidador (Caregiver burden Interview) de Zarit. Rev Gerontol. 1996;6:338\u201346.","journal-title":"Rev Gerontol"},{"key":"25074_CR31","doi-asserted-by":"publisher","unstructured":"Szatkowska K, Basi\u0144ska MA. Burden in family caregivers: The psychometric properties of Polish version of the Zarit Burden Interview. Psychiatria Polska. 2024;58(1):51\u201362. https:\/\/doi.org\/10.12740\/pp\/163086. PMID: 38852184.","DOI":"10.12740\/pp\/163086"},{"issue":"9","key":"25074_CR32","doi-asserted-by":"publisher","first-page":"3008","DOI":"10.3390\/jcm14093008","volume":"14","author":"B Ry\u015b","year":"2025","unstructured":"Ry\u015b B, et al. Determinants of informal care, burden, and risk of burnout in caregivers providing care to post-stroke patients. J Clin Med. 2025;14(9):3008. https:\/\/doi.org\/10.3390\/jcm14093008.","journal-title":"J Clin Med"},{"issue":"6","key":"25074_CR33","doi-asserted-by":"publisher","first-page":"277","DOI":"10.1097\/JNN.0000000000000552","volume":"52","author":"S Achilike","year":"2020","unstructured":"Achilike S, Beauchamp JES, Cron SG, Okpala M, Payen SS, Baldridge L, et al. Caregiver burden and associated factors among informal caregivers of stroke survivors. J Neurosci Nurs. 2020;52(6):277\u201383. https:\/\/doi.org\/10.1097\/JNN.0000000000000552.","journal-title":"J Neurosci Nurs"},{"issue":"7","key":"25074_CR34","doi-asserted-by":"publisher","first-page":"990","DOI":"10.3390\/healthcare11070990","volume":"11","author":"A Denche-Zamorano","year":"2023","unstructured":"Denche-Zamorano A, Carlos-Vivas J, Mendoza-Mu\u00f1oz M, Rodrigues-de Arruda M, Barrios-Fernandez S. Depression, anxiety and antidepressants and anxiolytics use in Spanish informal caregivers according to the physical activity frequency. Healthc (Basel). 2023;11(7):990. https:\/\/doi.org\/10.3390\/healthcare11070990.","journal-title":"Healthc (Basel)"},{"issue":"1","key":"25074_CR35","doi-asserted-by":"publisher","first-page":"36","DOI":"10.1080\/10749357.2022.2125898","volume":"30","author":"E Giray","year":"2023","unstructured":"Giray E, Altunok EC, Tulek Z. Determinants of caregiver burden in stroke: patient- and caregiver-related factors. Top Stroke Rehabil. 2023;30(1):36\u201345. https:\/\/doi.org\/10.1080\/10749357.2022.2125898.","journal-title":"Top Stroke Rehabil"},{"key":"25074_CR36","doi-asserted-by":"publisher","first-page":"91","DOI":"10.2147\/NRR.S444622","volume":"14","author":"F Handayani","year":"2024","unstructured":"Handayani F, Kusumaningrum NSD, Dwidiyanti M. The correlation between caregiver burden and quality of life among family caregivers of stroke survivors: the mediating role of resilience. Nurs Res Rev. 2024;14:91\u2013102. https:\/\/doi.org\/10.2147\/NRR.S444622.","journal-title":"Nurs Res Rev"},{"key":"25074_CR37","doi-asserted-by":"publisher","first-page":"566","DOI":"10.1186\/s12888-020-02957-9","volume":"20","author":"Q Li","year":"2020","unstructured":"Li Q, Zheng Y, Kong X, Huang Y, Congdon N, Jin L, et al. Influence of social support on the mental health of caregivers: a cross-sectional survey in China. BMC Psychiatry. 2020;20:566. https:\/\/doi.org\/10.1186\/s12888-020-02957-9.","journal-title":"BMC Psychiatry"},{"issue":"7","key":"25074_CR38","doi-asserted-by":"publisher","first-page":"1045","DOI":"10.1080\/13607863.2019.1571019","volume":"24","author":"L Kaddour","year":"2020","unstructured":"Kaddour L, Kishita N. Anxiety in informal dementia caregivers: a meta-analysis of prevalence and correlates. Aging Ment Health. 2020;24(7):1045\u201355. https:\/\/doi.org\/10.1080\/13607863.2019.1571019.","journal-title":"Aging Ment Health"},{"issue":"1","key":"25074_CR39","doi-asserted-by":"publisher","first-page":"65","DOI":"10.1080\/08952841.2019.1682700","volume":"33","author":"R Del-Pino-Casado","year":"2021","unstructured":"Del-Pino-Casado R, Palomino-Moral PA, Pastor-Bravo MD, Fr\u00edas-Osuna A. Gender differences in primary home caregivers of older relatives with dementia: a systematic review. J Women Aging. 2021;33(1):65\u201379. https:\/\/doi.org\/10.1080\/08952841.2019.1682700.","journal-title":"J Women Aging"},{"issue":"6","key":"25074_CR40","doi-asserted-by":"publisher","first-page":"693","DOI":"10.1080\/13607863.2011.651433","volume":"16","author":"C Quinn","year":"2012","unstructured":"Quinn C, Clare L, McGuinness T, Woods RT. The impact of meaning in life, social support and religious faith on caregiver burden in dementia. Aging Ment Health. 2012;16(6):693\u2013707. https:\/\/doi.org\/10.1080\/13607863.2011.651433.","journal-title":"Aging Ment Health"},{"issue":"5","key":"25074_CR41","doi-asserted-by":"publisher","first-page":"558","DOI":"10.1080\/07317115.2020.1759748","volume":"43","author":"VR Marino","year":"2020","unstructured":"Marino VR, Badana AN, Haley WE. Care demands and well-being of primary and secondary non-spousal caregivers of aging adults. Clin Gerontologist. 2020;43(5):558\u201371.","journal-title":"Clin Gerontologist"},{"key":"25074_CR42","doi-asserted-by":"publisher","first-page":"101882","DOI":"10.1016\/j.ejon.2020.101882","volume":"50","author":"S Unsar","year":"2021","unstructured":"Unsar S, Erol O, Ozdemir O. Caregiving burden, depression, and anxiety in family caregivers of patients with cancer. Eur J Oncol Nurs. 2021;50:101882.","journal-title":"Eur J Oncol Nurs"},{"issue":"3","key":"25074_CR43","doi-asserted-by":"publisher","first-page":"161","DOI":"10.1177\/0891988719868313","volume":"33","author":"L Kaddour","year":"2020","unstructured":"Kaddour L, Kishita N. Anxiety in informal dementia carers: A meta-analysis of prevalence. J Geriatr Psychiatr Neurol. 2020;33(3):161\u201372.","journal-title":"J Geriatr Psychiatr Neurol"},{"key":"25074_CR44","doi-asserted-by":"crossref","unstructured":"Del-Pino-Casado R, Priego-Cubero E, L\u00f3pez-Mart\u00ednez C, Orgeta V. Subjective caregiver burden and anxiety in informal caregivers: A systematic review and meta-analysis. PLoS ONE. 2021;16(3):e0247143.","DOI":"10.1371\/journal.pone.0247143"},{"key":"25074_CR45","doi-asserted-by":"publisher","first-page":"1198613","DOI":"10.3389\/fpsyt.2023.1198613","volume":"14","author":"M Giusti","year":"2023","unstructured":"Giusti M, Persiani N. Arteterapia En La Enfermedad de alzheimer: Una oportunidad de colaboraci\u00f3n Entre organizaciones p\u00fablicas y Privadas intersectoriales En El codise\u00f1o de servicios de Salud y asistencia social. Front Psychiatry. 2023;14:1198613. https:\/\/doi.org\/10.3389\/fpsyt.2023.1198613.","journal-title":"Front Psychiatry"},{"issue":"3","key":"25074_CR46","doi-asserted-by":"publisher","first-page":"224","DOI":"10.1097\/JCN.0000000000000975","volume":"38","author":"Y Su","year":"2023","unstructured":"Su Y, Cheng M, Zhu C, Ge Y, Ke Y, Shi Y, Hou Y. The influence of informal caregivers\u2019 preparedness on psychological symptoms and quality of life among patients with heart failure and insufficient self-care. J Cardiovasc Nurs. 2023;38(3):224\u201336.","journal-title":"J Cardiovasc Nurs"},{"issue":"4","key":"25074_CR47","doi-asserted-by":"publisher","first-page":"1001","DOI":"10.1111\/hsc.13134","volume":"29","author":"JM Hern\u00e1ndez-Padilla","year":"2021","unstructured":"Hern\u00e1ndez-Padilla JM, Ruiz\u2010Fern\u00e1ndez MD, Granero\u2010Molina J, Ort\u00edz\u2010Amo R, L\u00f3pez Rodr\u00edguez MM, Fern\u00e1ndez\u2010Sola C. Perceived health, caregiver overload and perceived social support in family caregivers of patients with alzheimer\u2019s: gender differences. Health Soc Care Commun. 2021;29(4):1001\u20139.","journal-title":"Health Soc Care Commun"},{"issue":"4","key":"25074_CR48","doi-asserted-by":"publisher","first-page":"3466","DOI":"10.3390\/nursrep14040252","volume":"14","author":"B Guti\u00e9rrez-S\u00e1nchez","year":"2024","unstructured":"Guti\u00e9rrez-S\u00e1nchez B, L\u00f3pez-Mart\u00ednez C, da-Silva-Domingues H, del-Pino-Casado R. Relationship between perceived and received social support in family caregivers: A systematic review with Meta-Analysis. Nurs Rep. 2024;14(4):3466\u201375.","journal-title":"Nurs Rep"},{"issue":"5","key":"25074_CR49","doi-asserted-by":"publisher","first-page":"600","DOI":"10.1016\/j.gerinurse.2020.03.014","volume":"41","author":"Y Li","year":"2020","unstructured":"Li Y, Hu L, Shen Y, Xue H, Hou P, Liu Y. Health literacy, social support, and care ability for caregivers of dementia patients: structural equation modeling. Geriatr Nurs. 2020;41(5):600\u20137.","journal-title":"Geriatr Nurs"},{"issue":"3","key":"25074_CR50","doi-asserted-by":"publisher","first-page":"682","DOI":"10.1093\/bjsw\/bcz039","volume":"50","author":"CK Chan","year":"2020","unstructured":"Chan CK, Vickers T, Barnard A. Meaning through caregiving: a qualitative study of the experiences of informal carers. Br J Social Work. 2020;50(3):682\u2013700.","journal-title":"Br J Social Work"},{"key":"25074_CR51","doi-asserted-by":"publisher","unstructured":"Giusti M, Persiani N. Profesiones sanitarias italianas de las \u00e1reas t\u00e9cnica, de rehabilitaci\u00f3n y de prevenci\u00f3n para apoyar la reforma del sistema sanitario de referencia tras la pandemia de Covid-19. En N. Persiani, I. E. Vannini, A. Romiti, A. Karasavvoglou, & P. Polychronidou, editors, Desaf\u00edos de los sistemas sanitarios en la era de la COVID-19. Contribuciones a la ciencia de la gesti\u00f3n (pp. XX-XX). Springer, Cham. 2023.\u00a0https:\/\/doi.org\/10.1007\/978-3-031-43114-2_3.","DOI":"10.1007\/978-3-031-43114-2_3"}],"container-title":["BMC Public Health"],"original-title":[],"language":"en","link":[{"URL":"https:\/\/link.springer.com\/content\/pdf\/10.1186\/s12889-025-25074-0.pdf","content-type":"application\/pdf","content-version":"vor","intended-application":"text-mining"},{"URL":"https:\/\/link.springer.com\/article\/10.1186\/s12889-025-25074-0\/fulltext.html","content-type":"text\/html","content-version":"vor","intended-application":"text-mining"},{"URL":"https:\/\/link.springer.com\/content\/pdf\/10.1186\/s12889-025-25074-0.pdf","content-type":"application\/pdf","content-version":"vor","intended-application":"similarity-checking"}],"deposited":{"date-parts":[[2025,11,21]],"date-time":"2025-11-21T15:27:42Z","timestamp":1763738862000},"score":1,"resource":{"primary":{"URL":"https:\/\/bmcpublichealth.biomedcentral.com\/articles\/10.1186\/s12889-025-25074-0"}},"subtitle":[],"short-title":[],"issued":{"date-parts":[[2025,11,21]]},"references-count":51,"journal-issue":{"issue":"1","published-online":{"date-parts":[[2025,12]]}},"alternative-id":["25074"],"URL":"https:\/\/doi.org\/10.1186\/s12889-025-25074-0","relation":{},"ISSN":["1471-2458"],"issn-type":[{"value":"1471-2458","type":"electronic"}],"subject":[],"published":{"date-parts":[[2025,11,21]]},"assertion":[{"value":"19 February 2025","order":1,"name":"received","label":"Received","group":{"name":"ArticleHistory","label":"Article History"}},{"value":"24 September 2025","order":2,"name":"accepted","label":"Accepted","group":{"name":"ArticleHistory","label":"Article History"}},{"value":"21 November 2025","order":3,"name":"first_online","label":"First Online","group":{"name":"ArticleHistory","label":"Article History"}},{"order":1,"name":"Ethics","group":{"name":"EthicsHeading","label":"Declarations"}},{"value":"The study complied with international ethical recommendations laid out by the Declaration of Helsinki. Participation was entirely voluntary and non-reimbursed. Participants provided informed consent and responses to all questions were anonymised. All gathered personal information was stored in compliance with legal requirements for the protection of personal data and guarantee of digital rights (Organic Law 15\/1999, of the 13th of December and Organic Law 3\/2018, of the 5th of December 2018). The project was approved by the Ethics Committee of CaregIVR Project_ESSATLA.","order":2,"name":"Ethics","group":{"name":"EthicsHeading","label":"Ethics approval and consent to participate"}},{"value":"Not applicable.","order":3,"name":"Ethics","group":{"name":"EthicsHeading","label":"Consent for publication"}},{"value":"The authors declare no competing interests.","order":4,"name":"Ethics","group":{"name":"EthicsHeading","label":"Competing interests"}}],"article-number":"4098"}}