{"status":"ok","message-type":"work","message-version":"1.0.0","message":{"indexed":{"date-parts":[[2026,3,31]],"date-time":"2026-03-31T11:30:26Z","timestamp":1774956626829,"version":"3.50.1"},"reference-count":96,"publisher":"Springer Science and Business Media LLC","issue":"1","license":[{"start":{"date-parts":[[2025,11,11]],"date-time":"2025-11-11T00:00:00Z","timestamp":1762819200000},"content-version":"tdm","delay-in-days":0,"URL":"https:\/\/creativecommons.org\/licenses\/by\/4.0"},{"start":{"date-parts":[[2025,11,11]],"date-time":"2025-11-11T00:00:00Z","timestamp":1762819200000},"content-version":"vor","delay-in-days":0,"URL":"https:\/\/creativecommons.org\/licenses\/by\/4.0"}],"funder":[{"name":"FCT Funda\u00e7\u00e3o para a Ci\u00eancia e a Tecnologia, I.P.","award":["RISE - LA\/P\/0053\/2020"],"award-info":[{"award-number":["RISE - LA\/P\/0053\/2020"]}]}],"content-domain":{"domain":["link.springer.com"],"crossmark-restriction":false},"short-container-title":["BMC Nurs"],"DOI":"10.1186\/s12912-025-04014-8","type":"journal-article","created":{"date-parts":[[2025,11,11]],"date-time":"2025-11-11T12:02:16Z","timestamp":1762862536000},"update-policy":"https:\/\/doi.org\/10.1007\/springer_crossmark_policy","source":"Crossref","is-referenced-by-count":1,"title":["Factors associated with anxiety, stress, depression and burden among informal caregivers of patients with dementia: a cross-sectional study"],"prefix":"10.1186","volume":"24","author":[{"given":"Sofia Canedo","family":"Garrido","sequence":"first","affiliation":[]},{"given":"S\u00f3nia","family":"Teixeira","sequence":"additional","affiliation":[]},{"given":"Gerard","family":"Mora-Lopez","sequence":"additional","affiliation":[]},{"given":"Francisco","family":"Sampaio","sequence":"additional","affiliation":[]}],"member":"297","published-online":{"date-parts":[[2025,11,11]]},"reference":[{"key":"4014_CR1","doi-asserted-by":"publisher","DOI":"10.2785\/628105","volume-title":"Ageing europe: looking at the lives of older people in the EU","author":"Eurostat","year":"2020","unstructured":"Eurostat. Ageing europe: looking at the lives of older people in the EU. Luxembourg: Publications Office of the European Union; 2020. https:\/\/doi.org\/10.2785\/628105."},{"key":"4014_CR2","doi-asserted-by":"publisher","DOI":"10.1787\/4dd50c09-en","volume-title":"Health at a glance: OECD indicators","author":"OECD","year":"2021","unstructured":"OECD. Health at a glance: OECD indicators. Paris: OECD Publishing; 2021. https:\/\/doi.org\/10.1787\/4dd50c09-en."},{"key":"4014_CR3","doi-asserted-by":"publisher","DOI":"10.1038\/s41598-025-97691-z","author":"A B\u00f6rsch-Supan","year":"2025","unstructured":"B\u00f6rsch-Supan A, Douhou S, Otero MC, Tawiah BB. Harmonized prevalence estimates of dementia in Europe vary strongly with childhood education. Sci Rep. 2025. https:\/\/doi.org\/10.1038\/s41598-025-97691-z.","journal-title":"Sci Rep"},{"key":"4014_CR4","unstructured":"Alzheimer Europe. Dementia in Europe Yearbook 2019: Estimating the prevalence of dementia in Europe. Luxembourg: Alzheimer Europe. 2019. ISBN 978-99959-995-9-9."},{"key":"4014_CR5","doi-asserted-by":"publisher","unstructured":"Gon\u00e7alves-Pereira M, Verdelho A, Prina M, Marques MJ, Xavier M. How many people live with dementia in Portugal? A discussion paper of national estimates. Port J Public Health. 2021;39(1):58\u201368. https:\/\/doi.org\/10.1159\/000516503","DOI":"10.1159\/000516503"},{"issue":"1","key":"4014_CR6","doi-asserted-by":"publisher","first-page":"37","DOI":"10.1186\/s13561-021-00333-z","volume":"11","author":"RC Angeles","year":"2021","unstructured":"Angeles RC, Berge LI, Gedde MH, Kjerstad E, Vislapuu M, Puaschitz NG, et al. Which factors increase informal care hours and societal costs among caregivers of people with dementia? A systematic review of resource utilization in dementia (RUD). Health Econ Rev. 2021;11(1):37. https:\/\/doi.org\/10.1186\/s13561-021-00333-z.","journal-title":"Health Econ Rev"},{"key":"4014_CR7","doi-asserted-by":"crossref","unstructured":"Gon\u00e7alves-Pereira M, Marques MJ, Balsinha C, Fernandes A, Machado AS, Verdelho A, et al. Necessidades de Cuidados e Recurso aos Servi\u00e7os na Dem\u00eancia: Avalia\u00e7\u00e3o Inicial da Coorte Portuguesa no Estudo Actifcare. Acta Med Port [Internet]. 2019;32(5):355. Available from: https:\/\/www.actamedicaportuguesa.com\/revista\/index.php\/amp\/article\/view\/11136","DOI":"10.20344\/amp.11136"},{"issue":"1","key":"4014_CR8","doi-asserted-by":"publisher","first-page":"10","DOI":"10.1186\/s12912-015-0107-5","volume":"14","author":"H Kraijo","year":"2015","unstructured":"Kraijo H, van Exel J, Brouwer W. The perseverance time of informal carers for people with dementia: results of a two-year longitudinal follow-up study. BMC Nurs. 2015;14(1):10. https:\/\/doi.org\/10.1186\/s12912-015-0107-5.","journal-title":"BMC Nurs"},{"key":"4014_CR9","volume-title":"The challenging roles of informal carers. Policy brief on Ageing, No. 22","author":"United Nations Economic Commission for Europe","year":"2019","unstructured":"United Nations Economic Commission for Europe. The challenging roles of informal carers. Policy brief on Ageing, No. 22. Geneva: UNECE; 2019."},{"key":"4014_CR10","volume-title":"World alzheimer report 2024: global changes in attitudes to dementia","author":"Alzheimer\u2019s Disease International","year":"2024","unstructured":"Alzheimer\u2019s Disease International. World alzheimer report 2024: global changes in attitudes to dementia. London: Alzheimer\u2019s Disease International; 2024."},{"issue":"3","key":"4014_CR11","doi-asserted-by":"publisher","first-page":"113","DOI":"10.1007\/s12062-015-9116-0","volume":"8","author":"JM Bauer","year":"2015","unstructured":"Bauer JM, Sousa-Poza A. Impacts of informal caregiving on caregiver employment, health, and family. J Popul Ageing. 2015;8(3):113\u201345. https:\/\/doi.org\/10.1007\/s12062-015-9116-0.","journal-title":"J Popul Ageing"},{"key":"4014_CR12","first-page":"261","volume-title":"World alzheimer report 2022: life after diagnosis: navigating treatment, care and support","author":"C Webster","year":"2022","unstructured":"Webster C, Morais J. Interventions for the carers. In: Gauthier S, Webster C, Servaes S, Morais JA, Rosa-Neto P, editors. World alzheimer report 2022: life after diagnosis: navigating treatment, care and support. London: Alzheimer\u2019s Disease International; 2022. pp. 261\u201382."},{"key":"4014_CR13","doi-asserted-by":"publisher","first-page":"1","DOI":"10.1016\/j.ijnurstu.2017.10.008","volume":"79","author":"DSF Yu","year":"2018","unstructured":"Yu DSF, Cheng ST, Wang J. Unravelling positive aspects of caregiving in dementia: an integrative review of research literature. Int J Nurs Stud. 2018;79:1\u201326. https:\/\/doi.org\/10.1016\/j.ijnurstu.2017.10.008.","journal-title":"Int J Nurs Stud"},{"issue":"7","key":"4014_CR14","doi-asserted-by":"publisher","first-page":"1774","DOI":"10.1111\/jgs.17345","volume":"69","author":"MP Aranda","year":"2021","unstructured":"Aranda MP, Kremer IN, Hinton L, Zissimopoulos J, Whitmer RA, Hummel CH, et al. Impact of dementia: health disparities, population trends, care interventions, and economic costs. J Am Geriatr Soc. 2021;69(7):1774\u201383. https:\/\/doi.org\/10.1111\/jgs.17345.","journal-title":"J Am Geriatr Soc"},{"issue":"5","key":"4014_CR15","doi-asserted-by":"publisher","first-page":"e0217648","DOI":"10.1371\/journal.pone.0217648","volume":"14","author":"R Del-Pino-Casado","year":"2019","unstructured":"Del-Pino-Casado R, Cardosa MR, L\u00f3pez-Mart\u00ednez C, Orgeta V. The association between subjective caregiver burden and depressive symptoms in carers of older relatives: a systematic review and meta-analysis. PLoS ONE. 2019;14(5):e0217648. https:\/\/doi.org\/10.1371\/journal.pone.0217648.","journal-title":"PLoS ONE"},{"key":"4014_CR16","doi-asserted-by":"publisher","first-page":"101711","DOI":"10.1016\/j.eclinm.2022.101711","volume":"53","author":"J Ervin","year":"2022","unstructured":"Ervin J, Taouk Y, Fleitas Alfonzo L, Peasgood T, King T. Longitudinal association between informal unpaid caregiving and mental health amongst working-age adults in high-income OECD countries: a systematic review. EClinicalMedicine. 2022;53:101711. https:\/\/doi.org\/10.1016\/j.eclinm.2022.101711.","journal-title":"EClinicalMedicine"},{"issue":"7","key":"4014_CR17","doi-asserted-by":"publisher","first-page":"1274","DOI":"10.1080\/13607863.2022.2102138","volume":"27","author":"J Gilsenan","year":"2023","unstructured":"Gilsenan J, Gorman C, Shevlin M. Explaining caregiver burden in a large sample of UK dementia caregivers: the role of contextual factors, behavioural problems, psychological resilience, and anticipatory grief. Aging Ment Health. 2023;27(7):1274\u201381. https:\/\/doi.org\/10.1080\/13607863.2022.2102138.","journal-title":"Aging Ment Health"},{"key":"4014_CR18","doi-asserted-by":"publisher","first-page":"189","DOI":"10.1186\/s12877-018-0885-1","volume":"18","author":"N Karg","year":"2018","unstructured":"Karg N, Graessel E, Randzio O, et al. Dementia as a predictor of care-related quality of life in informal caregivers: a cross-sectional study to investigate differences in health-related outcomes between dementia and non-dementia caregivers. BMC Geriatr. 2018;18:189. https:\/\/doi.org\/10.1186\/s12877-018-0885-1.","journal-title":"BMC Geriatr"},{"issue":"5","key":"4014_CR19","doi-asserted-by":"publisher","first-page":"483","DOI":"10.1177\/0898264308317533","volume":"20","author":"Y Kim","year":"2008","unstructured":"Kim Y, Schulz R. Family caregivers\u2019 strains: comparative analysis of cancer caregiving with dementia, diabetes, and frail elderly caregiving. J Aging Health. 2008;20(5):483\u2013503. https:\/\/doi.org\/10.1177\/0898264308317533.","journal-title":"J Aging Health"},{"key":"4014_CR20","doi-asserted-by":"publisher","first-page":"177","DOI":"10.1186\/s12888-021-03164-8","volume":"21","author":"L K\u00fcrten","year":"2021","unstructured":"K\u00fcrten L, Dietzel N, Kolominsky-Rabas PL, Graessel E. Predictors of the one-year-change in depressiveness in informal caregivers of community-dwelling people with dementia. BMC Psychiatry. 2021;21:177. https:\/\/doi.org\/10.1186\/s12888-021-03164-8.","journal-title":"BMC Psychiatry"},{"issue":"3","key":"4014_CR21","doi-asserted-by":"publisher","first-page":"187","DOI":"10.1097\/NCC.0b013e31822cb4a0","volume":"35","author":"E Papastavrou","year":"2012","unstructured":"Papastavrou E, Charalambous A, Tsangari H, Karayiannis G. The burdensome and depressive experience of caring: what cancer, schizophrenia, and alzheimer\u2019s disease caregivers have in common. Cancer Nurs. 2012;35(3):187\u201394. https:\/\/doi.org\/10.1097\/NCC.0b013e31822cb4a0.","journal-title":"Cancer Nurs"},{"issue":"4","key":"4014_CR22","doi-asserted-by":"publisher","first-page":"1074","DOI":"10.1177\/07334648211014352","volume":"41","author":"LJ Parker","year":"2022","unstructured":"Parker LJ, Fabius C, Rivers E, Taylor JL. Is dementia-specific caregiving compared with non-dementia caregiving associated with physical difficulty among caregivers for community-dwelling adults? J Appl Gerontol. 2022;41(4):1074\u201380. https:\/\/doi.org\/10.1177\/07334648211014352.","journal-title":"J Appl Gerontol"},{"issue":"1","key":"4014_CR23","doi-asserted-by":"publisher","first-page":"358","DOI":"10.1186\/s12877-023-04358-3","volume":"23","author":"G Steinsheim","year":"2023","unstructured":"Steinsheim G, Malmedal W, Follestad T, Olsen B, Saga S. Factors associated with subjective burden among informal caregivers of home-dwelling people with dementia: a cross-sectional study. BMC Geriatr. 2023;23(1):358. https:\/\/doi.org\/10.1186\/s12877-023-04358-3.","journal-title":"BMC Geriatr"},{"issue":"9","key":"4014_CR24","doi-asserted-by":"publisher","first-page":"1207","DOI":"10.1080\/13607863.2017.1339777","volume":"22","author":"E Wawrziczny","year":"2018","unstructured":"Wawrziczny E, Berna G, Ducharme F, Kergoat MJ, Pasquier F, Antoine P. Characteristics of the spouse caregiving experience: comparison between early- and late-onset dementia. Aging Ment Health. 2018;22(9):1207\u201315. https:\/\/doi.org\/10.1080\/13607863.2017.1339777.","journal-title":"Aging Ment Health"},{"key":"4014_CR25","doi-asserted-by":"publisher","first-page":"p253","DOI":"10.1093\/geront\/26.3.253","volume":"26","author":"LK George","year":"1986","unstructured":"George LK, Gwyther LP. Caregiver well-being: a multidimensional examination of family caregivers of demented adults. Gerontologist. 1986;26:p253.","journal-title":"Gerontologist"},{"issue":"5","key":"4014_CR26","doi-asserted-by":"publisher","first-page":"583","DOI":"10.1093\/geront\/30.5.583","volume":"30","author":"LI Pearlin","year":"1990","unstructured":"Pearlin LI, Mullan JT, Semple SJ, Skaff MM. Caregiving and the stress process: an overview of concepts and their measures. Gerontologist. 1990;30(5):583\u201394. https:\/\/doi.org\/10.1093\/geront\/30.5.583.","journal-title":"Gerontologist"},{"key":"4014_CR27","doi-asserted-by":"publisher","first-page":"1004","DOI":"10.1186\/s12912-025-03686-6","volume":"24","author":"YY Su","year":"2025","unstructured":"Su YY, Wang WF, Jhang KM, et al. Enhancing care service utilization and reducing burden: the role of needs assessments for dementia caregivers in long-term care. BMC Nurs. 2025;24:1004. https:\/\/doi.org\/10.1186\/s12912-025-03686-6.","journal-title":"BMC Nurs"},{"key":"4014_CR28","volume-title":"The world health report 2001: mental health \u2013 new understanding, new hope","author":"World Health Organization","year":"2001","unstructured":"World Health Organization. The world health report 2001: mental health \u2013 new understanding, new hope. Geneva: World Health Organization; 2001. https:\/\/iris.who.int\/handle\/10665\/42390."},{"key":"4014_CR29","doi-asserted-by":"publisher","DOI":"10.1037\/11258-000","volume-title":"Current concepts of positive mental health","author":"M Jahoda","year":"1958","unstructured":"Jahoda M. Current concepts of positive mental health. New York: Basic Books; 1958."},{"key":"4014_CR30","first-page":"37","volume-title":"Recursos y programas Para La Salud mental. Enfermer\u00eda psicosocial II","author":"MT Lluch","year":"2008","unstructured":"Lluch MT. Concepto de Salud mental positiva: factores relacionados. In: Forn\u00e9s J, G\u00f3mez J, editors. Recursos y programas Para La Salud mental. Enfermer\u00eda psicosocial II. Madrid: Fuden; 2008. pp. 37\u201368."},{"key":"4014_CR31","doi-asserted-by":"publisher","first-page":"1375378","DOI":"10.3389\/fpubh.2024.1375378","volume":"12","author":"C Sequeira","year":"2024","unstructured":"Sequeira C, Carvalho JC, Roldan-Merino N, Moreno-Poyato AR, Teixeira S, David B, Costa PS, Puig-Llobet M, Lluch-Canut MT. Psychometric properties of the positive mental health questionnaire: short form (PMHQ-SF18) in young adults. Front Public Health. 2024;12:1375378. https:\/\/doi.org\/10.3389\/fpubh.2024.1375378.","journal-title":"Front Public Health"},{"issue":"22","key":"4014_CR32","doi-asserted-by":"publisher","first-page":"15276","DOI":"10.3390\/ijerph192215276","volume":"19","author":"C Andrade","year":"2022","unstructured":"Andrade C, Tavares M, Soares H, Coelho F, Tom\u00e1s C. Positive mental health and mental health literacy of informal caregivers: a scoping review. Int J Environ Res Public Health. 2022;19(22):15276. https:\/\/doi.org\/10.3390\/ijerph192215276.","journal-title":"Int J Environ Res Public Health"},{"issue":"1","key":"4014_CR33","doi-asserted-by":"publisher","first-page":"45","DOI":"10.1186\/s12911-021-01445-6","volume":"21","author":"M Ferr\u00e9-Bergad\u00e0","year":"2021","unstructured":"Ferr\u00e9-Bergad\u00e0 M, Valls A, Raigal-Aran L, Lorca-Cabrera J, Albacar-Riob\u00f3o N, Lluch-Canut T, et al. A method to determine a personalized set of online exercises for improving the positive mental health of a caregiver of a chronically ill patient. BMC Med Inf Decis Mak. 2021;21(1):45. https:\/\/doi.org\/10.1186\/s12911-021-01445-6.","journal-title":"BMC Med Inf Decis Mak"},{"issue":"1","key":"4014_CR34","doi-asserted-by":"publisher","first-page":"888","DOI":"10.1186\/s12889-019-7264-5","volume":"19","author":"C Ferr\u00e9-Grau","year":"2019","unstructured":"Ferr\u00e9-Grau C, Raigal-Aran L, Lorca-Cabrera J, Ferr\u00e9-Bergad\u00e0 M, Lleix\u00e0-Fortu\u00f1o M, Lluch-Canut MT, et al. A multi-centre, randomized, 3-month study to evaluate the efficacy of a smartphone app to increase caregivers\u2019 positive mental health. BMC Public Health. 2019;19(1):888. https:\/\/doi.org\/10.1186\/s12889-019-7264-5.","journal-title":"BMC Public Health"},{"issue":"4","key":"4014_CR35","doi-asserted-by":"publisher","first-page":"243","DOI":"10.1111\/ppc.12164","volume":"53","author":"CA Sequeira","year":"2017","unstructured":"Sequeira CA, Barbosa EN, Nogueira MJ, Sampaio FM. Evaluation of the psychometric properties of the mental vulnerability questionnaire in undergraduate students. Perspect Psychiatr Care. 2017;53(4):243\u201350. https:\/\/doi.org\/10.1111\/ppc.12164.","journal-title":"Perspect Psychiatr Care"},{"issue":"6","key":"4014_CR36","doi-asserted-by":"publisher","first-page":"3185","DOI":"10.3390\/ijerph19063185","volume":"19","author":"S Teixeira","year":"2022","unstructured":"Teixeira S, Ferr\u00e9-Grau C, Canut TL, Pires R, Carvalho JC, Ribeiro I, et al. Positive mental health in university students and its relations with psychological vulnerability, mental health literacy, and sociodemographic characteristics: a descriptive correlational study. Int J Environ Res Public Health. 2022;19(6):3185. https:\/\/doi.org\/10.3390\/ijerph19063185.","journal-title":"Int J Environ Res Public Health"},{"issue":"2","key":"4014_CR37","doi-asserted-by":"publisher","first-page":"119","DOI":"10.1023\/A:1018770926615","volume":"23","author":"VG Sinclair","year":"1999","unstructured":"Sinclair VG, Wallston KA. The development and validation of the psychological vulnerability scale. Cogn Ther Res. 1999;23(2):119\u201329. https:\/\/doi.org\/10.1023\/A:1018770926615.","journal-title":"Cogn Ther Res"},{"issue":"6","key":"4014_CR38","doi-asserted-by":"publisher","first-page":"900","DOI":"10.1111\/psyg.12616","volume":"20","author":"CE Frias","year":"2020","unstructured":"Frias CE, Risco E, Zabalegui A. Psychoeducational intervention on burden and emotional well-being addressed to informal caregivers of people with dementia. Psychogeriatrics. 2020;20(6):900\u20139. https:\/\/doi.org\/10.1111\/psyg.12616.","journal-title":"Psychogeriatrics"},{"issue":"1","key":"4014_CR39","doi-asserted-by":"publisher","first-page":"2","DOI":"10.1186\/1472-6955-13-2","volume":"13","author":"M Rico-Bl\u00e1zquez","year":"2014","unstructured":"Rico-Bl\u00e1zquez M, Escortell-Mayor E, del-Cura-Gonz\u00e1lez I, Sanz-Cuesta T, Gallego-Berciano P, de las Casas-C\u00e1mara G, et al. CuidaCare: effectiveness of a nursing intervention on caregivers\u2019 quality of life: cluster-randomized clinical trial. BMC Nurs. 2014;13(1):2. https:\/\/doi.org\/10.1186\/1472-6955-13-2.","journal-title":"BMC Nurs"},{"issue":"1","key":"4014_CR40","doi-asserted-by":"publisher","first-page":"20","DOI":"10.1186\/s12877-021-02020-4","volume":"21","author":"H Wiegelmann","year":"2021","unstructured":"Wiegelmann H, Speller S, Verhaert LM, Schirra-Weirich L, Wolf-Ostermann K. Psychosocial interventions to support the mental health of informal caregivers of persons living with dementia \u2013 a systematic literature review. BMC Geriatr. 2021;21(1):20. https:\/\/doi.org\/10.1186\/s12877-021-02020-4.","journal-title":"BMC Geriatr"},{"issue":"1","key":"4014_CR41","doi-asserted-by":"publisher","first-page":"47","DOI":"10.1186\/s12888-017-1209-2","volume":"17","author":"MI Zegwaard","year":"2017","unstructured":"Zegwaard MI, Aartsen MJ, Grypdonck MH, Abma TA. Trust: an essential condition in the application of a caregiver support intervention in nursing practice. BMC Psychiatry. 2017;17(1):47. https:\/\/doi.org\/10.1186\/s12888-017-1209-2.","journal-title":"BMC Psychiatry"},{"issue":"1","key":"4014_CR42","doi-asserted-by":"publisher","first-page":"42","DOI":"10.1186\/s12877-023-03735-2","volume":"23","author":"YJ Chen","year":"2023","unstructured":"Chen YJ, Su JA, Chen JS, Liu CH, Griffiths MD, Tsai HC, et al. Examining the association between neuropsychiatric symptoms among people with dementia and caregiver mental health: are caregiver burden and affiliate stigma mediators? BMC Geriatr. 2023;23(1):42. https:\/\/doi.org\/10.1186\/s12877-023-03735-2.","journal-title":"BMC Geriatr"},{"issue":"1","key":"4014_CR43","doi-asserted-by":"publisher","first-page":"435","DOI":"10.1186\/s12888-020-02822-7","volume":"20","author":"A So\u0142tys","year":"2020","unstructured":"So\u0142tys A, Tyburski E. Predictors of mental health problems in formal and informal caregivers of patients with alzheimer\u2019s disease. BMC Psychiatry. 2020;20(1):435. https:\/\/doi.org\/10.1186\/s12888-020-02822-7.","journal-title":"BMC Psychiatry"},{"issue":"1","key":"4014_CR44","doi-asserted-by":"publisher","first-page":"249","DOI":"10.1186\/s12877-019-1249-1","volume":"19","author":"A Boucher","year":"2019","unstructured":"Boucher A, Haesebaert J, Freitas A, Adekpedjou R, Landry M, Bourassa H, et al. Time to move? Factors associated with burden of care among informal caregivers of cognitively impaired older people facing housing decisions: secondary analysis of a cluster randomized trial. BMC Geriatr. 2019;19(1):249. https:\/\/doi.org\/10.1186\/s12877-019-1249-1.","journal-title":"BMC Geriatr"},{"key":"4014_CR45","doi-asserted-by":"publisher","first-page":"171","DOI":"10.1186\/s12877-025-05795-y","volume":"25","author":"F de Graaff","year":"2025","unstructured":"de Graaff F, Joling KJ, van Broese MI, Gerritsen DL, de Lange J, de Valk MM, et al. Is caregiver burden associated with sex and gender-related characteristics? A large-scale survey study among family caregivers of people with dementia. BMC Geriatr. 2025;25:171. https:\/\/doi.org\/10.1186\/s12877-025-05795-y.","journal-title":"BMC Geriatr"},{"key":"4014_CR46","doi-asserted-by":"publisher","first-page":"525","DOI":"10.1186\/s12877-023-04234-0","volume":"23","author":"V Garc\u00eda-Mart\u00edn","year":"2023","unstructured":"Garc\u00eda-Mart\u00edn V, de Hoyos-Alonso MC, Delgado-Puebla R, Ariza-Cardiel G, del Cura-Gonz\u00e1lez I. Burden in caregivers of primary care patients with dementia: influence of neuropsychiatric symptoms according to disease stage (NeDEM project). BMC Geriatr. 2023;23:525. https:\/\/doi.org\/10.1186\/s12877-023-04234-0.","journal-title":"BMC Geriatr"},{"key":"4014_CR47","doi-asserted-by":"publisher","first-page":"391","DOI":"10.1186\/s12913-021-06412-5","volume":"21","author":"S Jawahir","year":"2021","unstructured":"Jawahir S, Tan EH, Tan YR, Mohd Noh SN, Ab Rahim I. The impacts of caregiving intensity on informal caregivers in malaysia: findings from a National survey. BMC Health Serv Res. 2021;21:391. https:\/\/doi.org\/10.1186\/s12913-021-06412-5.","journal-title":"BMC Health Serv Res"},{"key":"4014_CR48","doi-asserted-by":"publisher","first-page":"171","DOI":"10.1186\/s12877-024-04707-w","volume":"24","author":"S Sabatini","year":"2024","unstructured":"Sabatini S, Clare L, Victor C, Matthews F, Martyr A. Health conditions in spousal caregivers of people with dementia and their relationships with stress, caregiving experiences, and social networks: longitudinal findings from the IDEAL programme. BMC Geriatr. 2024;24:171. https:\/\/doi.org\/10.1186\/s12877-024-04707-w.","journal-title":"BMC Geriatr"},{"key":"4014_CR49","doi-asserted-by":"publisher","first-page":"721","DOI":"10.1186\/s12877-024-05128-5","volume":"24","author":"S Teles","year":"2024","unstructured":"Teles S, Viana J, Freitas A, et al. Predicting informal dementia caregivers\u2019 desire to institutionalize through mining data from an eHealth platform. BMC Geriatr. 2024;24:721. https:\/\/doi.org\/10.1186\/s12877-024-05128-5.","journal-title":"BMC Geriatr"},{"issue":"4","key":"4014_CR50","doi-asserted-by":"publisher","first-page":"846","DOI":"10.1111\/j.1365-2648.2011.05787.x","volume":"68","author":"H Kim","year":"2012","unstructured":"Kim H, Chang M, Rose K, Kim S. Predictors of caregiver burden in caregivers of individuals with dementia. J Adv Nurs. 2012;68(4):846\u201355. https:\/\/doi.org\/10.1111\/j.1365-2648.2011.05787.x.","journal-title":"J Adv Nurs"},{"issue":"1","key":"4014_CR51","doi-asserted-by":"publisher","first-page":"149","DOI":"10.1186\/s12875-020-01218-6","volume":"21","author":"MC Leocadie","year":"2020","unstructured":"Leocadie MC, Morvillers JM, Pautex S, Rothan-Tondeur M. Characteristics of the skills of caregivers of people with dementia: observational study. BMC Prim Care. 2020;21(1):149. https:\/\/doi.org\/10.1186\/s12875-020-01218-6.","journal-title":"BMC Prim Care"},{"issue":"24","key":"4014_CR52","doi-asserted-by":"publisher","first-page":"13079","DOI":"10.3390\/ijerph182413079","volume":"18","author":"MJ Song","year":"2021","unstructured":"Song MJ, Kim JH. Family caregivers of people with dementia have poor sleep quality: a nationwide population-based study. Int J Environ Res Public Health. 2021;18(24):13079. https:\/\/doi.org\/10.3390\/ijerph182413079.","journal-title":"Int J Environ Res Public Health"},{"issue":"8","key":"4014_CR53","doi-asserted-by":"publisher","first-page":"826","DOI":"10.3390\/brainsci14080826","volume":"14","author":"A Tsapanou","year":"2024","unstructured":"Tsapanou A, Zoi P, Sakka P. Sleep, diet, and exercise: how much dementia caregivers are affected? Brain Sci. 2024;14(8):826. https:\/\/doi.org\/10.3390\/brainsci14080826.","journal-title":"Brain Sci"},{"issue":"1","key":"4014_CR54","doi-asserted-by":"publisher","first-page":"15","DOI":"10.1186\/s12913-020-05964-2","volume":"20","author":"J Wulff","year":"2020","unstructured":"Wulff J, F\u00e4nge AM, Lethin C, Chiatti C. Self-reported symptoms of depression and anxiety among informal caregivers of persons with dementia: a cross-sectional comparative study between Sweden and Italy. BMC Health Serv Res. 2020;20(1):15. https:\/\/doi.org\/10.1186\/s12913-020-05964-2.","journal-title":"BMC Health Serv Res"},{"key":"4014_CR55","doi-asserted-by":"publisher","first-page":"304","DOI":"10.1186\/s12877-020-01708-3","volume":"20","author":"N Lindt","year":"2020","unstructured":"Lindt N, van Berkel J, Mulder BC. Determinants of overburdening among informal carers: a systematic review. BMC Geriatr. 2020;20:304. https:\/\/doi.org\/10.1186\/s12877-020-01708-3.","journal-title":"BMC Geriatr"},{"issue":"17\u201318","key":"4014_CR56","doi-asserted-by":"publisher","first-page":"2668","DOI":"10.1111\/jocn.12870","volume":"24","author":"Q Lou","year":"2015","unstructured":"Lou Q, Liu S, Huo YR, Liu M, Liu S, Ji Y. Comprehensive analysis of patient and caregiver predictors for caregiver burden, anxiety and depression in alzheimer\u2019s disease. J Clin Nurs. 2015;24(17\u201318):2668\u201378. https:\/\/doi.org\/10.1111\/jocn.12870.","journal-title":"J Clin Nurs"},{"key":"4014_CR57","volume-title":"European dementia monitor 2023: comparing and benchmarking National dementia strategies and policies","author":"Alzheimer Europe","year":"2023","unstructured":"Alzheimer Europe. European dementia monitor 2023: comparing and benchmarking National dementia strategies and policies. Luxembourg: Alzheimer Europe; 2023."},{"key":"4014_CR58","doi-asserted-by":"publisher","first-page":"440","DOI":"10.1186\/s12877-020-01841-z","volume":"20","author":"F Barbosa","year":"2020","unstructured":"Barbosa F, Voss G, Delerue Matos A. Health impact of providing informal care in Portugal. BMC Geriatr. 2020;20:440. https:\/\/doi.org\/10.1186\/s12877-020-01841-z.","journal-title":"BMC Geriatr"},{"key":"4014_CR59","unstructured":"Lopes H, editor. Viver com Dem\u00eancia: Um Olhar sobre a Vida dos Cuidadores Informais de Pessoas com Dem\u00eancia em Portugal. Lisboa: NOVA IMS, Universidade Nova de Lisboa; NOVA Center for Global Health; 2024. ISBN: 978-972-8093-24-2."},{"issue":"10","key":"4014_CR60","doi-asserted-by":"publisher","first-page":"1574","DOI":"10.1177\/10497323221110356","volume":"32","author":"M Zarzycki","year":"2022","unstructured":"Zarzycki M, Seddon D, Bei E, Dekel R, Morrison V. How culture shapes informal caregiver motivations: a meta-ethnographic review. Qual Health Res. 2022;32(10):1574\u201389. https:\/\/doi.org\/10.1177\/10497323221110356.","journal-title":"Qual Health Res"},{"issue":"12","key":"4014_CR61","doi-asserted-by":"publisher","first-page":"1495","DOI":"10.1016\/j.ijsu.2014.07.013","volume":"12","author":"E von Elm","year":"2014","unstructured":"von Elm E, Altman DG, Egger M, Pocock SJ, G\u00f8tzsche PC, Vandenbroucke JP. The strengthening the reporting of observational studies in epidemiology (STROBE) statement: guidelines for reporting observational studies. Int J Surg. 2014;12(12):1495\u20139. https:\/\/doi.org\/10.1016\/j.ijsu.2014.07.013.","journal-title":"Int J Surg"},{"key":"4014_CR62","first-page":"45","volume":"11","author":"C Sequeira","year":"2014","unstructured":"Sequeira C, Carvalho JC, Sampaio F, S\u00e1 L, Lluch-Canut T, Rold\u00e1n-Merino J. Avalia\u00e7\u00e3o Das propriedades psicom\u00e9tricas do Question\u00e1rio de Sa\u00fade mental positiva Em estudantes Portugueses do Ensino superior. Rev Port Enferm Sa\u00fade Mental. 2014;11:45\u201353.","journal-title":"Rev Port Enferm Sa\u00fade Mental"},{"key":"4014_CR63","first-page":"9","volume":"12","author":"C Sequeira","year":"2010","unstructured":"Sequeira C. Adapta\u00e7\u00e3o e valida\u00e7\u00e3o Da Escala de sobrecarga do Cuidador de Zarit. Rev Enferm Refer\u00eancia. 2010;12:9\u201316.","journal-title":"Rev Enferm Refer\u00eancia"},{"issue":"2","key":"4014_CR64","first-page":"229","volume":"5","author":"JL Pais-Ribeiro","year":"2004","unstructured":"Pais-Ribeiro JL, Honrado A, Leal I. Contribui\u00e7\u00e3o Para o Estudo Da adapta\u00e7\u00e3o Portuguesa Das Escalas de Ansiedade, Depress\u00e3o e stress (EADS) de 21 itens de lovibond e lovibond. Psicol Sa\u00fade Doen\u00e7as. 2004;5(2):229\u201339.","journal-title":"Psicol Sa\u00fade Doen\u00e7as"},{"key":"4014_CR65","unstructured":"Lluch-Canut MT. Construction of a scale to assess positive mental health [doctoral thesis]. Barcelona: Faculty of Psychology, University of Barcelona; 1999. Available from: https:\/\/hdl.handle.net\/2445\/42359. ISBN: 8468863130."},{"issue":"4","key":"4014_CR66","first-page":"42","volume":"25","author":"MT Lluch-Canut","year":"2002","unstructured":"Lluch-Canut MT. Empirical evaluation of a conceptual model of positive mental health. Ment Health. 2002;25(4):42\u201355.","journal-title":"Ment Health"},{"issue":"3","key":"4014_CR67","doi-asserted-by":"publisher","first-page":"335","DOI":"10.1016\/0005-7967(94)00075-U","volume":"33","author":"PF Lovibond","year":"1995","unstructured":"Lovibond PF, Lovibond SH. The structure of negative emotional states: comparison of the depression anxiety stress scales (DASS) with the Beck depression and anxiety inventories. Behav Res Ther. 1995;33(3):335\u201343. https:\/\/doi.org\/10.1016\/0005-7967(94)00075-U.","journal-title":"Behav Res Ther"},{"issue":"6","key":"4014_CR68","doi-asserted-by":"publisher","first-page":"649","DOI":"10.1093\/geront\/20.6.649","volume":"20","author":"SH Zarit","year":"1980","unstructured":"Zarit SH, Reever KE, Bach-Peterson J. Relatives of the impaired elderly: correlates of feelings of burden. Gerontologist. 1980;20(6):649\u201355. https:\/\/doi.org\/10.1093\/geront\/20.6.649.","journal-title":"Gerontologist"},{"issue":"9","key":"4014_CR69","doi-asserted-by":"publisher","first-page":"416","DOI":"10.1007\/s00127-002-0571-6","volume":"37","author":"M Scazufca","year":"2002","unstructured":"Scazufca M, Menezes PR, Almeida OP. Caregiver burden in an elderly population with depression in S\u00e3o Paulo, Brazil. Soc Psychiatry Psychiatr Epidemiol. 2002;37(9):416\u201322. https:\/\/doi.org\/10.1007\/s00127-002-0571-6.","journal-title":"Soc Psychiatry Psychiatr Epidemiol"},{"issue":"213","key":"4014_CR70","first-page":"12","volume":"1","author":"Portugal","year":"2023","unstructured":"Portugal. Minist\u00e9rio Das Finan\u00e7as, Minist\u00e9rio do Trabalho, solidariedade e Seguran\u00e7a Social, Minist\u00e9rio Da Sa\u00fade. Portaria n.\u00ba 335-A\/2023, de 3 de novembro. Di\u00e1rio Da Rep\u00fablica. 2023;1(213):12\u20134.","journal-title":"Di\u00e1rio Da Rep\u00fablica"},{"key":"4014_CR71","doi-asserted-by":"publisher","unstructured":"Dixe MA, Querido AI. Informal caregiver of dependent person in self-care: burden-related factors. Rev Enferm Ref. 2020;5(3). https:\/\/doi.org\/10.12707\/RV20013.","DOI":"10.12707\/RV20013"},{"key":"4014_CR72","doi-asserted-by":"publisher","first-page":"10","DOI":"10.1186\/s12877-019-1364-z","volume":"20","author":"S Teles","year":"2020","unstructured":"Teles S, Ferreira A, Seeher K, et al. Online training and support program (iSupport) for informal dementia caregivers: protocol for an intervention study in Portugal. BMC Geriatr. 2020;20:10. https:\/\/doi.org\/10.1186\/s12877-019-1364-z.","journal-title":"BMC Geriatr"},{"key":"4014_CR73","doi-asserted-by":"publisher","first-page":"48","DOI":"10.1186\/s12875-025-02724-1","volume":"26","author":"A Dibao-Dina","year":"2025","unstructured":"Dibao-Dina A, Filbet M, Bagaragaza E, Njamnsu J, Rusakaniko S, Moukoko E, et al. Identifying the needs of natural caregivers caring for a person with dementia: a mixed-method study. BMC Prim Care. 2025;26:48. https:\/\/doi.org\/10.1186\/s12875-025-02724-1.","journal-title":"BMC Prim Care"},{"key":"4014_CR74","volume-title":"Intersectoral global action plan on epilepsy and other neurological disorders 2022\u20132031","author":"World Health Organization","year":"2023","unstructured":"World Health Organization. Intersectoral global action plan on epilepsy and other neurological disorders 2022\u20132031. Geneva: WHO; 2023. Licence: CC BY-NC-SA 3.0 IGO."},{"key":"4014_CR75","unstructured":"OECD Statistics. Health expenditure and financing [Internet]. 2025 [2025 Sep 2]. Available from: https:\/\/stats.oecd.org\/Index.aspx?ThemeTreeId=9"},{"issue":"1","key":"4014_CR76","doi-asserted-by":"publisher","first-page":"12","DOI":"10.1186\/s13033-020-00428-w","volume":"15","author":"A Kontrimiene","year":"2021","unstructured":"Kontrimiene A, Sauseriene J, Blazeviciene A, Raila G, Jaruseviciene L. Qualitative research of informal caregivers\u2019 personal experiences caring for older adults with dementia in Lithuania. Int J Ment Health Syst. 2021;15(1):12. https:\/\/doi.org\/10.1186\/s13033-020-00428-w.","journal-title":"Int J Ment Health Syst"},{"key":"4014_CR77","doi-asserted-by":"publisher","DOI":"10.1787\/7a7afb35-en","volume-title":"Health at a glance 2023: OECD indicators","author":"OECD","year":"2023","unstructured":"OECD. Health at a glance 2023: OECD indicators. Paris: OECD Publishing; 2023. https:\/\/doi.org\/10.1787\/7a7afb35-en."},{"issue":"1","key":"4014_CR78","doi-asserted-by":"publisher","first-page":"31","DOI":"10.1186\/s41043-024-00509-3","volume":"43","author":"W Agyemang-Duah","year":"2024","unstructured":"Agyemang-Duah W, Abdullah A, Rosenberg MW. Caregiver burden and health-related quality of life: a study of informal caregivers of older adults in Ghana. J Health Popul Nutr. 2024;43(1):31. https:\/\/doi.org\/10.1186\/s41043-024-00509-3.","journal-title":"J Health Popul Nutr"},{"issue":"1","key":"4014_CR79","doi-asserted-by":"publisher","first-page":"49","DOI":"10.1186\/s12912-022-01049-z","volume":"21","author":"EMM Shoukr","year":"2022","unstructured":"Shoukr EMM, Mohamed AAER, El-Ashry AM, Mohsen HA. Effect of psychological first aid program on stress level and psychological well-being among caregivers of older adults with alzheimer\u2019s disease. BMC Nurs. 2022;21(1):49. https:\/\/doi.org\/10.1186\/s12912-022-01049-z.","journal-title":"BMC Nurs"},{"key":"4014_CR80","doi-asserted-by":"publisher","first-page":"37","DOI":"10.1186\/s12912-024-02671-9","volume":"24","author":"X Hu","year":"2025","unstructured":"Hu X, Liu H, Zhang L, Wang Y, Li Y. Mediating effect of social support on the relationships between caregiver burden and quality of life in family caregivers of people with dementia: a cross-sectional study in rural China. BMC Nurs. 2025;24:37. https:\/\/doi.org\/10.1186\/s12912-024-02671-9.","journal-title":"BMC Nurs"},{"key":"4014_CR81","doi-asserted-by":"publisher","first-page":"219","DOI":"10.1186\/s12912-025-02853-z","volume":"24","author":"Y Jiang","year":"2025","unstructured":"Jiang Y, Chen H, Lin C, Wang X. Relationship between anxiety and fatigue in dementia family caregivers: hope as a mediator. BMC Nurs. 2025;24:219. https:\/\/doi.org\/10.1186\/s12912-025-02853-z.","journal-title":"BMC Nurs"},{"issue":"1","key":"4014_CR82","doi-asserted-by":"publisher","first-page":"649","DOI":"10.1186\/s12877-021-02613-z","volume":"21","author":"B Kim","year":"2021","unstructured":"Kim B, Kim JI, Na HR, Lee KS, Chae KH, Kim S. Factors influencing caregiver burden by dementia severity based on an online database from Seoul dementia management project in Korea. BMC Geriatr. 2021;21(1):649. https:\/\/doi.org\/10.1186\/s12877-021-02613-z.","journal-title":"BMC Geriatr"},{"issue":"1","key":"4014_CR83","doi-asserted-by":"publisher","first-page":"266","DOI":"10.1080\/13696998.2021.1880801","volume":"24","author":"S Ohno","year":"2021","unstructured":"Ohno S, Chen Y, Sakamaki H, Matsumaru N, Yoshino M, Tsukamoto K. Burden of caring for alzheimer\u2019s disease or dementia patients in Japan, the US, and EU: results from the National health and wellness survey: a cross-sectional survey. J Med Econ. 2021;24(1):266\u201378. https:\/\/doi.org\/10.1080\/13696998.2021.1880801.","journal-title":"J Med Econ"},{"key":"4014_CR84","doi-asserted-by":"publisher","first-page":"230","DOI":"10.1186\/s12877-021-02178-x","volume":"21","author":"M Shim","year":"2021","unstructured":"Shim M, Cho MJ, Lee JY, et al. Caregiving, care burden and awareness of caregivers and patients with dementia in Asian locations: a secondary analysis. BMC Geriatr. 2021;21:230. https:\/\/doi.org\/10.1186\/s12877-021-02178-x.","journal-title":"BMC Geriatr"},{"key":"4014_CR85","doi-asserted-by":"publisher","first-page":"84","DOI":"10.1186\/s12912-024-01706-5","volume":"23","author":"S Wang","year":"2024","unstructured":"Wang S, Qin J, Cheung DSK, et al. E-bibliotherapy for improving the psychological well-being of informal caregivers of people with dementia: a randomized controlled trial protocol. BMC Nurs. 2024;23:84. https:\/\/doi.org\/10.1186\/s12912-024-01706-5.","journal-title":"BMC Nurs"},{"key":"4014_CR86","doi-asserted-by":"publisher","first-page":"224","DOI":"10.1186\/s13195-024-01579-5","volume":"16","author":"B Leggins","year":"2024","unstructured":"Leggins B, Hart DM, Jackson AJ, et al. Perceptions about Dementia clinical trials among underrepresented populations: a nationally representative survey of U.S. Dementia caregivers. Alz Res Ther. 2024;16:224. https:\/\/doi.org\/10.1186\/s13195-024-01579-5.","journal-title":"Alz Res Ther"},{"issue":"1","key":"4014_CR87","doi-asserted-by":"publisher","first-page":"e21708","DOI":"10.2196\/21708","volume":"9","author":"C Ferr\u00e9-Grau","year":"2021","unstructured":"Ferr\u00e9-Grau C, Raigal-Aran L, Lorca-Cabrera J, Lluch-Canut T, Ferr\u00e9-Bergad\u00e0 M, Lleix\u00e0-Fortu\u00f1o M, et al. A mobile app-based intervention program for nonprofessional caregivers to promote positive mental health: randomized controlled trial. JMIR Mhealth Uhealth. 2021;9(1):e21708. https:\/\/doi.org\/10.2196\/21708.","journal-title":"JMIR Mhealth Uhealth"},{"issue":"11","key":"4014_CR88","doi-asserted-by":"publisher","first-page":"1190","DOI":"10.1080\/13607863.2015.1068739","volume":"20","author":"J Cho","year":"2016","unstructured":"Cho J, Ory MG, Stevens AB. Socioecological factors and positive aspects of caregiving: findings from the REACH II intervention. Aging Ment Health. 2016;20(11):1190\u2013201. https:\/\/doi.org\/10.1080\/13607863.2015.1068739.","journal-title":"Aging Ment Health"},{"issue":"1","key":"4014_CR89","doi-asserted-by":"publisher","first-page":"66","DOI":"10.1186\/s12912-022-00966-3","volume":"21","author":"A Sorayyanezhad","year":"2022","unstructured":"Sorayyanezhad A, Nikpeyma N, Nazari S, Sharifi F, Sarkhani N. The relationship of caregiver strain with resilience and hardiness in family caregivers of older adults with chronic disease: a cross-sectional study. BMC Nurs. 2022;21(1):66. https:\/\/doi.org\/10.1186\/s12912-022-00966-3.","journal-title":"BMC Nurs"},{"key":"4014_CR90","doi-asserted-by":"publisher","first-page":"104334","DOI":"10.1016\/j.archger.2020.104334","volume":"94","author":"L Xu","year":"2021","unstructured":"Xu L, Liu Y, He H, Fields NL, Ivey DL, Kan C. Caregiving intensity and caregiver burden among caregivers of people with dementia: the moderating roles of social support. Arch Gerontol Geriatr. 2021;94:104334. https:\/\/doi.org\/10.1016\/j.archger.2020.104334.","journal-title":"Arch Gerontol Geriatr"},{"issue":"3","key":"4014_CR91","doi-asserted-by":"publisher","first-page":"161","DOI":"10.1177\/0891988719868313","volume":"33","author":"L Kaddour","year":"2020","unstructured":"Kaddour L, Kishita N. Anxiety in informal dementia carers: a meta-analysis of prevalence. J Geriatr Psychiatry Neurol. 2020;33(3):161\u201372. https:\/\/doi.org\/10.1177\/0891988719868313.","journal-title":"J Geriatr Psychiatry Neurol"},{"issue":"6","key":"4014_CR92","doi-asserted-by":"publisher","first-page":"548","DOI":"10.1111\/j.1467-9450.2010.00834.x","volume":"51","author":"LF Eplov","year":"2010","unstructured":"Eplov LF, Petersen J, J\u00f8rgensen T, Johansen C, Birket-Smith M, Lyngberg AC, Mortensen EL. The mental vulnerability questionnaire: a psychometric evaluation. Scand J Psychol. 2010;51(6):548\u201354. https:\/\/doi.org\/10.1111\/j.1467-9450.2010.00834.x.","journal-title":"Scand J Psychol"},{"key":"4014_CR93","doi-asserted-by":"publisher","unstructured":"Jia X, Zhang Y, Li J, Wang J. The impact of caregiver burden on sense of coherence in Chinese family caregivers of people with dementia: the mediating effect of family resilience. BMC Psychol. 2025. https:\/\/doi.org\/10.1186\/s40359-025-02678-0","DOI":"10.1186\/s40359-025-02678-0"},{"key":"4014_CR94","doi-asserted-by":"publisher","first-page":"656","DOI":"10.1186\/s12877-024-05221-9","volume":"24","author":"S Nasreen","year":"2024","unstructured":"Nasreen S, Lim CJ, Kamil N, Razali R, Ibrahim NM, Tan MP, et al. Caregiver burden, mental health, quality of life and self-efficacy of family caregivers of persons with dementia in malaysia: baseline results of a psychoeducational intervention study. BMC Geriatr. 2024;24:656. https:\/\/doi.org\/10.1186\/s12877-024-05221-9.","journal-title":"BMC Geriatr"},{"issue":"5","key":"4014_CR95","doi-asserted-by":"publisher","first-page":"e584","DOI":"10.1093\/geront\/gny168","volume":"59","author":"C Quinn","year":"2019","unstructured":"Quinn C, Toms G. Influence of positive aspects of dementia caregiving on caregivers\u2019 well-being: a systematic review. Gerontologist. 2019;59(5):e584\u201396. https:\/\/doi.org\/10.1093\/geront\/gny168.","journal-title":"Gerontologist"},{"issue":"6","key":"4014_CR96","doi-asserted-by":"publisher","first-page":"1942","DOI":"10.1111\/hsc.13048","volume":"28","author":"V Bressan","year":"2020","unstructured":"Bressan V, Visintini C, Palese A. What do family caregivers of people with dementia need? A mixed-method systematic review. Health Soc Care Community. 2020;28(6):1942\u201360. https:\/\/doi.org\/10.1111\/hsc.13048.","journal-title":"Health Soc Care Community"}],"container-title":["BMC Nursing"],"original-title":[],"language":"en","link":[{"URL":"https:\/\/link.springer.com\/content\/pdf\/10.1186\/s12912-025-04014-8.pdf","content-type":"application\/pdf","content-version":"vor","intended-application":"text-mining"},{"URL":"https:\/\/link.springer.com\/article\/10.1186\/s12912-025-04014-8\/fulltext.html","content-type":"text\/html","content-version":"vor","intended-application":"text-mining"},{"URL":"https:\/\/link.springer.com\/content\/pdf\/10.1186\/s12912-025-04014-8.pdf","content-type":"application\/pdf","content-version":"vor","intended-application":"similarity-checking"}],"deposited":{"date-parts":[[2025,11,11]],"date-time":"2025-11-11T12:02:23Z","timestamp":1762862543000},"score":1,"resource":{"primary":{"URL":"https:\/\/bmcnurs.biomedcentral.com\/articles\/10.1186\/s12912-025-04014-8"}},"subtitle":[],"short-title":[],"issued":{"date-parts":[[2025,11,11]]},"references-count":96,"journal-issue":{"issue":"1","published-online":{"date-parts":[[2025,12]]}},"alternative-id":["4014"],"URL":"https:\/\/doi.org\/10.1186\/s12912-025-04014-8","relation":{},"ISSN":["1472-6955"],"issn-type":[{"value":"1472-6955","type":"electronic"}],"subject":[],"published":{"date-parts":[[2025,11,11]]},"assertion":[{"value":"23 July 2025","order":1,"name":"received","label":"Received","group":{"name":"ArticleHistory","label":"Article History"}},{"value":"15 October 2025","order":2,"name":"accepted","label":"Accepted","group":{"name":"ArticleHistory","label":"Article History"}},{"value":"11 November 2025","order":3,"name":"first_online","label":"First Online","group":{"name":"ArticleHistory","label":"Article History"}},{"order":1,"name":"Ethics","group":{"name":"EthicsHeading","label":"Declarations"}},{"value":"The authors confirm that all the experiments followed the recommendations of the Declaration of Helsinki. Ethics approval was obtained from the Ethical Committee of the Matosinhos Local Health Unit (40\/CES\/JAS) and Rovira i Virgili University (OCAS-717) on April 2023. All the participants provided informed consent.","order":2,"name":"Ethics","group":{"name":"EthicsHeading","label":"Ethics approval and consent to participate"}},{"value":"Not applicable.","order":3,"name":"Ethics","group":{"name":"EthicsHeading","label":"Consent for publication"}},{"value":"The authors declare no competing interests.","order":4,"name":"Ethics","group":{"name":"EthicsHeading","label":"Competing interests"}}],"article-number":"1384"}}