{"status":"ok","message-type":"work","message-version":"1.0.0","message":{"indexed":{"date-parts":[[2025,2,21]],"date-time":"2025-02-21T20:37:16Z","timestamp":1740170236664,"version":"3.37.3"},"reference-count":40,"publisher":"Springer Science and Business Media LLC","issue":"1","license":[{"start":{"date-parts":[[2023,3,11]],"date-time":"2023-03-11T00:00:00Z","timestamp":1678492800000},"content-version":"tdm","delay-in-days":0,"URL":"https:\/\/creativecommons.org\/licenses\/by\/4.0"},{"start":{"date-parts":[[2023,3,11]],"date-time":"2023-03-11T00:00:00Z","timestamp":1678492800000},"content-version":"vor","delay-in-days":0,"URL":"https:\/\/creativecommons.org\/licenses\/by\/4.0"}],"funder":[{"DOI":"10.13039\/501100004587","name":"Instituto de Salud Carlos III","doi-asserted-by":"publisher","award":["CM21\/00172","PI20\/00132"],"award-info":[{"award-number":["CM21\/00172","PI20\/00132"]}],"id":[{"id":"10.13039\/501100004587","id-type":"DOI","asserted-by":"publisher"}]},{"DOI":"10.13039\/501100004895","name":"European Social Fund","doi-asserted-by":"publisher","award":["CM21\/00172"],"award-info":[{"award-number":["CM21\/00172"]}],"id":[{"id":"10.13039\/501100004895","id-type":"DOI","asserted-by":"publisher"}]},{"DOI":"10.13039\/501100004837","name":"Ministerio de Ciencia e Innovaci\u00f3n","doi-asserted-by":"publisher","award":["PDI2021-124887OB-I00"],"award-info":[{"award-number":["PDI2021-124887OB-I00"]}],"id":[{"id":"10.13039\/501100004837","id-type":"DOI","asserted-by":"publisher"}]},{"DOI":"10.13039\/501100003741","name":"Instituci\u00f3 Catalana de Recerca i Estudis Avan\u00e7ats","doi-asserted-by":"publisher","award":["ICREA-Academia 2O21-Programme"],"award-info":[{"award-number":["ICREA-Academia 2O21-Programme"]}],"id":[{"id":"10.13039\/501100003741","id-type":"DOI","asserted-by":"publisher"}]},{"DOI":"10.13039\/501100008530","name":"European Regional Development Fund","doi-asserted-by":"publisher","award":["PI20\/00132"],"award-info":[{"award-number":["PI20\/00132"]}],"id":[{"id":"10.13039\/501100008530","id-type":"DOI","asserted-by":"publisher"}]},{"DOI":"10.13039\/501100008530","name":"FEDER","doi-asserted-by":"crossref","award":["PI20\/00132"],"award-info":[{"award-number":["PI20\/00132"]}],"id":[{"id":"10.13039\/501100008530","id-type":"DOI","asserted-by":"crossref"}]},{"DOI":"10.13039\/501100001871","name":"Funda\u00e7\u00e3o para a Ci\u00eancia e a Tecnologia","doi-asserted-by":"publisher","award":["UIDB\/01662\/2020"],"award-info":[{"award-number":["UIDB\/01662\/2020"]}],"id":[{"id":"10.13039\/501100001871","id-type":"DOI","asserted-by":"publisher"}]}],"content-domain":{"domain":["link.springer.com"],"crossmark-restriction":false},"short-container-title":["J Eat Disord"],"abstract":"<jats:title>Abstract<\/jats:title><jats:sec><jats:title>Background<\/jats:title><jats:p>COVID-19 pandemic has implied exceptional restrictive measures to contain its widespread, with adverse consequences on mental health, especially for those people with a background of mental illness, such as eating disorders (EDs). In this population, the influence of socio-cultural aspects on mental health has been still underexplored. Then, the main aim of this study was to assess changes in eating and general psychopathology in people with EDs during lockdown regarding the ED subtype, age, and provenance, and considering socio-cultural aspects (e.g., socioeconomical factors such as work and financial losses, social support, restrictive measures, or health accessibility, among others).<\/jats:p><\/jats:sec><jats:sec><jats:title>Methods<\/jats:title><jats:p>The clinical sample was composed of 264 female participants with EDs (74 anorexia nervosa\u00a0(AN), 44 bulimia nervosa (BN), 81 binge eating disorder (BED), and 65 other specified feeding and eating disorder (OSFED)), with a mean age of 33.49\u00a0years old (<jats:italic>SD<\/jats:italic>\u2009=\u200912.54), from specialized ED units in Brazil, Portugal, and Spain. The participants were evaluated using the COVID-19 Isolation Eating Scale\u00a0(CIES).<\/jats:p><\/jats:sec><jats:sec><jats:title>Results<\/jats:title><jats:p>A global impairment in mood symptoms and emotion regulation was reported in all the ED subtypes, groups of age, and countries. Spanish and Portuguese individuals seemed more resilient than Brazilian ones (p\u2009&lt;\u2009.05), who reported a more adverse socio-cultural context (i.e., physical health, socio-familial, occupational, and economic status) (p\u2009&lt;\u2009.001). A global trend to eating symptoms worsening during lockdown was observed, regardless of the ED subtype, group of age, and country, but without reaching statistical significance. However, the AN and BED groups described the highest worsening of the eating habits during lockdown. Moreover, individuals with BED significantly increased their weight and body mass index, similarly to BN, and in contrast to the AN and OSFED groups. Finally, we failed to find significant differences between groups of age although the younger group described a significant worsening of the eating symptoms during lockdown.<\/jats:p><\/jats:sec><jats:sec><jats:title>Conclusions<\/jats:title><jats:p>This study reports a psychopathological impairment in patients with EDs during lockdown, being socio-cultural aspects potential modulatory factors. Individualized approaches to detect special vulnerable groups and long-term follow-ups are still needed.<\/jats:p><\/jats:sec>","DOI":"10.1186\/s40337-023-00762-7","type":"journal-article","created":{"date-parts":[[2023,3,11]],"date-time":"2023-03-11T16:02:32Z","timestamp":1678550552000},"update-policy":"https:\/\/doi.org\/10.1007\/springer_crossmark_policy","source":"Crossref","is-referenced-by-count":1,"title":["Eating disorders during lockdown: the transcultural influence on eating and mood disturbances in Ibero-Brazilian population"],"prefix":"10.1186","volume":"11","author":[{"given":"Isabel","family":"Baenas","sequence":"first","affiliation":[]},{"given":"Carmem Beatriz","family":"Neufeld","sequence":"additional","affiliation":[]},{"given":"Rita","family":"Ramos","sequence":"additional","affiliation":[]},{"given":"Lucero","family":"Mungu\u00eda","sequence":"additional","affiliation":[]},{"given":"Rosane P.","family":"Pessa","sequence":"additional","affiliation":[]},{"given":"T\u00e2nia","family":"Rodrigues","sequence":"additional","affiliation":[]},{"given":"Susana","family":"Jim\u00e9nez-Murcia","sequence":"additional","affiliation":[]},{"given":"S\u00f3nia","family":"Gon\u00e7alves","sequence":"additional","affiliation":[]},{"given":"Mar\u00edlia\u00a0C.","family":"Teodoro","sequence":"additional","affiliation":[]},{"given":"Ana","family":"Pinto-Bastos","sequence":"additional","affiliation":[]},{"given":"Nazar\u00e9 O.","family":"Almeida","sequence":"additional","affiliation":[]},{"given":"Roser","family":"Granero","sequence":"additional","affiliation":[]},{"given":"Mikel","family":"Etxandi","sequence":"additional","affiliation":[]},{"given":"Shauana R. S.","family":"Soares","sequence":"additional","affiliation":[]},{"given":"Fernando","family":"Fern\u00e1ndez-Aranda","sequence":"additional","affiliation":[]},{"given":"Paulo P. P.","family":"Machado","sequence":"additional","affiliation":[]}],"member":"297","published-online":{"date-parts":[[2023,3,11]]},"reference":[{"key":"762_CR1","unstructured":"World Health Organization (WHO). #HealthyAtHome\u2014Mental Health. 2020; Available from: https:\/\/www.who.int\/news-room\/ campaigns\/connecting-the-world-to-combat-coronavirus\/ healthyathome\/healthyathome\u2014mental-health"},{"key":"762_CR2","doi-asserted-by":"crossref","first-page":"1","DOI":"10.1186\/s12992-019-0531-5","volume":"16","author":"N Salari","year":"2020","unstructured":"Salari N, Hosseinian-Far A, Jalali R, Vaisi-Raygani A, Rasoulpoor S, Mohammadi M, et al. Prevalence of stress, anxiety, depression among the general population during the COVID-19 pandemic: a systematic review and meta-analysis. Glob Health. 2020;16:1.","journal-title":"Glob Health"},{"key":"762_CR3","doi-asserted-by":"crossref","unstructured":"Ramalho SM, Trovisqueira A, de Lourdes M, Gon\u00e7alves S, Ribeiro I, Vaz AR, et al. The impact of COVID-19 lockdown on disordered eating behaviors: the mediation role of psychological distress. Eat Weight Disord. 2022;","DOI":"10.21203\/rs.3.rs-98867\/v2"},{"key":"762_CR4","doi-asserted-by":"publisher","first-page":"6794","DOI":"10.3390\/ijerph17186794","volume":"17","author":"L Passos","year":"2020","unstructured":"Passos L, Prazeres F, Teixeira A, Martins C. Impact on mental health due to covid-19 pandemic: cross-sectional study in portugal and brazil. Int J Environ Res Public Health. 2020;17:6794.","journal-title":"Int J Environ Res Public Health"},{"key":"762_CR5","unstructured":"Presid\u00eancia da Rep\u00fablica. Decreto do Presidente da Rep\u00fablica 14-A\/2020, 2020\u201303\u201318\u2014DRE. Di\u00e1rio da Rep\u00fablica n.o 55\/2020, 3\u00b0 Suplemento, S\u00e9rie I. 2020."},{"key":"762_CR6","doi-asserted-by":"publisher","first-page":"102066","DOI":"10.1016\/j.ajp.2020.102066","volume":"52","author":"RP Rajkumar","year":"2020","unstructured":"Rajkumar RP. COVID-19 and mental health: a review of the existing literature. Asian J Psychiatr. 2020;52:102066.","journal-title":"Asian J Psychiatr"},{"key":"762_CR7","doi-asserted-by":"publisher","first-page":"239","DOI":"10.1002\/erv.2738","volume":"28","author":"F Fern\u00e1ndez-Aranda","year":"2020","unstructured":"Fern\u00e1ndez-Aranda F, Casas M, Claes L, Bryan DC, Favaro A, Granero R, et al. COVID-19 and implications for eating disorders. Eur Eat Disord Rev. 2020;28:239.","journal-title":"Eur Eat Disord Rev"},{"key":"762_CR8","doi-asserted-by":"publisher","first-page":"1791","DOI":"10.1002\/eat.23374","volume":"53","author":"S Schlegl","year":"2020","unstructured":"Schlegl S, Maier J, Meule A, Voderholzer U. Eating disorders in times of the COVID-19 pandemic\u2014results from an online survey of patients with anorexia nervosa. Int J Eat Disord. 2020;53:1791.","journal-title":"Int J Eat Disord"},{"key":"762_CR9","doi-asserted-by":"publisher","first-page":"1158","DOI":"10.1002\/eat.23317","volume":"53","author":"A Phillipou","year":"2020","unstructured":"Phillipou A, Meyer D, Neill E, Tan EJ, Toh WL, Van Rheenen TE, et al. Eating and exercise behaviors in eating disorders and the general population during the COVID-19 pandemic in Australia: initial results from the COLLATE project. Int J Eat Disord. 2020;53:1158.","journal-title":"Int J Eat Disord"},{"key":"762_CR10","doi-asserted-by":"publisher","first-page":"826","DOI":"10.1002\/erv.2861","volume":"29","author":"L Sideli","year":"2021","unstructured":"Sideli L, Lo Coco G, Bonfanti RC, Borsarini B, Fortunato L, Sechi C, et al. Effects of COVID-19 lockdown on eating disorders and obesity: A systematic review and meta-analysis. Eur Eat Disord Rev. 2021;29:826.","journal-title":"Eur Eat Disord Rev"},{"key":"762_CR11","doi-asserted-by":"publisher","first-page":"1","DOI":"10.1186\/s40337-020-00340-1","volume":"8","author":"PPP Machado","year":"2020","unstructured":"Machado PPP, Pinto-Bastos A, Ramos R, Rodrigues TF, Louro E, Gon\u00e7alves S, et al. Impact of COVID-19 lockdown measures on a cohort of eating disorders patients. J Eat Disord. 2020;8:1.","journal-title":"J Eat Disord"},{"key":"762_CR12","doi-asserted-by":"publisher","first-page":"855","DOI":"10.1002\/erv.2771","volume":"28","author":"I Baenas","year":"2020","unstructured":"Baenas I, Caravaca-Sanz E, Granero R, S\u00e1nchez I, Riesco N, Testa G, et al. COVID-19 and eating disorders during confinement: analysis of factors associated with resilience and aggravation of symptoms. Eur Eat Disord Rev. 2020;28:855.","journal-title":"Eur Eat Disord Rev"},{"key":"762_CR13","doi-asserted-by":"publisher","first-page":"2443","DOI":"10.1007\/s40519-020-01097-x","volume":"26","author":"AM Monteleone","year":"2021","unstructured":"Monteleone AM, Cascino G, Marciello F, Abbate-Daga G, Baiano M, Balestrieri M, et al. Risk and resilience factors for specific and general psychopathology worsening in people with eating disorders during COVID-19 pandemic: a retrospective Italian multicentre study. Eat Weight Disord. 2021;26:2443.","journal-title":"Eat Weight Disord"},{"key":"762_CR14","unstructured":"Fern\u00e1ndez-Aranda F, Mungu\u00eda L, Mestre-Bach G, Steward T, Etxandi M, Baenas I, et al. COVID Isolation Eating Scale (CIES): Analysis of the impact of confinement in eating disorders and obesity\u2014A collaborative international study. In: European Eating Disorders Review. 2020."},{"key":"762_CR15","doi-asserted-by":"publisher","first-page":"65","DOI":"10.1017\/S136898002100255X","volume":"25","author":"TCM Souza","year":"2022","unstructured":"Souza TCM, Oliveira LA, Daniel MM, Ferreira LG, Della Lucia CM, Liboredo JC, et al. Lifestyle and eating habits before and during COVID-19 quarantine in Brazil. Public Health Nutr. 2022;25:65.","journal-title":"Public Health Nutr"},{"key":"762_CR16","doi-asserted-by":"publisher","first-page":"1","DOI":"10.1186\/s13098-020-00584-6","volume":"12","author":"J Alessi","year":"2020","unstructured":"Alessi J, De Oliveira GB, Franco DW, Brino Do Amaral B, Becker AS, Knijnik CP, et al. Mental health in the era of COVID-19: prevalence of psychiatric disorders in a cohort of patients with type 1 and type 2 diabetes during the social distancing. Diabetol Metab Syndr. 2020;12:1.","journal-title":"Diabetol Metab Syndr"},{"key":"762_CR17","doi-asserted-by":"crossref","unstructured":"Cooper M, Reilly EE, Siegel JA, Coniglio K, Sadeh-Sharvit S, Pisetsky EM, et al. Eating disorders during the COVID-19 pandemic and quarantine: an overview of risks and recommendations for treatment and early intervention. Eat Disord [Internet]. 2020 [cited 2022 Sep 21];1\u201323.","DOI":"10.31234\/osf.io\/x7hea"},{"key":"762_CR18","doi-asserted-by":"publisher","first-page":"112","DOI":"10.1016\/j.bbi.2020.05.040","volume":"87","author":"C Gonz\u00e1lez-Sanguino","year":"2020","unstructured":"Gonz\u00e1lez-Sanguino C, Aus\u00edn B, Castellanos M\u00c1, Saiz J, L\u00f3pez-G\u00f3mez A, Ugidos C, et al. Mental health consequences during the initial stage of the 2020 Coronavirus pandemic (COVID-19) in Spain. Brain Behav Immun. 2020;87:112.","journal-title":"Brain Behav Immun"},{"key":"762_CR19","doi-asserted-by":"publisher","first-page":"77","DOI":"10.1016\/j.jad.2021.02.037","volume":"285","author":"AM Monteleone","year":"2021","unstructured":"Monteleone AM, Marciello F, Cascino G, Abbate-Daga G, Anselmetti S, Baiano M, et al. The impact of COVID-19 lockdown and of the following \u201cre-opening\u201d period on specific and general psychopathology in people with Eating Disorders: the emergent role of internalizing symptoms. J Affect Disord. 2021;285:77.","journal-title":"J Affect Disord"},{"key":"762_CR20","doi-asserted-by":"publisher","first-page":"883","DOI":"10.1016\/S2215-0366(20)30308-4","volume":"7","author":"M Pierce","year":"2020","unstructured":"Pierce M, Hope H, Ford T, Hatch S, Hotopf M, John A, et al. Mental health before and during the COVID-19 pandemic: a longitudinal probability sample survey of the UK population. Lancet Psychiatry. 2020;7:883.","journal-title":"Lancet Psychiatry"},{"key":"762_CR21","doi-asserted-by":"crossref","unstructured":"Baenas I, Etxandi M, Mungu\u00eda L, Granero R, Mestre-Bac G, S\u00e1nchez I, et al. Impact of COVID-19 lockdown in eating disorders: a multicentre collaborative international study. Nutrients. 2022;","DOI":"10.1192\/j.eurpsy.2022.976"},{"key":"762_CR22","doi-asserted-by":"publisher","first-page":"126","DOI":"10.1016\/j.jcbs.2020.07.010","volume":"17","author":"DL Dawson","year":"2020","unstructured":"Dawson DL, Golijani-Moghaddam N. COVID-19: psychological flexibility, coping, mental health, and wellbeing in the UK during the pandemic. J Context Behav Sci. 2020;17:126\u201334.","journal-title":"J Context Behav Sci"},{"issue":"3","key":"762_CR23","doi-asserted-by":"publisher","first-page":"410","DOI":"10.1037\/a0023632","volume":"58","author":"A Main","year":"2022","unstructured":"Main A, Zhou Q, Ma Y, Luecken LJ, Liu X. Relations of SARS-related stressors and coping to Chinese college students\u2019 psychological adjustment during the2003 Beijing SARS epidemic. J Couns Psychol. 2022;58(3):410.","journal-title":"J Couns Psychol"},{"key":"762_CR24","doi-asserted-by":"publisher","DOI":"10.1177\/2150132720980612","author":"MA Hincapi\u00e9","year":"2020","unstructured":"Hincapi\u00e9 MA, Gallego JC, Gempeler A, Pi\u00f1eros JA, Nasner D, Escobar MF. Implementation and usefulness of telemedicine during the COVID-19 pandemic: a scoping review. J Prim Care Commun Health. 2020. https:\/\/doi.org\/10.1177\/2150132720980612.","journal-title":"J Prim Care Commun Health"},{"key":"762_CR25","doi-asserted-by":"publisher","first-page":"1","DOI":"10.7554\/eLife.80729","volume":"11","author":"A Kankaanp\u00e4\u00e4","year":"2022","unstructured":"Kankaanp\u00e4\u00e4 A, Tolvanen A, Heikkinen A, Kaprio J, Ollikainen M, Sillanp\u00e4\u00e4 E. The role of adolescent lifestyle habits in biological aging: a prospective twin study. Elife. 2022;11:1\u201325.","journal-title":"Elife"},{"key":"762_CR26","unstructured":"APA. DSM-V: Diagnostic and Statistical Manual of Mental Disorders (5th edn). American P. Arlington, America; 2013."},{"key":"762_CR27","unstructured":"Stata-Corp. Stata Statistical Software: Release 17. College Station Texas: Stata Press Publication (StataCorp LLC). 2021."},{"key":"762_CR28","volume-title":"Statistical power analysis for the behavioral sciences","author":"J Cohen","year":"1988","unstructured":"Cohen J. Statistical power analysis for the behavioral sciences. 2nd ed. Hillsdale, NJ: Lawrence Earlbaum Associates; 1988.","edition":"2"},{"issue":"2","key":"762_CR29","doi-asserted-by":"publisher","first-page":"137","DOI":"10.1037\/a0028086","volume":"17","author":"K Kelley","year":"2012","unstructured":"Kelley K, Preacher KJ. On effect size. Psychol Methods. 2012;17(2):137\u201352.","journal-title":"Psychol Methods"},{"key":"762_CR30","doi-asserted-by":"publisher","first-page":"920","DOI":"10.1080\/01621459.1993.10476358","volume":"88","author":"H Finner","year":"2001","unstructured":"Finner H, Roters M. On the false discovery rate and expecte type I errors. J Am Stat Assoc. 2001;88:920\u20133.","journal-title":"J Am Stat Assoc"},{"key":"762_CR31","doi-asserted-by":"publisher","first-page":"944","DOI":"10.1038\/ejcn.2013.98","volume":"67","author":"JL Stevenson","year":"2013","unstructured":"Stevenson JL, Krishnan S, Stoner MA, Goktas Z, Cooper JA. Effects of exercise during the holiday season on changes in body weight, body composition and blood pressure. Eur J Clin Nutr. 2013;67:944.","journal-title":"Eur J Clin Nutr"},{"issue":"3","key":"762_CR32","doi-asserted-by":"publisher","first-page":"894","DOI":"10.3390\/nu13030894","volume":"13","author":"E S\u00e1nchez","year":"2021","unstructured":"S\u00e1nchez E, Lecube A, Bellido D, Monereo S, Malag\u00f3n MM, Tinahones FJ. Leading factors for weight gain during covid-19 lockdown in a Spanish population: A cross-sectional study. Nutrients. 2021;13(3):894.","journal-title":"Nutrients"},{"issue":"14","key":"762_CR33","doi-asserted-by":"publisher","first-page":"8480","DOI":"10.3390\/ijerph19148480","volume":"19","author":"L Muth","year":"2022","unstructured":"Muth L, Leven KH, Moll G, Kratz O, Horndasch S. Effects of the COVID-19 restrictions on eating behaviour and eating disorder symptomology in female adolescents. Int J Environ Res Public Heal. 2022;19(14):8480.","journal-title":"Int J Environ Res Public Heal"},{"issue":"7","key":"762_CR34","doi-asserted-by":"publisher","first-page":"1189","DOI":"10.1002\/eat.23505","volume":"54","author":"M Simone","year":"2021","unstructured":"Simone M, Emery RL, Hazzard VM, Eisenberg ME, Larson N, Neumark-Sztainer D. Disordered eating in a population-based sample of young adults during the COVID-19 outbreak. Int J Eat Disord. 2021;54(7):1189\u2013201.","journal-title":"Int J Eat Disord"},{"issue":"12","key":"762_CR35","doi-asserted-by":"publisher","first-page":"4294","DOI":"10.3390\/nu13124294","volume":"13","author":"MP Tavolacci","year":"2021","unstructured":"Tavolacci MP, Ladner J, Dechelotte P. COVID-19 pandemic and eating disorders among university students. Nutrients. 2021;13(12):4294.","journal-title":"Nutrients"},{"issue":"1","key":"762_CR36","doi-asserted-by":"publisher","first-page":"257","DOI":"10.1002\/eat.23788","volume":"56","author":"MA Feldman","year":"2023","unstructured":"Feldman MA, King CK, Vitale S, Denhardt B, Stroup S, Reese J, et al. The impact of COVID-19 on adolescents with eating disorders: Increased need for medical stabilization and decreased access to care. Int J Eat Disord. 2023;56(1):257\u201362.","journal-title":"Int J Eat Disord"},{"issue":"1","key":"762_CR37","doi-asserted-by":"publisher","first-page":"16","DOI":"10.1038\/s41572-022-00344-y","volume":"8","author":"KE Giel","year":"2022","unstructured":"Giel KE, Bulik CM, Fernandez-Aranda F, Hay P, Keski-Rahkonen A, Schag K, et al. Binge eating disorder. Nat Rev Dis Prim. 2022;8(1):16.","journal-title":"Nat Rev Dis Prim"},{"issue":"1","key":"762_CR38","doi-asserted-by":"publisher","first-page":"39313","DOI":"10.4088\/PCC.21m03087","volume":"24","author":"B Cook","year":"2022","unstructured":"Cook B, Mascolo M, Bass G, Duffy ME, Zehring B, Beasley T. Has COVID-19 complicated eating disorder treatment? An examination of comorbidities and treatment response before and during the COVID-19 pandemic. Prim Care Companion CNS Disord. 2022;24(1):39313.","journal-title":"Prim Care Companion CNS Disord"},{"issue":"5","key":"762_CR39","doi-asserted-by":"publisher","first-page":"262","DOI":"10.1192\/bjp.2021.105","volume":"220","author":"M Taquet","year":"2022","unstructured":"Taquet M, Geddes JR, Luciano S, Harrison PJ. Incidence and outcomes of eating disorders during the COVID-19 pandemic. Br J Psychiatry. 2022;220(5):262\u20134.","journal-title":"Br J Psychiatry"},{"key":"762_CR40","doi-asserted-by":"crossref","unstructured":"Shanbehzadeh M, Kazemi-Arpanahi H, Kalkhajeh SG, Basati G. Systematic review on telemedicine platforms in lockdown periods: Lessons learned from the COVID-19 pandemic. J Educ Health Promot [Internet]. 2021 Jan 1 [cited 2022 Sep 21];10(1). https:\/\/pubmed.ncbi.nlm.nih.gov\/34395648\/","DOI":"10.4103\/jehp.jehp_1419_20"}],"container-title":["Journal of Eating Disorders"],"original-title":[],"language":"en","link":[{"URL":"https:\/\/link.springer.com\/content\/pdf\/10.1186\/s40337-023-00762-7.pdf","content-type":"application\/pdf","content-version":"vor","intended-application":"text-mining"},{"URL":"https:\/\/link.springer.com\/article\/10.1186\/s40337-023-00762-7\/fulltext.html","content-type":"text\/html","content-version":"vor","intended-application":"text-mining"},{"URL":"https:\/\/link.springer.com\/content\/pdf\/10.1186\/s40337-023-00762-7.pdf","content-type":"application\/pdf","content-version":"vor","intended-application":"similarity-checking"}],"deposited":{"date-parts":[[2024,10,16]],"date-time":"2024-10-16T05:37:26Z","timestamp":1729057046000},"score":1,"resource":{"primary":{"URL":"https:\/\/jeatdisord.biomedcentral.com\/articles\/10.1186\/s40337-023-00762-7"}},"subtitle":[],"short-title":[],"issued":{"date-parts":[[2023,3,11]]},"references-count":40,"journal-issue":{"issue":"1","published-online":{"date-parts":[[2023,12]]}},"alternative-id":["762"],"URL":"https:\/\/doi.org\/10.1186\/s40337-023-00762-7","relation":{},"ISSN":["2050-2974"],"issn-type":[{"type":"electronic","value":"2050-2974"}],"subject":[],"published":{"date-parts":[[2023,3,11]]},"assertion":[{"value":"6 November 2022","order":1,"name":"received","label":"Received","group":{"name":"ArticleHistory","label":"Article History"}},{"value":"23 February 2023","order":2,"name":"accepted","label":"Accepted","group":{"name":"ArticleHistory","label":"Article History"}},{"value":"11 March 2023","order":3,"name":"first_online","label":"First Online","group":{"name":"ArticleHistory","label":"Article History"}},{"order":1,"name":"Ethics","group":{"name":"EthicsHeading","label":"Declarations"}},{"value":"The study was approved by all relevant committees, namely the Clinical Research Ethics Committee of the leading University Hospital (Bellvitge University Hospital, PR239\/20), by the Ethics Committee of the University of Minho (CEICSH 089\/2020) and, the National Commission on Research Ethics in Brazil (CAAE: 39338020.9.0000.5393). Written informed consent was obtained from all participants.","order":2,"name":"Ethics","group":{"name":"EthicsHeading","label":"Ethics approval and consent to participate"}},{"value":"Not applicable.","order":3,"name":"Ethics","group":{"name":"EthicsHeading","label":"Consent for publication"}},{"value":"Both Fernando Fern\u00e1ndez-Aranda and Susana Jim\u00e9nez-Murcia received consultancy honoraria from Novo Nordisk and Fernando Fern\u00e1ndez-Aranda received editorial honoraria as EIC from Wiley. The other authors have no conflict of interest.","order":4,"name":"Ethics","group":{"name":"EthicsHeading","label":"Competing interests"}}],"article-number":"39"}}