{"status":"ok","message-type":"work","message-version":"1.0.0","message":{"indexed":{"date-parts":[[2024,8,5]],"date-time":"2024-08-05T09:10:21Z","timestamp":1722849021712},"reference-count":0,"publisher":"Health Sciences Research Unit: Nursing","issue":"11","content-domain":{"domain":[],"crossmark-restriction":false},"short-container-title":["Rev. Enf. Ref."],"published-print":{"date-parts":[[2013,12,31]]},"DOI":"10.12707\/riii1297","type":"journal-article","created":{"date-parts":[[2013,12,17]],"date-time":"2013-12-17T15:07:08Z","timestamp":1387292828000},"page":"85-94","source":"Crossref","is-referenced-by-count":3,"title":["Sa\u00fade mental em cuidadores informais de idosos dependentes p\u00f3s-acidente vascular cerebral"],"prefix":"10.12707","volume":"III S\u00e9rie","author":[{"given":"Suzana","family":"Andr\u00e9","sequence":"first","affiliation":[]},{"given":"Maria","family":"Nunes","sequence":"additional","affiliation":[]},{"given":"Maria","family":"Martins","sequence":"additional","affiliation":[]},{"given":"V\u00edtor","family":"Rodrigues","sequence":"additional","affiliation":[]}],"member":"5008","container-title":["Revista de Enfermagem Refer\u00eancia"],"original-title":[],"link":[{"URL":"http:\/\/www.scielo.mec.pt\/pdf\/ref\/vserIIIn11\/serIIIn11a10.pdf","content-type":"unspecified","content-version":"vor","intended-application":"similarity-checking"}],"deposited":{"date-parts":[[2016,12,8]],"date-time":"2016-12-08T09:26:48Z","timestamp":1481189208000},"score":1,"resource":{"primary":{"URL":"http:\/\/www.esenfc.pt\/site\/index.php?module=rr&target=publicationDetails&pesquisa=&id_artigo=2409&id_revista=9&id_edicao=58"}},"subtitle":[],"short-title":[],"issued":{"date-parts":[[2013,12,31]]},"references-count":0,"journal-issue":{"issue":"11","published-print":{"date-parts":[[2013,12,31]]}},"URL":"https:\/\/doi.org\/10.12707\/riii1297","relation":{},"ISSN":["0874-0283"],"issn-type":[{"value":"0874-0283","type":"print"}],"subject":[],"published":{"date-parts":[[2013,12,31]]}}}