{"status":"ok","message-type":"work","message-version":"1.0.0","message":{"indexed":{"date-parts":[[2025,5,14]],"date-time":"2025-05-14T04:08:03Z","timestamp":1747195683078,"version":"3.40.5"},"reference-count":40,"publisher":"USCS Universidade Municipal  de Sao Caetano do Sul","license":[{"start":{"date-parts":[[2024,11,11]],"date-time":"2024-11-11T00:00:00Z","timestamp":1731283200000},"content-version":"unspecified","delay-in-days":0,"URL":"https:\/\/creativecommons.org\/licenses\/by-nc-nd\/4.0"}],"content-domain":{"domain":[],"crossmark-restriction":false},"short-container-title":["GR"],"abstract":"<jats:p>A COVID-19 afetou os h\u00e1bitos das popula\u00e7\u00f5es: trabalho, estudo, mobilidade e rela\u00e7\u00f5es interpessoais, tornando mais evidente as diferen\u00e7as sociais. De uma forma geral, os governos v\u00eam tomando a\u00e7\u00f5es no intuito de combater a pandemia e mitigar a velocidade de contamina\u00e7\u00e3o. Todavia, em muitos casos, estas a\u00e7\u00f5es t\u00eam se demonstrado desconectadas com a popula\u00e7\u00e3o. Dentro deste contexto, este artigo tem por intuito demonstrar a vis\u00e3o dos habitantes de S\u00e3o Paulo e Medell\u00edn acerca da efetividade das a\u00e7\u00f5es conduzidas pelos governos municipais, a fim de identificar situa\u00e7\u00f5es em comum e contrastes. Para tal, foi conduzido um estudo de casos m\u00faltiplos em que mun\u00edcipes foram entrevistados. Em seguida, as entrevistas foram transcritas e analisadas. A vis\u00e3o da popula\u00e7\u00e3o impactada pela pandemia \u00e9 importante para a avalia\u00e7\u00e3o de pol\u00edticas p\u00fablicas em andamento e para o planejamento das a\u00e7\u00f5es a serem tomadas, de forma a garantir a resili\u00eancia das cidades em rela\u00e7\u00e3o \u00e0 crise estabelecida.<\/jats:p>","DOI":"10.13037\/gr.vol40.e20248543","type":"journal-article","created":{"date-parts":[[2024,11,28]],"date-time":"2024-11-28T16:54:09Z","timestamp":1732812849000},"page":"e20248543","source":"Crossref","is-referenced-by-count":0,"title":["VIS\u00c3O DA POPULA\u00c7\u00c3O DOS MUNIC\u00cdPIOS DE S\u00c3O PAULO (BRASIL) e MEDELL\u00cdN (COL\u00d4MBIA) ACERCA DOS EFEITOS SOCIOECON\u00d4MICOS  CAUSADOS PELA PANDEMIA DO NOVO CORONAV\u00cdRUS"],"prefix":"10.13037","volume":"40","author":[{"ORCID":"https:\/\/orcid.org\/0000-0001-7356-0779","authenticated-orcid":false,"given":"Jo\u00e3o Alexandre","family":"Paschoalin Filho","sequence":"first","affiliation":[]},{"ORCID":"https:\/\/orcid.org\/0000-0002-1273-3442","authenticated-orcid":false,"given":"Daniela","family":"Belchior Brito","sequence":"additional","affiliation":[]},{"ORCID":"https:\/\/orcid.org\/0000-0002-1372-6252","authenticated-orcid":false,"given":"John Fredy","family":"Lop\u00e9z-P\u00e9rez","sequence":"additional","affiliation":[]},{"ORCID":"https:\/\/orcid.org\/0000-0002-1848-2234","authenticated-orcid":false,"given":"Ant\u00f3nio Jos\u00e9","family":"Guerner Dias","sequence":"additional","affiliation":[]}],"member":"5180","published-online":{"date-parts":[[2024,11,11]]},"reference":[{"doi-asserted-by":"crossref","unstructured":"ANDION, C. Atua\u00e7\u00e3o da sociedade civil no enfrentamento dos efeitos da COVID-19 no Brasil. Revista Brasileira de Administra\u00e7\u00e3o P\u00fablica: FGV EBAPE. Rio de Janeiro, v.54, n.4, p 936 \u2013 951, 2020.","key":"88850","DOI":"10.1590\/0034-761220200199"},{"unstructured":"BACHMAN, D. The economic impact of COVID-19. Deloitte Insights. Dispon\u00edvel em: https:\/\/www2.deloitte.com\/global\/en\/insights\/economy\/covid-19\/economic-impact-covid-19.html. Acesso em: 04\/05\/2022.","key":"88851"},{"doi-asserted-by":"crossref","unstructured":"BANAI, R. Pandemic and the planning of resilient cities and regions. Cities, v. 106, 6p, 2020.","key":"88852","DOI":"10.1016\/j.cities.2020.102929"},{"doi-asserted-by":"crossref","unstructured":"BISPO, J. P.; MORAIS, M. B. Participa\u00e7\u00e3o comunit\u00e1ria no enfrentamento da COVID-19: entre o utilitarismo e a justi\u00e7a social. Cadernos de Sa\u00fade P\u00fablica, v. 36, n.8, 9p, 2020.","key":"88853","DOI":"10.1590\/0102-311x00151620"},{"doi-asserted-by":"crossref","unstructured":"C\u00c1RDENAS, J.; ROBLES-RIVERA, F.; MART\u00cdNEZ-VALLEJO, D. \u00c9lites Empresariales y Desigualdad en Tiempos de Pandemia en Am\u00e9rica Latina (Business Elites and Inequality in Times of Pandemic in Latin America). Revista Espa\u00f1ola de Sociolog\u00eda, v. 29, n. 3, p.80 \u2013 94, 2020.","key":"88854","DOI":"10.22325\/fes\/res.2020.45"},{"doi-asserted-by":"crossref","unstructured":"CARTEN\u00cc, A.; DI FRANCESCO, L.; MARTINO, M. How mobility habits influenced the spread of the COVID-19 pandemic: Results from the Italian case study. Science of the Total Environment, v. 741, 9p, 2020.","key":"88855","DOI":"10.1016\/j.scitotenv.2020.140489"},{"doi-asserted-by":"crossref","unstructured":"CORBURN, J. et al. Slum health: arresting COVID-19 and improving well-being in urban informal settlements. Journal of Urban Health, v.97, n.3, 10p, 2020.","key":"88856","DOI":"10.1007\/s11524-020-00438-6"},{"doi-asserted-by":"crossref","unstructured":"DE LIMA, A. Q. O; TUMBO, D.L. Desafios do ensino remoto na educa\u00e7\u00e3o b\u00e1sica em tempos de pandemia. Revista Faculdade FAMEN, v. 2, n. 1, p. 141 \u2013 151, 2021.","key":"88857","DOI":"10.36470\/famen.2021.r2a14"},{"unstructured":"MEDELL\u00cdN, Alcald\u00eda. Efectos econ\u00f3micos y sociales por COVID-19 y alternativas de pol\u00edtica p\u00fablica: un an\u00e1lisis para Medell\u00edn y el AMVA. Medell\u00edn: Secretar\u00eda de Desarrollo Econ\u00f3mico, 2020.","key":"88858"},{"doi-asserted-by":"crossref","unstructured":"OLIVEIRA ANDRADE, R. The Brazilian slums hiring their own doctors to fight COVID-19. Bmj Global Health, v. 369, 2020.","key":"88859","DOI":"10.1136\/bmj.m1597"},{"doi-asserted-by":"crossref","unstructured":"DEBONE, D. DA COSTA; M. V. MIRAGLIA; S. GEK. 90 days of COVID-19 social distancing and its impacts on air quality and health in Sao Paulo, Brazil. Sustainability, v. 12, n. 18, 16p., 2020.","key":"88860","DOI":"10.3390\/su12187440"},{"unstructured":"DESAI, D. Urban Densities and the COVID-19 Pandemic: Upending the Sustainability Myth of Global Megacities, ORF Occasional Paper, n.244, Observer Research Foundation, 2020.","key":"88861"},{"doi-asserted-by":"crossref","unstructured":"EZEIBE, C. C.; CHUKWUDI, I.; EZEIBE, N.; OGUONU, C.N.; NWANKWO, C.K.A.; OSADEBE, A.N. Political distrust and the spread of COVID-19 in Nigeria. Global Public Health, v. 15, n. 12, p. 1753 \u2013 1766, 2020.","key":"88862","DOI":"10.1080\/17441692.2020.1828987"},{"unstructured":"FRANCO, M.L.P.B. An\u00e1lise de conte\u00fado. Editora Autores Associados, 96p, 2020.","key":"88863"},{"unstructured":"GIL, A. C. Metodologia cient\u00edfica. S\u00e3o Paulo, v. 3, 2002, 220p.","key":"88864"},{"doi-asserted-by":"crossref","unstructured":"GON\u00c7ALVES, C. Regi\u00f5es, cidades e comunidades resilientes: novos princ\u00edpios de desenvolvimento. Revista Brasileira de Gest\u00e3o Urbana, v. 9, n.2, p. 371 \u2013 385, 2017.","key":"88865","DOI":"10.1590\/2175-3369.009.002.ao15"},{"doi-asserted-by":"crossref","unstructured":"GUIMAR\u00c3ES, R. B; CAT\u00c3O, R. C.; MARTINUCI, O. S; PUGLIESI, E. A.; MATSUMOTO, P. S. S. O racioc\u00ednio geogr\u00e1fico e as chaves de leitura de COVID-19 no territ\u00f3rio brasileiro. Estudos Avan\u00e7ados, v.34, n.99, p. 119 \u2013 139, 2020.","key":"88866","DOI":"10.1590\/s0103-4014.2020.3499.008"},{"doi-asserted-by":"crossref","unstructured":"IWUOHA, V. C.; ANICHE, E. T. Covid-19 lockdown and physical distancing policies are elitist: towards an indigenous (Afro-centred) approach to containing the pandemic in sub-urban slums in Nigeria. Local Environment, v. 25, n. 8, p. 631 \u2013 640, 2020.","key":"88867","DOI":"10.1080\/13549839.2020.1801618"},{"doi-asserted-by":"crossref","unstructured":"JAMES, P. DAS; JALISINSKA, R.; SMITH, A. L. Smart cities and a data-driven response to COVID-19. Dialogues in Human Geography, v.10, n.2, p255\u2013259, 2020.","key":"88868","DOI":"10.1177\/2043820620934211"},{"unstructured":"JOHNS HOPKINS UNIVERSITY. Coronavirus COVID-19 Global Cases by Johns Hopkins CSSE [Internet]. Johns Hopkins University; 2020. Dispon\u00edvel em: https:\/\/coronavirus.jhu.edu\/map.html. Acesso em 7 mar. 2022.","key":"88869"},{"doi-asserted-by":"crossref","unstructured":"KUMMITHA, R. K. R.; CRUTZEN, N. How do we understand smart cities? An evolutionary perspective. Cities, v. 67, p. 43 \u2013 52, 2017.","key":"88870","DOI":"10.1016\/j.cities.2017.04.010"},{"unstructured":"LARA, L. M. R; CRUZ, N. C. M. Retos e implicaciones en seguridad y salud en el trabajo en la modalidad de trabajo en casa, como respuesta en tiempos de pandemia por COVID-19 en Colombia. 2021, 115p. Disserta\u00e7\u00e3o (Mestrado em Seguran\u00e7a e Sa\u00fade do Trabalho). Pontificia Universidad Javeriana, Bogot\u00e1, 2021.","key":"88871"},{"doi-asserted-by":"crossref","unstructured":"MACIEL, J. A. C; SILVA, I. L. C; FARIAS, M. R. An\u00e1lise inicial da correla\u00e7\u00e3o espacial entre a incid\u00eancia de COVID-19 e o desenvolvimento humano nos munic\u00edpios do estado do Cear\u00e1 no Brasil. Revista Brasileira de Epidemiologia, n.23, 17p, 2020.","key":"88872","DOI":"10.1590\/1980-549720200057"},{"unstructured":"MATIAS-PEREIRA, J. Manual de metodologia da pesquisa cient\u00edfica. Grupo Gen-Atlas, 2016, 224p.","key":"88873"},{"doi-asserted-by":"crossref","unstructured":"MOLINA-BETANCUR, J; MARTIN\u00c9Z-HERRERA, J.M.P.; BENACH, J. Coronavirus disease 2019 and slums in the Global South: lessons from Medell\u00edn (Colombia). Global Health Promotion, v.28, n.1, p.65-69, 2021.","key":"88874","DOI":"10.1177\/1757975920962797"},{"unstructured":"ORTIZ, S.G.; GONZ\u00c1LEZ, E.J.M.; GARC\u00cdA, G.A. An\u00e1lisis espacial de la informalidad laboral intraurbana en Medell\u00edn. Sociedad y Econ\u00f3mia, n.35, p. 9-31, 2018.","key":"88875"},{"doi-asserted-by":"crossref","unstructured":"PEREIRA, A. K; OLIVEIRA, M. S; SAMPAIO, T. S. Heterogeneidades das pol\u00edticas estaduais de distanciamento social diante da COVID-19: aspectos pol\u00edticos e t\u00e9cnico-administrativos. Revista de Administra\u00e7\u00e3o P\u00fablica, v.54, n.4, p.678-696, 2020.","key":"88876","DOI":"10.1590\/0034-761220200323"},{"unstructured":"PEREIRA, A.S.; SHITSUKA, D.M.; PARREIRA, F.J.; SHITSUKA, R. Metodologia da pesquisa cient\u00edfica. Universidade Federal de Santa Maria, 2018, 119p.","key":"88877"},{"unstructured":"POLI, A.; GEMIGNANI, A.; CONVERSANO, C. The psychological impact of SARS-CoV-2 quarantine: observations through the lens of the polyvagal theory. Clin. Neuropsychiatry, v. 17, p. 112-114, 2020.","key":"88878"},{"doi-asserted-by":"crossref","unstructured":"RAJAN, D; KOCH, K.; ROHRER, K.; BAJNOCZKI, C.; SOCHA, A.; VOSS, M.; NICOD, M.; RIDDE, V.; KOONIN, J. Governance of the Covid-19 response: a call for more inclusive and transparent decision-making. BMJ Global Health, v. 5, n. 5, 8p, 2020.","key":"88879","DOI":"10.1136\/bmjgh-2020-002655"},{"doi-asserted-by":"crossref","unstructured":"SALAMANCA, J. D. G.; VARGAS, G. Quarantine and Informality: Reflections on the Colombian Case. Space and Culture, v. 23, n. 3, p. 307-314, 2020.","key":"88880","DOI":"10.1177\/1206331220938626"},{"unstructured":"SCHREIBER, M. Coronav\u00edrus: uso de dados de geolocaliza\u00e7\u00e3o contra a pandemia p\u00f5e em risco sua privacidade? BBC News Brasil, Bras\u00edlia, 21 de abril de 2020. Dispon\u00edvel em: https:\/\/www.bbc.com\/portuguese\/brasil-52357879 Acesso em: 05 maio de 2022.","key":"88881"},{"doi-asserted-by":"crossref","unstructured":"SHARIFI, A.; KHAVARIAN-GARMSIR, A. R. The COVID-19 pandemic: Impacts on cities and major lessons for urban planning, design, and management. Science of The Total Environment, v.749, 2020.","key":"88882","DOI":"10.1016\/j.scitotenv.2020.142391"},{"doi-asserted-by":"crossref","unstructured":"SOUZA, M.A.R; WALL, M.L.; THULER, A. C. M. C.; LOWEN, I.M.V.; PERES, A.M. O uso do software IRAMUTEQ na an\u00e1lise de dados em pesquisas qualitativas. Revista da Escola de Enfermagem da USP, v. 52, 7p., 2018.","key":"88883","DOI":"10.1590\/s1980-220x2017015003353"},{"doi-asserted-by":"crossref","unstructured":"STOROPOLI, J. E.; SILVA NETO, W. L. B; MESCH, G. S. Confidence in social institutions, perceived vulnerability and the adoption of recommended protective behaviors in Brazil during the COVID-19 pandemic. Social Science & Medicine, v.265, n.1982, 8p., 2020.","key":"88884","DOI":"10.1016\/j.socscimed.2020.113477"},{"unstructured":"TAQUETTE, S. R.; BORGES, L. Pesquisa qualitativa para todos. Editora Vozes, 2021, 208p.","key":"88885"},{"unstructured":"TRINDADE, E.P.; MEZZAROBA, M.P.; CARNEIRO, M.R.; FIALHO, F.A.P. E-gov. como ferramenta de governan\u00e7a para cidades inteligentes, um estudo de casos entre Brasil e Col\u00f4mbia. Revista Ciencias de la Documentaci\u00f3n, v.3, p. 44-55, 2017.","key":"88886"},{"doi-asserted-by":"crossref","unstructured":"VELAVAN, T. P. MEYER; C. G. The COVID-19 epidemic. Tropical Medicine and International Health, v.25, n. 3, p. 278-280, 2020.","key":"88887","DOI":"10.1111\/tmi.13383"},{"unstructured":"YIN, R. K. Case study research and applications: Design and methods. Sage publications, 2017.","key":"88888"},{"doi-asserted-by":"crossref","unstructured":"ZHONG, B.L.; LUO, W.; LI, H.M.; ZHANG, Q.Q.; LIU, X.G.; LIN, W.T.; LI, Y. Knowledge, attitudes, and practices towards COVID-19 among Chinese residents during the rapid rise period of the COVID-19 outbreak: a quick online cross-sectional survey. International journal of biological sciences, v. 16, n. 10, p. 1745-1752, 2020.","key":"88889","DOI":"10.7150\/ijbs.45221"}],"container-title":["Gest\u00e3o &amp; Regionalidade"],"original-title":[],"link":[{"URL":"https:\/\/seer.uscs.edu.br\/index.php\/revista_gestao\/article\/download\/8543\/4214","content-type":"application\/pdf","content-version":"vor","intended-application":"text-mining"},{"URL":"https:\/\/seer.uscs.edu.br\/index.php\/revista_gestao\/article\/download\/8543\/4215","content-type":"application\/pdf","content-version":"vor","intended-application":"text-mining"},{"URL":"https:\/\/seer.uscs.edu.br\/index.php\/revista_gestao\/article\/download\/8543\/4214","content-type":"unspecified","content-version":"vor","intended-application":"similarity-checking"}],"deposited":{"date-parts":[[2024,11,28]],"date-time":"2024-11-28T16:54:54Z","timestamp":1732812894000},"score":1,"resource":{"primary":{"URL":"https:\/\/seer.uscs.edu.br\/index.php\/revista_gestao\/article\/view\/8543"}},"subtitle":[],"short-title":[],"issued":{"date-parts":[[2024,11,11]]},"references-count":40,"URL":"https:\/\/doi.org\/10.13037\/gr.vol40.e20248543","relation":{},"ISSN":["2176-5308","1808-5792"],"issn-type":[{"type":"electronic","value":"2176-5308"},{"type":"print","value":"1808-5792"}],"subject":[],"published":{"date-parts":[[2024,11,11]]}}}