{"status":"ok","message-type":"work","message-version":"1.0.0","message":{"indexed":{"date-parts":[[2025,7,26]],"date-time":"2025-07-26T09:06:03Z","timestamp":1753520763659,"version":"3.37.3"},"reference-count":29,"publisher":"Springer Fachmedien Wiesbaden GmbH","issue":"1","license":[{"start":{"date-parts":[[2023,12,28]],"date-time":"2023-12-28T00:00:00Z","timestamp":1703721600000},"content-version":"tdm","delay-in-days":0,"URL":"https:\/\/www.springernature.com\/gp\/researchers\/text-and-data-mining"},{"start":{"date-parts":[[2023,12,28]],"date-time":"2023-12-28T00:00:00Z","timestamp":1703721600000},"content-version":"vor","delay-in-days":0,"URL":"https:\/\/www.springernature.com\/gp\/researchers\/text-and-data-mining"}],"content-domain":{"domain":["link.springer.com"],"crossmark-restriction":false},"short-container-title":["HMD"],"published-print":{"date-parts":[[2024,2]]},"DOI":"10.1365\/s40702-023-01033-4","type":"journal-article","created":{"date-parts":[[2023,12,28]],"date-time":"2023-12-28T17:02:23Z","timestamp":1703782943000},"page":"234-251","update-policy":"https:\/\/doi.org\/10.1007\/springer_crossmark_policy","source":"Crossref","is-referenced-by-count":1,"title":["Kompetenzentwicklung in der \u00d6ffentlichen Verwaltung am Beispiel des Digital.Campus Bayern (DCB)","Competence Development in Public Administration Using the Example of Digital.Campus Bavaria (DCB)"],"prefix":"10.1365","volume":"61","author":[{"ORCID":"https:\/\/orcid.org\/0009-0004-2419-9306","authenticated-orcid":false,"given":"Julia","family":"Knifka","sequence":"first","affiliation":[]},{"given":"Markus","family":"Tilgner","sequence":"additional","affiliation":[]},{"given":"Georg","family":"Holand","sequence":"additional","affiliation":[]}],"member":"93","published-online":{"date-parts":[[2023,12,28]]},"reference":[{"key":"1033_CR1","volume-title":"The Learning Experience Platform (LXP) market expands","author":"J Bersin","year":"2018","unstructured":"Bersin\u00a0J (2018) The Learning Experience Platform (LXP) market expands. JOSH BERSIN"},{"key":"1033_CR2","unstructured":"Bitkom (2018) Digitale Kompetenzen in der Verwaltung st\u00e4rken. Impulspapier Berlin. https:\/\/bit.ly\/3OR4Ttw. Zugegriffen: 27. Nov. 2023"},{"issue":"2","key":"1033_CR3","doi-asserted-by":"publisher","first-page":"203","DOI":"10.1007\/s11612-021-00579-5","volume":"52","author":"V Blumberg","year":"2021","unstructured":"Blumberg\u00a0V, Kauffeld\u00a0S (2021) Kompetenzen und Wege der Kompetenzentwicklung in der Industrie\u00a04.0. Gruppe Interak Org Z Angew Organisationspsychol 52(2):203\u2013225. https:\/\/doi.org\/10.1007\/s11612-021-00579-5","journal-title":"Gruppe Interak Org Z Angew Organisationspsychol"},{"key":"1033_CR4","doi-asserted-by":"publisher","DOI":"10.1007\/978-3-658-38958-1_2","volume-title":"Verwaltung im digitalen Zeitalter","author":"D Catakli","year":"2022","unstructured":"Catakli\u00a0D (2022) Verwaltung im digitalen Zeitalter. Springer, Wiesbaden https:\/\/doi.org\/10.1007\/978-3-658-38958-1_2"},{"key":"1033_CR29","unstructured":"Council Recommendation on key competences for lifelong learning (2018) EUR-Lex \u2013 32018H0604(01) \u2013 EN \u2013 EUR-Lex (europa.eu). Zugegriffen: 21.\u00a0Nov. 2023"},{"key":"1033_CR6","first-page":"1","volume-title":"Kompetenz: Festschrift Prof. Dr. John Erpenbeck zum 70.\u00a0Geburtstag","author":"J Erpenbeck","year":"2012","unstructured":"Erpenbeck\u00a0J (2012) Was sind Kompetenzen. In: Faix\u00a0WG (Hrsg) Kompetenz: Festschrift Prof. Dr. John Erpenbeck zum 70.\u00a0Geburtstag. Steinbeis-Edition, Stuttgart, S\u00a01\u201359"},{"key":"1033_CR8","unstructured":"Erpenbeck J (2014) Stichwort Kompetenz. http:\/\/www.diezeitschrift.de\/32014\/kompetenz-01.pdf. Zugegriffen: 21. Nov. 2023"},{"volume-title":"Handbuch Kompetenzmessung: Erkennen, verstehen und bewerten von Kompetenzen in der betrieblichen, p\u00e4dagogischen und psychologischen Praxis","year":"2007","key":"1033_CR5","unstructured":"Erpenbeck\u00a0J, Rosenstiel\u00a0L (Hrsg) (2007) Handbuch Kompetenzmessung: Erkennen, verstehen und bewerten von Kompetenzen in der betrieblichen, p\u00e4dagogischen und psychologischen Praxis. Sch\u00e4ffer-Poeschel, Stuttgart"},{"key":"1033_CR7","doi-asserted-by":"publisher","DOI":"10.1007\/978-3-642-37181-3","volume-title":"So werden wir lernen! Kompetenzentwicklung in einer Welt f\u00fchlender Computer, kluger Wolken und sinnsuchender Netze","author":"J Erpenbeck","year":"2013","unstructured":"Erpenbeck\u00a0J, Sauter\u00a0W (2013) So werden wir lernen! Kompetenzentwicklung in einer Welt f\u00fchlender Computer, kluger Wolken und sinnsuchender Netze. Springer, Berlin, Heidelberg https:\/\/doi.org\/10.1007\/978-3-642-37181-3"},{"key":"1033_CR9","doi-asserted-by":"publisher","DOI":"10.1007\/978-3-658-09954-1","volume-title":"Wissen, Werte und Kompetenzen in der Mitarbeiterentwicklung: Ohne Gef\u00fchl geht in der Bildung gar nichts","author":"J Erpenbeck","year":"2015","unstructured":"Erpenbeck\u00a0J, Sauter\u00a0W (2015) Wissen, Werte und Kompetenzen in der Mitarbeiterentwicklung: Ohne Gef\u00fchl geht in der Bildung gar nichts. Springer, Wiesbaden https:\/\/doi.org\/10.1007\/978-3-658-09954-1"},{"key":"1033_CR10","doi-asserted-by":"publisher","DOI":"10.1007\/978-3-658-30196-5","volume-title":"Werteerfassung und Wertemanagement: Gezielte Werteentwicklung von Pers\u00f6nlichkeiten, Teams und Organisationen","author":"J Erpenbeck","year":"2020","unstructured":"Erpenbeck\u00a0J, Sauter\u00a0W (2020) Werteerfassung und Wertemanagement: Gezielte Werteentwicklung von Pers\u00f6nlichkeiten, Teams und Organisationen. Springer, Wiesbaden https:\/\/doi.org\/10.1007\/978-3-658-30196-5"},{"key":"1033_CR11","doi-asserted-by":"publisher","DOI":"10.1007\/978-3-658-36634-6_3","volume-title":"Digitalisierung. Schwerpunkt Business Model Innovation","author":"M Gabriel","year":"2023","unstructured":"Gabriel\u00a0M (2023) Bewertung der digitalen Reife von Unternehmen mittels Reifegradmodellen: Grundlagen & Vergleich bestehender Reifegradmodelle. In: Schallmo\u00a0D, Lang\u00a0K, Werani\u00a0T, Krumay\u00a0B (Hrsg) Digitalisierung. Schwerpunkt Business Model Innovation. Springer Gabler, Wiesbaden https:\/\/doi.org\/10.1007\/978-3-658-36634-6_3"},{"key":"1033_CR12","doi-asserted-by":"publisher","DOI":"10.1007\/978-3-658-37964-3","volume-title":"Die digitale Transformation in der \u00f6ffentlichen Verwaltung am Beispiel von Verwaltungsverfahren: Eine empirische Betrachtung in deutschen Verwaltungsorganisationen, Wissen, Innovationen und Prozesse","author":"MA Giehrl","year":"2022","unstructured":"Giehrl\u00a0MA (2022) Die digitale Transformation in der \u00f6ffentlichen Verwaltung am Beispiel von Verwaltungsverfahren: Eine empirische Betrachtung in deutschen Verwaltungsorganisationen, Wissen, Innovationen und Prozesse. Springer, Wiesbaden https:\/\/doi.org\/10.1007\/978-3-658-37964-3"},{"key":"1033_CR13","volume-title":"Kompetenzmanagement: Methoden, Vorgehen, KODE\u00ae und KODE\u00aeX im Praxistest","author":"V Heyse","year":"2007","unstructured":"Heyse\u00a0V, Erpenbeck\u00a0J (2007) Kompetenzmanagement: Methoden, Vorgehen, KODE\u00ae und KODE\u00aeX im Praxistest. Waxmann, M\u00fcnster"},{"key":"1033_CR14","doi-asserted-by":"publisher","DOI":"10.5771\/9783961861699","volume-title":"New Work. Menschlich, demokratisch, agil","author":"M H\u00fcbler","year":"2018","unstructured":"H\u00fcbler\u00a0M (2018) New Work. Menschlich, demokratisch, agil. Metropolitan, Regensburg"},{"key":"1033_CR15","doi-asserted-by":"publisher","DOI":"10.1007\/978-3-658-05642-1","volume-title":"Psychologische Auswirkungen von Change Prozessen: Widerst\u00e4nde, Emotionen, Ver\u00e4nderungsbereitschaft und Implikationen f\u00fcr F\u00fchrungskr\u00e4fte","author":"M Landes","year":"2014","unstructured":"Landes\u00a0M, Steiner\u00a0E (2014) Psychologische Auswirkungen von Change Prozessen: Widerst\u00e4nde, Emotionen, Ver\u00e4nderungsbereitschaft und Implikationen f\u00fcr F\u00fchrungskr\u00e4fte. Springer, Wiesbaden"},{"key":"1033_CR16","doi-asserted-by":"publisher","first-page":"221","DOI":"10.1007\/s11613-004-0023-0","volume":"11","author":"A Lenbet","year":"2004","unstructured":"Lenbet\u00a0A (2004) Zur Aktualit\u00e4t des Kompetenzbegriffs und zur Bedeutung der Kompetenzentwicklung f\u00fcr das Coaching. OSC 11:221\u2013232. https:\/\/doi.org\/10.1007\/s11613-004-0023-0","journal-title":"OSC"},{"key":"1033_CR18","doi-asserted-by":"publisher","DOI":"10.1007\/978-3-658-37151-7","volume-title":"Auf dem Weg zur digitalen Verwaltung","author":"H Markus","year":"2022","unstructured":"Markus\u00a0H, Meuche\u00a0T (2022) Auf dem Weg zur digitalen Verwaltung. Springer Gabler, Wiesbaden https:\/\/doi.org\/10.1007\/978-3-658-37151-7"},{"key":"1033_CR17","doi-asserted-by":"publisher","first-page":"34","DOI":"10.1007\/s35114-020-0209-0","volume":"4","author":"I Mergel","year":"2020","unstructured":"Mergel\u00a0I (2020) Kompetenzen f\u00fcr die digitale Transformation der Verwaltung. Innov Verwalt 4:34\u201336. https:\/\/doi.org\/10.1007\/s35114-020-0209-0","journal-title":"Innov Verwalt"},{"key":"1033_CR19","unstructured":"Mittelstand Digital, BMWK (2023) Digitaler Reifegrad. https:\/\/bit.ly\/45jS7ed. Zugegriffen: 24. Aug. 2023"},{"key":"1033_CR20","doi-asserted-by":"publisher","first-page":"103752","DOI":"10.1016\/j.compedu.2019.103752","volume":"146","author":"M Oberl\u00e4nder","year":"2020","unstructured":"Oberl\u00e4nder\u00a0M, Beinicke\u00a0A, Bipp\u00a0T (2020) Digital competencies: a\u00a0review of the literature and applications in the workplace. Comput Educ 146:103752. https:\/\/doi.org\/10.1016\/j.compedu.2019.103752","journal-title":"Comput Educ"},{"key":"1033_CR21","volume-title":"The Prosci ADKAR\u00ae Model","author":"PROCI","year":"2023","unstructured":"PROCI (2023) The Prosci ADKAR\u00ae Model"},{"key":"1033_CR22","volume-title":"Die Magie der Transformation","author":"R Razavi","year":"2022","unstructured":"Razavi\u00a0R (2022) Die Magie der Transformation. Haufe, Freiburg"},{"key":"1033_CR23","doi-asserted-by":"publisher","DOI":"10.1007\/978-3-658-36634-6_1","volume-title":"Digitalisierung. Schwerpunkt Business Model Innovation","author":"D Schallmo","year":"2023","unstructured":"Schallmo\u00a0D, Williams\u00a0CA (2023) Integrierter Ansatz f\u00fcr den digitalen Reifegrad: Ebenen, Vorgehen und detaillierte Analyse. In: Schallmo\u00a0D, Lang\u00a0K, Werani\u00a0T, Krumay\u00a0B (Hrsg) Digitalisierung. Schwerpunkt Business Model Innovation. Springer Gabler, Wiesbaden https:\/\/doi.org\/10.1007\/978-3-658-36634-6_1"},{"key":"1033_CR24","doi-asserted-by":"publisher","DOI":"10.1007\/978-3-658-27754-3","volume-title":"Mit dem digitalen Reifegradmodell zur digitalen Transformation der Verwaltung: Leitfaden f\u00fcr die Organisationsgestaltung auf dem Weg zur Smart City","author":"B Schenk","year":"2019","unstructured":"Schenk\u00a0B, Schneider\u00a0C (2019) Mit dem digitalen Reifegradmodell zur digitalen Transformation der Verwaltung: Leitfaden f\u00fcr die Organisationsgestaltung auf dem Weg zur Smart City. Springer, Wiesbaden https:\/\/doi.org\/10.1007\/978-3-658-27754-3"},{"key":"1033_CR25","unstructured":"Schola Europaea, Office of the Secretary-General Key competences for lifelong learning in the European schools 2018. https:\/\/www.eursc.eu\/BasicTexts\/2018-09-D-69-en-2.pdf"},{"key":"1033_CR26","volume-title":"Lernplattformen f\u00fcr das virtuelle Lernen: Evaluation und Didaktik","author":"R Schulmeister","year":"2005","unstructured":"Schulmeister\u00a0R (2005) Lernplattformen f\u00fcr das virtuelle Lernen: Evaluation und Didaktik. Oldenbourg, M\u00fcnchen"},{"key":"1033_CR27","series-title":"EUR 31006 EN","doi-asserted-by":"publisher","DOI":"10.2760\/490274","volume-title":"DigComp 2.2: The Digital Competence Framework for Citizens\u2014With new examples of knowledge, skills and attitudes","author":"R Vuorikari","year":"2022","unstructured":"Vuorikari\u00a0R, Kluzer\u00a0S, Punie\u00a0Y (2022) DigComp 2.2: The Digital Competence Framework for Citizens\u2014With new examples of knowledge, skills and attitudes. EUR 31006 EN. Publications Office of the European Union, Luxembourg https:\/\/doi.org\/10.2760\/490274"},{"key":"1033_CR28","doi-asserted-by":"publisher","first-page":"56","DOI":"10.1007\/s00287-017-1084-8","volume":"41","author":"T Wolf","year":"2018","unstructured":"Wolf\u00a0T, Strohschen\u00a0JH (2018) Digitalisierung: Definition und Reife. Informatik Spektrum 41:56\u201364. https:\/\/doi.org\/10.1007\/s00287-017-1084-8","journal-title":"Informatik Spektrum"}],"container-title":["HMD Praxis der Wirtschaftsinformatik"],"original-title":[],"language":"de","link":[{"URL":"https:\/\/link.springer.com\/content\/pdf\/10.1365\/s40702-023-01033-4.pdf","content-type":"application\/pdf","content-version":"vor","intended-application":"text-mining"},{"URL":"https:\/\/link.springer.com\/article\/10.1365\/s40702-023-01033-4\/fulltext.html","content-type":"text\/html","content-version":"vor","intended-application":"text-mining"},{"URL":"https:\/\/link.springer.com\/content\/pdf\/10.1365\/s40702-023-01033-4.pdf","content-type":"application\/pdf","content-version":"vor","intended-application":"similarity-checking"}],"deposited":{"date-parts":[[2024,2,7]],"date-time":"2024-02-07T16:05:39Z","timestamp":1707321939000},"score":1,"resource":{"primary":{"URL":"https:\/\/link.springer.com\/10.1365\/s40702-023-01033-4"}},"subtitle":[],"short-title":[],"issued":{"date-parts":[[2023,12,28]]},"references-count":29,"journal-issue":{"issue":"1","published-print":{"date-parts":[[2024,2]]}},"alternative-id":["1033"],"URL":"https:\/\/doi.org\/10.1365\/s40702-023-01033-4","relation":{},"ISSN":["1436-3011","2198-2775"],"issn-type":[{"type":"print","value":"1436-3011"},{"type":"electronic","value":"2198-2775"}],"subject":[],"published":{"date-parts":[[2023,12,28]]},"assertion":[{"value":"7 September 2023","order":1,"name":"received","label":"Received","group":{"name":"ArticleHistory","label":"Article History"}},{"value":"28 November 2023","order":2,"name":"accepted","label":"Accepted","group":{"name":"ArticleHistory","label":"Article History"}},{"value":"28 December 2023","order":3,"name":"first_online","label":"First Online","group":{"name":"ArticleHistory","label":"Article History"}}]}}