{"status":"ok","message-type":"work","message-version":"1.0.0","message":{"indexed":{"date-parts":[[2026,3,17]],"date-time":"2026-03-17T00:04:17Z","timestamp":1773705857207,"version":"3.50.1"},"reference-count":83,"publisher":"Public Library of Science (PLoS)","issue":"9","license":[{"start":{"date-parts":[[2016,9,9]],"date-time":"2016-09-09T00:00:00Z","timestamp":1473379200000},"content-version":"vor","delay-in-days":0,"URL":"http:\/\/creativecommons.org\/licenses\/by\/4.0\/"}],"content-domain":{"domain":["www.plosone.org"],"crossmark-restriction":false},"short-container-title":["PLoS ONE"],"DOI":"10.1371\/journal.pone.0162340","type":"journal-article","created":{"date-parts":[[2016,9,9]],"date-time":"2016-09-09T19:10:23Z","timestamp":1473448223000},"page":"e0162340","update-policy":"https:\/\/doi.org\/10.1371\/journal.pone.corrections_policy","source":"Crossref","is-referenced-by-count":55,"title":["Compared to Palliative Care, Working in Intensive Care More than Doubles the Chances of Burnout: Results from a Nationwide Comparative Study"],"prefix":"10.1371","volume":"11","author":[{"ORCID":"https:\/\/orcid.org\/0000-0003-4113-8957","authenticated-orcid":true,"given":"Sandra","family":"Martins Pereira","sequence":"first","affiliation":[]},{"given":"Carla Margarida","family":"Teixeira","sequence":"additional","affiliation":[]},{"given":"Ana Sofia","family":"Carvalho","sequence":"additional","affiliation":[]},{"given":"Pablo","family":"Hern\u00e1ndez-Marrero","sequence":"additional","affiliation":[]},{"name":"InPalIn","sequence":"additional","affiliation":[]}],"member":"340","published-online":{"date-parts":[[2016,9,9]]},"reference":[{"issue":"3","key":"ref1","doi-asserted-by":"crossref","first-page":"317","DOI":"10.1177\/0969733011398092","article-title":"Burnout in palliative care: A systematic review","volume":"18","author":"SM Pereira","year":"2011","journal-title":"Nurs Ethics"},{"key":"ref2","doi-asserted-by":"crossref","first-page":"607","DOI":"10.1080\/08870440108405530","article-title":"What we have learned about burnout and health","volume":"16","author":"C Maslach","year":"2001","journal-title":"Psychol Health"},{"key":"ref3","article-title":"How organizations cause personal stress and what to do about it","author":"C Maslach","year":"1997"},{"key":"ref4","doi-asserted-by":"crossref","first-page":"38","DOI":"10.1186\/1471-2253-13-38","article-title":"Burnout in intensive care units\u2014a consideration of the possible prevalence and frequency of new risk factors: a descriptive correlational multicentre study","volume":"13","author":"CM Teixeira","year":"2013","journal-title":"BMC Anesthesiology"},{"issue":"8","key":"ref5","doi-asserted-by":"crossref","first-page":"723","DOI":"10.1177\/1049909115583486","article-title":"Ethical Decisions in Palliative Care: Interprofessional Relations as a Burnout Protective Factor? Results From a Mixed Methods Multicenter Study in Portugal","volume":"33","author":"P Hern\u00e1ndez-Marrero","year":"2016","journal-title":"Am J Hosp & Palliat Med"},{"key":"ref6","unstructured":"Hern\u00e1ndez-Marrero P. Determinants of self-perceived managerial effectiveness in the Canarian Health Service. Doctoral dissertation, University of Toronto. 2006. Available: <ext-link xmlns:xlink=\"http:\/\/www.w3.org\/1999\/xlink\" ext-link-type=\"uri\" xlink:href=\"http:\/\/www.worldcat.org\/title\/determinants-of-self-perceived-managerial-effectiveness-in-the-canarian-health-service\/oclc\/225614031\" xlink:type=\"simple\">http:\/\/www.worldcat.org\/title\/determinants-of-self-perceived-managerial-effectiveness-in-the-canarian-health-service\/oclc\/225614031<\/ext-link> ISBN: 9780494160121"},{"issue":"8","key":"ref7","doi-asserted-by":"crossref","first-page":"1869","DOI":"10.1111\/jan.12053","article-title":"Moral distress in end-of-life care in the intensive care unit","volume":"69","author":"U Ledger","year":"2013","journal-title":"J Adv Nurs"},{"key":"ref8","doi-asserted-by":"crossref","first-page":"698","DOI":"10.1164\/rccm.200606-806OC","article-title":"Burnout syndrome in critical care nursing staff","volume":"175","author":"MC Poncet","year":"2007","journal-title":"Am J Respir Crit Care Med"},{"issue":"1","key":"ref9","doi-asserted-by":"crossref","first-page":"106","DOI":"10.1164\/rccm.201604-0708ST","article-title":"A Critical Care Societies Collaborative Statement: Burnout Syndrome in Critical Care health-care Professionals","volume":"194","author":"M Moss","year":"2016","journal-title":"Am J Resp Crit Care Med"},{"issue":"3","key":"ref10","doi-asserted-by":"crossref","first-page":"276","DOI":"10.1111\/j.1365-2648.2005.03494.x","article-title":"Burnout contagion among intensive care nurses","volume":"51","author":"AB Bakker","year":"2005","journal-title":"J Adv Nurs"},{"key":"ref11","doi-asserted-by":"crossref","first-page":"152","DOI":"10.1007\/s00134-007-0907-5","article-title":"Burnout in a surgical ICU team","volume":"34","author":"M Verdon","year":"2008","journal-title":"Intensive Care Med"},{"key":"ref12","doi-asserted-by":"crossref","first-page":"686","DOI":"10.1164\/rccm.200608-1184OC","article-title":"High level of burnout in intensivists","volume":"75","author":"N Embriaco","year":"2007","journal-title":"Am J Respir Crit Care Med"},{"issue":"1","key":"ref13","first-page":"17","article-title":"An Official Critical Care Societies Collaborative Statement\u2013Burnout Syndrome in Critical Care Health-care Professionals","volume":"150","author":"M Moss","year":"2016","journal-title":"A Call for Action. Chest"},{"key":"ref14","doi-asserted-by":"crossref","first-page":"482","DOI":"10.1097\/MCC.0b013e3282efd28a","article-title":"Burnout syndrome among critical care healthcare workers","volume":"13","author":"N Embriaco","year":"2007","journal-title":"Curr Opin Crit Care"},{"issue":"4","key":"ref15","doi-asserted-by":"crossref","first-page":"368","DOI":"10.4037\/ajcc2016133","article-title":"An Official Critical Care Societies Collaborative Statement: Burnout Syndrome in Critical Care Health Professionals: A Call for Action","volume":"25","author":"M Moss","year":"2016","journal-title":"Am J Crit Care"},{"issue":"8","key":"ref16","doi-asserted-by":"crossref","first-page":"e0136955","DOI":"10.1371\/journal.pone.0136955","article-title":"The Prevalence of Compassion Fatigue and Burnout among Healthcare Professionals in Intensive Care Units: A Systematic Review","volume":"10","author":"MMC van Mol","year":"2015","journal-title":"PLoS ONE"},{"issue":"2","key":"ref17","doi-asserted-by":"crossref","first-page":"97","DOI":"10.1136\/medethics-2012-100619","article-title":"Ethical decision making in intensive care units: a burnout risk factor? Results from a multicentre study conducted with physicians and nurses","volume":"40","author":"CM Teixeira","year":"2014","journal-title":"J Med Ethics"},{"key":"ref18","unstructured":"Martins Pereira S. Burnout em cuidados paliativos. Uma perspectiva bio\u00e9tica. Doctoral dissertation, Universidade Cat\u00f3lica Portuguesa. 2011. Available: <ext-link xmlns:xlink=\"http:\/\/www.w3.org\/1999\/xlink\" ext-link-type=\"uri\" xlink:href=\"http:\/\/repositorio.ucp.pt\/handle\/10400.14\/8180\" xlink:type=\"simple\">http:\/\/repositorio.ucp.pt\/handle\/10400.14\/8180<\/ext-link>"},{"issue":"7","key":"ref19","doi-asserted-by":"crossref","first-page":"633","DOI":"10.1177\/0269216315575850","article-title":"Burnout, psychological morbidity and use of coping mechanisms among palliative care practitioners: A multi-centre cross-sectional study","volume":"29","author":"MY Hwang Koh","year":"2015","journal-title":"Palliat Med"},{"issue":"12","key":"ref20","doi-asserted-by":"crossref","first-page":"e115799","DOI":"10.1371\/journal.pone.0115799","article-title":"Core Self-Evaluation and Burnout among nurses: The Mediating Role of Coping Styles","volume":"9","author":"X Li","year":"2014","journal-title":"PLoS ONE"},{"key":"ref21","article-title":"MBI: Maslach Burnout Inventory; Manual Research Edition","author":"C Maslach","year":"1986"},{"key":"ref22","first-page":"191","article-title":"Evaluating Stress. A Book of Resources","author":"C Maslach","year":"1997"},{"key":"ref23","first-page":"397","article-title":"Annual Review of Psychology","volume":"52","author":"C Maslach","year":"2001"},{"key":"ref24","first-page":"86","article-title":"The Oxford Handbook of Organizational Well-Being","author":"C Maslach","year":"2008"},{"key":"ref25","article-title":"MBI: Maslach Burnout Inventory Manual","author":"C Maslach","year":"1996"},{"key":"ref26","unstructured":"Vieira S. Burnout em Profissionais de Sa\u00fade. Um estudo explorat\u00f3rio. M.Sc. Thesis, Universidade Cat\u00f3lica Portuguesa. 2007. Available: <ext-link xmlns:xlink=\"http:\/\/www.w3.org\/1999\/xlink\" ext-link-type=\"uri\" xlink:href=\"http:\/\/repositorio.ucp.pt\/handle\/10400.14\/8577\" xlink:type=\"simple\">http:\/\/repositorio.ucp.pt\/handle\/10400.14\/8577<\/ext-link>"},{"issue":"2","key":"ref27","first-page":"59","article-title":"Methodological considerations when translating \u201cburnout\u201d","volume":"1","author":"A Squires","year":"2014"},{"issue":"suppl.1","key":"ref28","doi-asserted-by":"crossref","first-page":"16","DOI":"10.1136\/oem.60.suppl_1.i16","article-title":"How to conduct research on burnout: advantages and disadvantages of a unidimensional approach to burnout","volume":"60","author":"V Brenninkmeijer","year":"2003","journal-title":"Occupational and Environmental Medicine"},{"key":"ref29","doi-asserted-by":"crossref","first-page":"17","DOI":"10.1002\/smi.1032","article-title":"Psychometric properties of a Dutch version of the Maslach Burnout Inventory General Survey (MBI-DV) in individuals with and without clinical burnout","volume":"21","author":"J Roelofs","year":"2005","journal-title":"Stress and Health"},{"issue":"4","key":"ref30","doi-asserted-by":"crossref","first-page":"437","DOI":"10.1111\/j.1467-9450.1996.tb00675.x","article-title":"The factor structure of the Maslach Burnout Inventory in two Swedish human service organizations","volume":"37","author":"M S\u00f6derfeldt","year":"1996","journal-title":"Scand J Psychol"},{"key":"ref31","doi-asserted-by":"crossref","first-page":"34","DOI":"10.1186\/2110-5820-2-34","article-title":"Symptoms of depression in ICU physicians","volume":"2","author":"N Embriaco","year":"2012","journal-title":"Ann Intensive Care"},{"issue":"7642","key":"ref32","doi-asserted-by":"crossref","first-page":"488","DOI":"10.1136\/bmj.39469.763218.BE","article-title":"Rates of medication errors among depressed and burnt out residents: Prospective cohort study","volume":"336","author":"AM Fahrenkopf","year":"2008","journal-title":"BMJ"},{"issue":"4","key":"ref33","doi-asserted-by":"crossref","first-page":"307","DOI":"10.1037\/a0037906","article-title":"Is burnout a depressive disorder? A reexamination with special focus on atypical depression","volume":"21","author":"R Bianchi","year":"2014","journal-title":"International Journal of Stress Management"},{"issue":"1","key":"ref34","doi-asserted-by":"crossref","first-page":"55","DOI":"10.1016\/j.jad.2005.06.004","article-title":"The relationship between jobrelated burnout and depressive disorders-results from the Finnish health 2000 study","volume":"88","author":"K Ahola","year":"2005","journal-title":"J Affect Disord"},{"issue":"3","key":"ref35","doi-asserted-by":"crossref","first-page":"e0149913","DOI":"10.1371\/journal.pone.0149913","article-title":"Depression-Burnout Overlap in Physicians","volume":"11","author":"W Wurm","year":"2016","journal-title":"PLoS One"},{"issue":"6","key":"ref36","doi-asserted-by":"crossref","first-page":"995","DOI":"10.1097\/SLA.0b013e3181bfdab3","article-title":"Burnout and medical errors among American surgeons","volume":"251","author":"T Shanafelt","year":"2010","journal-title":"Ann Surgery"},{"key":"ref37","doi-asserted-by":"crossref","first-page":"23556","DOI":"10.3402\/ljm.v9.23556","article-title":"Burnout among physicians","volume":"9","author":"M Romani","year":"2014","journal-title":"Libyan J Med"},{"issue":"11","key":"ref38","doi-asserted-by":"crossref","first-page":"1471","DOI":"10.7150\/ijms.6743","article-title":"Burnout, job satisfaction, and medical malpractice among physicians","volume":"10","author":"K Chen","year":"2013","journal-title":"International Journal of Medical Sciences"},{"issue":"6","key":"ref39","doi-asserted-by":"crossref","first-page":"654","DOI":"10.1080\/13548500903311554","article-title":"Burnout, engagement and resident physicians&apos; self-reported errors","volume":"14","author":"J Prins","year":"2009","journal-title":"Psych, Health & Med"},{"issue":"9","key":"ref40","doi-asserted-by":"crossref","first-page":"1071","DOI":"10.1001\/jama.296.9.1071","article-title":"Association of perceived medical errors with resident distress and empathy: A prospective longitudinal study","volume":"296","author":"CP West","year":"2006","journal-title":"Journal of the American Medical Association"},{"key":"ref41","doi-asserted-by":"crossref","first-page":"2","DOI":"10.1186\/2110-5820-2-2","article-title":"verview of medical errors and adverse events","volume":"2","author":"M Garrouste-Orgeas","year":"2012","journal-title":"Ann Intensive Care"},{"issue":"4","key":"ref42","doi-asserted-by":"crossref","first-page":"e35585","DOI":"10.1371\/journal.pone.0035585","article-title":"Hope Modified the Association between Distress and Incidence of Self-Perceived Medical Errors among Practicing Physicians: Prospective Cohort Study","volume":"7","author":"Y Hayashino","year":"2012","journal-title":"PLoS ONE"},{"issue":"7","key":"ref43","doi-asserted-by":"crossref","first-page":"e0159015","DOI":"10.1371\/journal.pone.0159015","article-title":"Healthcare Staff Wellbeing, Burnout, and Patient Safety: A Systematic Review","volume":"11","author":"LH Hall","year":"2016","journal-title":"PLoS One"},{"key":"ref44","doi-asserted-by":"crossref","first-page":"273","DOI":"10.1007\/s00134-014-3601-4","article-title":"The Iatroref study: medical errors are associated with symptoms of depression in ICU staff but not burnout or safety culture","volume":"41","author":"M Garrouste-Orgeas","year":"2015","journal-title":"Intensive Care Med"},{"issue":"4","key":"ref45","doi-asserted-by":"crossref","first-page":"288","DOI":"10.1002\/nur.20383","article-title":"Nurse burnout and quality of care: cross-national investigation in six countries","volume":"33","author":"L Poghosyan","year":"2010","journal-title":"Res Nurs Health"},{"key":"ref46","doi-asserted-by":"crossref","first-page":"358","DOI":"10.7326\/0003-4819-136-5-200203050-00008","article-title":"Burnout and self-reported patient care in an internal medicine residency program","volume":"136","author":"TD Shanafelt","year":"2002","journal-title":"Ann Intern Med"},{"key":"ref47","doi-asserted-by":"crossref","first-page":"4","DOI":"10.1007\/s00134-007-0908-4","article-title":"Burnout in the ICU: Potential consequences for staff and patient well-being","volume":"34","author":"TW Reader","year":"2008","journal-title":"Intensive Care Med"},{"issue":"Suppl 3","key":"ref48","doi-asserted-by":"crossref","first-page":"103","DOI":"10.1097\/NNA.0b013e31820c7242","article-title":"Improving nurse retention in a care hospital","volume":"41","author":"TD Hinson","year":"2011","journal-title":"J Nurs Adm"},{"issue":"1","key":"ref49","doi-asserted-by":"crossref","first-page":"11","DOI":"10.1097\/01.NNA.0000295636.03216.6f","article-title":"Revisiting nurse turnover costs: adjusting for inflation","volume":"38","author":"CB Jones","year":"2008","journal-title":"J Nurs Adm"},{"issue":"1","key":"ref50","doi-asserted-by":"crossref","first-page":"2","DOI":"10.1097\/00004010-200401000-00002","article-title":"The shocking cost of turnover in health care","volume":"29","author":"JD Waldman","year":"2004","journal-title":"Health Care Manage Rev"},{"key":"ref51","doi-asserted-by":"crossref","first-page":"254","DOI":"10.1186\/1472-6963-14-254","article-title":"An estimate of the cost of burnout on early retirement and reduction in clinical hours of practicing physicians in Canada","volume":"14","author":"CS Dewa","year":"2014","journal-title":"BMC Health Serv Res"},{"issue":"1","key":"ref52","doi-asserted-by":"crossref","first-page":"18","DOI":"10.1007\/s11606-013-2597-8","article-title":"10 bold steps to prevent burnout in general internal medicine","volume":"29","author":"M Linzer","year":"2014","journal-title":"J Gen Intern Med"},{"key":"ref53","doi-asserted-by":"crossref","first-page":"170","DOI":"10.1177\/070674370905400305","article-title":"A measure of daily distress in practicing medicine","volume":"54","author":"R Lepnurm","year":"2009","journal-title":"Can J Psychiatry"},{"key":"ref54","doi-asserted-by":"crossref","first-page":"693","DOI":"10.1111\/j.1445-5994.2007.01384.x","article-title":"Psychological morbidity and burnout in palliative care doctors in Western Australia","volume":"37","author":"D Dunwoodie","year":"2008","journal-title":"Intern Med J"},{"key":"ref55","doi-asserted-by":"crossref","first-page":"893","DOI":"10.1089\/jpm.2007.2480","article-title":"A qualitative study of oncologists\u2019 approaches to end-of-life care","volume":"11","author":"V Jackson","year":"2008","journal-title":"J Palliat Med"},{"key":"ref56","doi-asserted-by":"crossref","first-page":"307","DOI":"10.1007\/s11017-005-4487-5","article-title":"Quality of life considered as well-being: views from philosophy and palliative care practice","volume":"26","author":"G Olthius","year":"2005","journal-title":"Theor Med Bioethics"},{"issue":"8","key":"ref57","doi-asserted-by":"crossref","first-page":"373","DOI":"10.12968\/ijpn.2012.18.8.373","article-title":"Burnout in nurses working in palliative care teams: a mixed methods study","volume":"18","author":"SM Pereira","year":"2012","journal-title":"Int J Palliat Nurs"},{"issue":"22","key":"ref58","doi-asserted-by":"crossref","first-page":"2898","DOI":"10.1001\/jama.285.22.2898","article-title":"Psychological Considerations, Growth, and Transcendence at the End of Life: The Art of the Possible","volume":"285","author":"SD Block","year":"2001","journal-title":"JAMA"},{"key":"ref59","first-page":"2016","article-title":"\u201cIn Memory of Those Who Left\u201d: How \u201cThank You\u201d Letters Are Perceived and Used as a Team Empowerment Motivational Factor by a Home-Based Palliative Care Team in the Azorean Islands","volume":"21","author":"S Martins Pereira","journal-title":"Journal of Palliative Medicine"},{"issue":"5","key":"ref60","doi-asserted-by":"crossref","first-page":"227","DOI":"10.1055\/s-0030-1248520","article-title":"Wie viel Tod vertr\u00e4gt das Team? Eine bundesweite Befragung der Palliativstationen in Deutschland","volume":"11","author":"M M\u00fcller","year":"2010","journal-title":"Z Palliativ"},{"issue":"9","key":"ref61","doi-asserted-by":"crossref","first-page":"773","DOI":"10.1089\/jpm.2009.0050","article-title":"Strategies for avoiding burnout in hospice and palliative medicine: peer advice for physicians on achieving longevity and fulfillment","volume":"12","author":"KM Swetz","year":"2009","journal-title":"J Palliat Med"},{"issue":"11","key":"ref62","doi-asserted-by":"crossref","first-page":"1155","DOI":"10.1001\/jama.2009.352","article-title":"Self-care of physicians caring for patients at the end of life: &quot;Being connected\u2026a key to my survival&quot;","volume":"301","author":"MK Kearney","year":"2009","journal-title":"JAMA"},{"issue":"4","key":"ref63","doi-asserted-by":"crossref","first-page":"332","DOI":"10.1089\/jpm.2014.0221","article-title":"Promoting resiliency among palliative care clinicians: stressors, coping strategies, and training needs","volume":"18","author":"GK Perez","year":"2015","journal-title":"J Palliat Med"},{"issue":"2","key":"ref64","doi-asserted-by":"crossref","first-page":"103","DOI":"10.1002\/wps.20311","article-title":"Understanding the burnout experience: recent research and its implications for psychiatry","volume":"15","author":"C Maslach","year":"2016","journal-title":"World Psychiatry"},{"key":"ref65","doi-asserted-by":"crossref","first-page":"208","DOI":"10.1177\/0310057X0803600211","article-title":"Fully developed burnout and burnout risk in intensive care personnel at a university hospital","volume":"36","author":"W Lederer","year":"2008","journal-title":"Anaesth Intensive Care"},{"key":"ref66","doi-asserted-by":"crossref","first-page":"853","DOI":"10.1164\/rccm.200810-1614OC","article-title":"Prevalence and factors of intensive care unit conflicts: the conflicus study","volume":"180","author":"E Azoulay","year":"2009","journal-title":"Am J Respir Crit Care Med"},{"key":"ref67","first-page":"65","article-title":"Burnout syndrome among critical care professionals: a cause for alarm","volume":"21","author":"LL Chlan","year":"2013","journal-title":"Critical Care Alert"},{"issue":"7","key":"ref68","doi-asserted-by":"crossref","first-page":"803","DOI":"10.1164\/rccm.201103-0555OC","article-title":"Continuity of care in intensive care units: a cluster-randomized trial of intensivist staffing","volume":"184","author":"NA Ali","year":"2011","journal-title":"Am J Respir Crit Care Med"},{"issue":"4","key":"ref69","doi-asserted-by":"crossref","first-page":"401","DOI":"10.1055\/s-0032-1322410","article-title":"Intensivist time allocation: economic and ethical issues surrounding how intensivists use their time","volume":"33","author":"MD Howell","year":"2012","journal-title":"Semin Respir Crit Care Med"},{"issue":"12","key":"ref70","doi-asserted-by":"crossref","first-page":"2068","DOI":"10.1007\/s00134-009-1639-5","article-title":"Conflicts in the ICU: perspectives of administrators and clinicians","volume":"35","author":"N Danjoux Meth","year":"2009","journal-title":"Intensive Care Med"},{"issue":"6","key":"ref71","doi-asserted-by":"crossref","first-page":"654","DOI":"10.1097\/MCC.0b013e32834044f0","article-title":"Conflicts and communication gaps in the intensive care unit","volume":"16","author":"F Fassier","year":"2010","journal-title":"Curr Opin Crit Care"},{"issue":"4","key":"ref72","doi-asserted-by":"crossref","first-page":"277","DOI":"10.4037\/ajcc2013857","article-title":"Conflict Management in the Intensive Care Unit","volume":"22","author":"RH Savel","year":"2013","journal-title":"Am J Crit Care"},{"issue":"3","key":"ref73","doi-asserted-by":"crossref","first-page":"133","DOI":"10.1097\/DCC.0b013e31820d2114","article-title":"Improving Communication and Cost-effectiveness in the Intensive Care Unit Through Palliative Care. A Review of Literature","volume":"30","author":"L Morgan","year":"2011","journal-title":"Dimens Crit Care Nurs"},{"key":"ref74","doi-asserted-by":"crossref","first-page":"55","DOI":"10.1007\/s00134-011-2413-z","article-title":"Suffering among careers working in critical care can be reduced by an intensive communication strategy on end-of-life practices","volume":"38","author":"J-P Quenot","year":"2012","journal-title":"Intensive Care Med"},{"key":"ref75","doi-asserted-by":"crossref","first-page":"331","DOI":"10.1007\/s00134-014-3517-z","article-title":"Understanding nurse-physician conflicts in the ICU","volume":"41","author":"CS Hartog","year":"2015","journal-title":"Intensive Care Med"},{"key":"ref76","doi-asserted-by":"crossref","first-page":"41","DOI":"10.1186\/1472-684X-13-41","article-title":"Is a good death possible in Australian critical and acute settings?: physician experiences with end-of-life care","volume":"13","author":"SA Trankle","year":"2014","journal-title":"BMC Palliat Care"},{"issue":"2","key":"ref77","doi-asserted-by":"crossref","first-page":"189","DOI":"10.1177\/0269216315596459","article-title":"Posttraumatic stress symptoms in palliative care professionals seeking mindfulness training: Prevalence and vulnerability","volume":"30","author":"S O\u2019Mahony","year":"2015","journal-title":"Palliat Med"},{"key":"ref78","first-page":"2016","article-title":"Building Resilience for Palliative Care Clinicians: An Approach to Burnout Prevention Based on Individual Skills and Workplace Factors","volume":"26","author":"AL Back","journal-title":"J Pain Symptom Manage"},{"issue":"4","key":"ref79","doi-asserted-by":"crossref","first-page":"402","DOI":"10.1017\/S1478951515000991","article-title":"Burnout among physicians in palliative care: impact of clinical settings","volume":"14","author":"S Dre\u00e1no-Hartz","year":"2016","journal-title":"Palliat Support Care"},{"issue":"2","key":"ref80","doi-asserted-by":"crossref","first-page":"200","DOI":"10.1016\/j.jpainsymman.2015.02.013","article-title":"Palliative Care Professionals\u2019 Inner Life: Exploring the Relationships Among Awareness, Self-Care, and Compassion Satisfaction and Fatigue, Burnout and Coping with Death","volume":"50","author":"N Sans\u00f3","year":"2015","journal-title":"J Pain Symptom Manage"},{"issue":"1","key":"ref81","doi-asserted-by":"crossref","first-page":"55","DOI":"10.1089\/109662104322737250","article-title":"An end-of-life curriculum: empowering the resident, patient, and family","volume":"7","author":"J Reilly","year":"2004","journal-title":"J Palliat Med"},{"issue":"7","key":"ref82","doi-asserted-by":"crossref","first-page":"758","DOI":"10.1177\/1049909114536979","article-title":"Palliative Care in the Intensive Care Unit: Are Residents Well Trained to Provide Optimal Care to Critically Ill Patients?","volume":"32","author":"G Kamel","year":"2015","journal-title":"Am J Hosp & Palliat Med"},{"key":"ref83","article-title":"Improving the wellbeing of staff who work in palliative care settings: A systematic review of psychosocial interventions","volume":"4","author":"RC Hill","year":"2016","journal-title":"Palliat Med"}],"container-title":["PLOS ONE"],"original-title":[],"language":"en","link":[{"URL":"http:\/\/dx.plos.org\/10.1371\/journal.pone.0162340","content-type":"unspecified","content-version":"vor","intended-application":"similarity-checking"}],"deposited":{"date-parts":[[2024,6,19]],"date-time":"2024-06-19T08:50:02Z","timestamp":1718787002000},"score":1,"resource":{"primary":{"URL":"https:\/\/dx.plos.org\/10.1371\/journal.pone.0162340"}},"subtitle":[],"editor":[{"given":"Chiara","family":"Lazzeri","sequence":"first","affiliation":[]}],"short-title":[],"issued":{"date-parts":[[2016,9,9]]},"references-count":83,"journal-issue":{"issue":"9","published-online":{"date-parts":[[2016,9,9]]}},"URL":"https:\/\/doi.org\/10.1371\/journal.pone.0162340","relation":{},"ISSN":["1932-6203"],"issn-type":[{"value":"1932-6203","type":"electronic"}],"subject":[],"published":{"date-parts":[[2016,9,9]]}}}