{"status":"ok","message-type":"work","message-version":"1.0.0","message":{"indexed":{"date-parts":[[2025,10,9]],"date-time":"2025-10-09T13:33:59Z","timestamp":1760016839425,"version":"3.37.3"},"reference-count":65,"publisher":"Public Library of Science (PLoS)","issue":"10","license":[{"start":{"date-parts":[[2020,10,26]],"date-time":"2020-10-26T00:00:00Z","timestamp":1603670400000},"content-version":"vor","delay-in-days":0,"URL":"http:\/\/creativecommons.org\/licenses\/by\/4.0\/"}],"funder":[{"DOI":"10.13039\/501100000265","name":"Medical Research Council","doi-asserted-by":"publisher","award":["MR\/R022747\/1"],"award-info":[{"award-number":["MR\/R022747\/1"]}],"id":[{"id":"10.13039\/501100000265","id-type":"DOI","asserted-by":"publisher"}]},{"DOI":"10.13039\/501100003758","name":"FAPEMA","doi-asserted-by":"crossref","award":["COOPI-00709\/18"],"award-info":[{"award-number":["COOPI-00709\/18"]}],"id":[{"id":"10.13039\/501100003758","id-type":"DOI","asserted-by":"crossref"}]},{"DOI":"10.13039\/501100001807","name":"FAPESP","doi-asserted-by":"crossref","award":["2017\/50356-7"],"award-info":[{"award-number":["2017\/50356-7"]}],"id":[{"id":"10.13039\/501100001807","id-type":"DOI","asserted-by":"crossref"}]}],"content-domain":{"domain":["www.plosone.org"],"crossmark-restriction":false},"short-container-title":["PLoS ONE"],"DOI":"10.1371\/journal.pone.0241017","type":"journal-article","created":{"date-parts":[[2020,10,26]],"date-time":"2020-10-26T18:41:59Z","timestamp":1603737719000},"page":"e0241017","update-policy":"https:\/\/doi.org\/10.1371\/journal.pone.corrections_policy","source":"Crossref","is-referenced-by-count":9,"title":["How the \u2018plates\u2019 of a health system can shift, change and adjust during economic recessions: A qualitative interview study of public and private health providers in Brazil\u2019s S\u00e3o Paulo and Maranh\u00e3o states"],"prefix":"10.1371","volume":"15","author":[{"ORCID":"https:\/\/orcid.org\/0000-0002-2716-369X","authenticated-orcid":true,"given":"Giuliano","family":"Russo","sequence":"first","affiliation":[]},{"given":"Maria Luiza","family":"Levi","sequence":"additional","affiliation":[]},{"given":"Maria Teresa","family":"Seabra Soares de Britto e Alves","sequence":"additional","affiliation":[]},{"given":"Bruno Luciano","family":"Carneiro Alves de Oliveira","sequence":"additional","affiliation":[]},{"given":"Ruth Helena","family":"de Souza Britto Ferreira de Carvalho","sequence":"additional","affiliation":[]},{"ORCID":"https:\/\/orcid.org\/0000-0001-5848-611X","authenticated-orcid":true,"given":"Lucas Salvador","family":"Andrietta","sequence":"additional","affiliation":[]},{"ORCID":"https:\/\/orcid.org\/0000-0003-3907-1992","authenticated-orcid":true,"given":"Jonathan Gon\u00e7alves","family":"Filippon","sequence":"additional","affiliation":[]},{"given":"M\u00e1rio C\u00e9sar","family":"Scheffer","sequence":"additional","affiliation":[]}],"member":"340","published-online":{"date-parts":[[2020,10,26]]},"reference":[{"key":"pone.0241017.ref001","doi-asserted-by":"crossref","first-page":"e20724","DOI":"10.1371\/journal.pone.0020724","article-title":"The impact of economic crises on communicable disease transmission and control: a systematic review of the evidence.","volume":"6","author":"M Suhrcke","year":"2011","journal-title":"PloS One"},{"key":"pone.0241017.ref002","doi-asserted-by":"crossref","first-page":"110","DOI":"10.1136\/jech-2014-204602","article-title":"The Great Recession, unemployment and suicide.","volume":"69","author":"T Norstr\u00f6m","year":"2015","journal-title":"J Epidemiol Community Health"},{"key":"pone.0241017.ref003","doi-asserted-by":"crossref","first-page":"115","DOI":"10.1186\/s12889-016-2720-y","article-title":"Mental health outcomes in times of economic recession: a systematic literature review.","volume":"16","author":"D Frasquilho","year":"2016","journal-title":"BMC Public Health"},{"key":"pone.0241017.ref004","first-page":"25","volume-title":"Unemployment and Health Care Utilization.","author":"A Kraut","year":"2002"},{"key":"pone.0241017.ref005","doi-asserted-by":"crossref","first-page":"1323","DOI":"10.1016\/S0140-6736(13)60102-6","article-title":"Financial crisis, austerity, and health in Europe","volume":"381","author":"M Karanikolos","year":"2013","journal-title":"The Lancet"},{"key":"pone.0241017.ref006","doi-asserted-by":"crossref","first-page":"315","DOI":"10.1016\/S0140-6736(09)61124-7","article-title":"The public health effect of economic crises and alternative policy responses in Europe: an empirical analysis","volume":"374","author":"D Stuckler","year":"2009","journal-title":"The Lancet"},{"key":"pone.0241017.ref007","doi-asserted-by":"crossref","first-page":"748","DOI":"10.1016\/S0140-6736(13)62291-6","article-title":"Greece\u2019s health crisis: from austerity to denialism","volume":"383","author":"A Kentikelenis","year":"2014","journal-title":"The Lancet"},{"key":"pone.0241017.ref008","doi-asserted-by":"crossref","first-page":"235","DOI":"10.1016\/j.healthpol.2015.12.001","article-title":"From universal health insurance to universal healthcare? The shifting health policy landscape in Ireland since the economic crisis.","volume":"120","author":"SA Burke","year":"2016","journal-title":"Health Policy"},{"key":"pone.0241017.ref009","doi-asserted-by":"crossref","DOI":"10.1136\/bmj.f2363","article-title":"Will austerity cuts dismantle the Spanish healthcare system?","volume":"346","author":"H Legido-Quigley","year":"2013","journal-title":"BMJ"},{"key":"pone.0241017.ref010","article-title":"A tale of loss of privilege, change and resilience: the impact of the economic crisis on physicians and medical services in Portugal.","author":"G Russo","year":"2016","journal-title":"Health Policy."},{"key":"pone.0241017.ref011","doi-asserted-by":"crossref","first-page":"378","DOI":"10.2471\/BLT.19.233965","article-title":"Health systems research in fragile settings","volume":"97","author":"A Ager","year":"2019","journal-title":"Bull World Health Organ"},{"volume-title":"Analysing disrupted health sectors. A modular manual","year":"2009","author":"E Pavignani","key":"pone.0241017.ref012"},{"key":"pone.0241017.ref013","doi-asserted-by":"crossref","first-page":"20","DOI":"10.1186\/1752-1505-8-20","article-title":"The \u201cempty void\u201d is a crowded space: health service provision at the margins of fragile and conflict affected states.","volume":"8","author":"PS Hill","year":"2014","journal-title":"Confl Health"},{"key":"pone.0241017.ref014","doi-asserted-by":"crossref","first-page":"12","DOI":"10.1186\/s12960-017-0189-0","article-title":"Can we halt health workforce deterioration in failed states? Insights from Guinea-Bissau on the nature, persistence and evolution of its HRH crisis.","volume":"15","author":"G Russo","year":"2017","journal-title":"Hum Resour Health."},{"key":"pone.0241017.ref015","doi-asserted-by":"crossref","first-page":"803","DOI":"10.1590\/0103-6351\/3549","article-title":"Aggregate demand and the slowdown of Brazilian economic growth in 2011\u20132014.","volume":"25","author":"F Serrano","year":"2015","journal-title":"Nova Econ"},{"key":"pone.0241017.ref016","doi-asserted-by":"crossref","first-page":"e1575","DOI":"10.1016\/S2214-109X(19)30409-7","article-title":"Effect of economic recession and impact of health and social protection expenditures on adult mortality: a longitudinal analysis of 5565 Brazilian municipalities","volume":"7","author":"T Hone","year":"2019","journal-title":"Lancet Glob Health"},{"key":"pone.0241017.ref017","doi-asserted-by":"crossref","first-page":"867","DOI":"10.1016\/S0140-6736(16)31428-3","article-title":"Austerity threatens universal health coverage in Brazil","volume":"388","author":"K Doniec","year":"2016","journal-title":"The Lancet"},{"key":"pone.0241017.ref018","doi-asserted-by":"crossref","first-page":"e000829","DOI":"10.1136\/bmjgh-2018-000829","article-title":"The Brazilian health system at crossroads: progress, crisis and resilience.","volume":"3","author":"A Massuda","year":"2018","journal-title":"BMJ Glob Health."},{"key":"pone.0241017.ref019","doi-asserted-by":"crossref","first-page":"187","DOI":"10.1590\/0103-1104201610915","article-title":"Implica\u00e7\u00f5es de decis\u00f5es e discuss\u00f5es recentes para o financiamento do Sistema \u00danico de Sa\u00fade.","volume":"40","author":"FS Vieira","year":"2016","journal-title":"Sa\u00fade Em Debate"},{"key":"pone.0241017.ref020","doi-asserted-by":"crossref","DOI":"10.1136\/bmjgh-2019-002122","article-title":"The differential impact of economic recessions on health systems in middle-income settings: a comparative case study of unequal states in Brazil","volume":"5","author":"LS Andrietta","year":"2020","journal-title":"BMJ Glob Health"},{"key":"pone.0241017.ref021","doi-asserted-by":"crossref","first-page":"e1002570","DOI":"10.1371\/journal.pmed.1002570","article-title":"Child morbidity and mortality associated with alternative policy responses to the economic crisis in Brazil: A nationwide microsimulation study.","volume":"15","author":"D Rasella","year":"2018","journal-title":"PLOS Med"},{"key":"pone.0241017.ref022","doi-asserted-by":"crossref","first-page":"2177","DOI":"10.1056\/NEJMp1501140","article-title":"Brazil\u2019s Family Health Strategy\u2014Delivering Community-Based Primary Care in a Universal Health System","volume":"372","author":"J Macinko","year":"2015","journal-title":"N Engl J Med"},{"key":"pone.0241017.ref023","doi-asserted-by":"crossref","first-page":"1877","DOI":"10.1016\/S0140-6736(11)60202-X","article-title":"Successes and failures in the control of infectious diseases in Brazil: social and environmental context, policies, interventions, and research needs","volume":"377","author":"ML Barreto","year":"2011","journal-title":"Lancet"},{"key":"pone.0241017.ref024","doi-asserted-by":"crossref","first-page":"345","DOI":"10.1016\/S0140-6736(19)31243-7","article-title":"Brazil\u2019s unified health system: the first 30 years and prospects for the future","volume":"394","author":"MC Castro","year":"2019","journal-title":"The Lancet"},{"key":"pone.0241017.ref025","doi-asserted-by":"crossref","first-page":"1751","DOI":"10.1590\/1413-81232018236.06022018","article-title":"SUS: oferta, acesso e utiliza\u00e7\u00e3o de servi\u00e7os de sa\u00fade nos \u00faltimos 30 anos.","volume":"23","author":"F Viacava","year":"2018","journal-title":"Ci\u00eanc Amp Sa\u00fade Coletiva."},{"key":"pone.0241017.ref026","first-page":"1055","article-title":"Regional health inequalities: changes observed in Brazil from 2000\u20132016.","volume":"22","author":"MV de Albuquerque","year":"2017","journal-title":"Ci\u00eanc Amp Sa\u00fade Coletiva"},{"key":"pone.0241017.ref027","first-page":"1365","article-title":"Partnerships in Health Systems: Social Organization as limits and possibilities in the Family Health Strategy Management.","volume":"21","author":"VC e Silva","year":"2016","journal-title":"Ci\u00eanc Sa\u00fade Coletiva."},{"key":"pone.0241017.ref028","doi-asserted-by":"crossref","DOI":"10.1590\/0102-311x00114217","article-title":"Modalidades de gest\u00e3o de servi\u00e7os no Sistema \u00danico de Sa\u00fade: revis\u00e3o narrativa da produ\u00e7\u00e3o cient\u00edfica da Sa\u00fade Coletiva no Brasil (2005\u20132016).","volume":"34","author":"AF Ravioli","year":"2018","journal-title":"Cad Sa\u00fade P\u00fablica."},{"key":"pone.0241017.ref029","doi-asserted-by":"crossref","unstructured":"Gragnolati M, Lindelow M, Couttolenc B. Twenty Years of Health System Reform in Brazil. An Assessment of the Sistema \u00danico de Sa\u00fade. Washington, DC: The World Bank; 2013. Report No.: http:\/\/dx.doi.org\/10.1596\/978-0-8213-9843-2.","DOI":"10.1596\/978-0-8213-9843-2"},{"key":"pone.0241017.ref030","unstructured":"Godoy CV, Silva JB. O Fen\u00f4meno de expans\u00e3o das \u201ccl\u00ednicas m\u00e9dicas populares\u201d no bairro Centro de Fortaleza\/Cear\u00e1\/Brasil. XIV Col\u00f3quio Ib\u00e9rico de Geografia. Fotaleza, Cear\u00e1; 2014. Available: http:\/\/www.lasics.uminho.pt\/conferences\/index.php\/CEGOT\/XIV_ColoquioIbericoGeografia\/paper\/view\/1963"},{"key":"pone.0241017.ref031","unstructured":"Lapa MR. As cl\u00ednicas populares como uma alternativa \u00e0 sa\u00fade no Brasil: um estudo de caso em uma cl\u00ednica popular. 2014 [cited 8 May 2020]. Available: http:\/\/www.repositorio.ufc.br\/handle\/riufc\/33277"},{"key":"pone.0241017.ref032","unstructured":"Lopes Batista E. Cl\u00ednicas populares surgiram de defici\u00eancias do SUS e dos planos, diz m\u00e9dico. Folha de SPaulo. BRA. 5 Dec 2018. Available: https:\/\/www1.folha.uol.com.br\/seminariosfolha\/2018\/12\/clinicas-populares-surgiram-de-deficiencias-do-sus-e-dos-planos-diz-medico.shtml. Accessed 16 Jun 2020."},{"key":"pone.0241017.ref033","unstructured":"Reda\u00e7\u00e3o RBA. Cl\u00ednicas populares sobrecarregam SUS e mercantilizam sa\u00fade. In: Rede Brasil Atual [Internet]. 18 Jul 2018 [cited 16 Jun 2020]. Available: https:\/\/www.redebrasilatual.com.br\/saude-e-ciencia\/2018\/07\/clinicas-populares-sobrecarregam-sus-e-mercantilizam-saude\/"},{"key":"pone.0241017.ref034","unstructured":"John Hopkins University. COVID-19 Map. In: Johns Hopkins Coronavirus Resource Center [Internet]. 2020 [cited 23 May 2020]. Available: https:\/\/coronavirus.jhu.edu\/map.html"},{"key":"pone.0241017.ref035","unstructured":"MRC. How is the current crisis reshaping Brazil\u2019s health system? Strengthening health workforce and provision of services in S\u00e3o Paulo and Maranh\u00e3o. In: UK Research and Innovation [Internet]. 2018 [cited 26 Jun 2019]. Available: https:\/\/gtr.ukri.org\/projects?ref = MR%2FR022747%2F1"},{"key":"pone.0241017.ref036","doi-asserted-by":"crossref","DOI":"10.1136\/bmjopen-2019-032972","article-title":"Impact of economic recessions on healthcare workers and their crises\u2019 responses: study protocol for a systematic review of the qualitative and quantitative evidence for the development of an evidence-based conceptual framework.","volume":"9","author":"TS Jesus","year":"2019","journal-title":"BMJ Open"},{"key":"pone.0241017.ref037","doi-asserted-by":"crossref","first-page":"1245","DOI":"10.1097\/ACM.0000000000000388","article-title":"Standards for Reporting Qualitative Research: A Synthesis of Recommendations.","volume":"89","author":"BC O\u2019Brien","year":"2014","journal-title":"Acad Med."},{"key":"pone.0241017.ref038","unstructured":"QSR International. NVivo for Mac. Getting started guide. QSR International; 2015."},{"key":"pone.0241017.ref039","volume-title":"Qualitative Research & Evaluation Methods","author":"MQ Patton","year":"2001","edition":"3"},{"key":"pone.0241017.ref040","doi-asserted-by":"crossref","first-page":"1609406918786362","DOI":"10.1177\/1609406918786362","article-title":"Ensuring Rigor in Qualitative Data Analysis: A Design Research Approach to Coding Combining NVivo With Traditional Material Methods.","volume":"17","author":"C Maher","year":"2018","journal-title":"Int J Qual Methods."},{"key":"pone.0241017.ref041","doi-asserted-by":"crossref","first-page":"123","DOI":"10.1108\/17465640910978391","article-title":"Using triangulation to validate themes in qualitative studies.","volume":"4","author":"K Jonsen","year":"2009","journal-title":"Qual Res Organ Manag Int J"},{"key":"pone.0241017.ref042","doi-asserted-by":"crossref","first-page":"731","DOI":"10.1016\/S0140-6736(18)30853-5","article-title":"Brazil\u2019s health catastrophe in the making","volume":"392","author":"K Doniec","year":"2018","journal-title":"The Lancet"},{"key":"pone.0241017.ref043","doi-asserted-by":"crossref","first-page":"135","DOI":"10.25091\/S0101-3300201600020008","article-title":"1988 + 30","volume":"35","author":"M Nobre","year":"2016","journal-title":"Novos Estud CEBRAP"},{"key":"pone.0241017.ref044","article-title":"The Victory of Jair Bolsonaro According to the Brazilian Electoral Study of 2018.","volume":"14","author":"OE do Amaral","year":"2020","journal-title":"Braz Polit Sci Rev."},{"key":"pone.0241017.ref045","doi-asserted-by":"crossref","first-page":"1747","DOI":"10.1590\/1413-81232017226.02472017","article-title":"Crise da rep\u00fablica e possibilidades de futuro.","volume":"22","author":"JM Domingues","year":"2017","journal-title":"Ci\u00eanc Amp Sa\u00fade Coletiva"},{"key":"pone.0241017.ref046","doi-asserted-by":"crossref","unstructured":"Romero S. Decline of a Political Family Opens the Way for a Shift in Brazil. The New York Times. 25 Dec 2014. Available: https:\/\/www.nytimes.com\/2014\/12\/26\/world\/decline-of-a-political-family-opens-the-way-for-a-shift-in-brazil.html. Accessed 13 Apr 2020.","DOI":"10.1016\/S1359-6128(14)70459-8"},{"key":"pone.0241017.ref047","doi-asserted-by":"crossref","first-page":"7","DOI":"10.1377\/hlthaff.15.1.7","article-title":"Vertical Integration and Organizational Networks in Health Care.","volume":"15","author":"JC Robinson","year":"1996","journal-title":"Health Aff (Millwood)."},{"key":"pone.0241017.ref048","doi-asserted-by":"crossref","first-page":"381","DOI":"10.1590\/S0101-31572010000300002","article-title":"Global booms and busts: how is Brazil\u2019s middle class faring?","volume":"30","author":"JP Wogart","year":"2010","journal-title":"Braz J Polit Econ"},{"key":"pone.0241017.ref049","doi-asserted-by":"crossref","first-page":"96","DOI":"10.1186\/s12960-015-0095-2","article-title":"The privatization of medical education in Brazil: trends and challenges.","volume":"13","author":"MC Scheffer","year":"2015","journal-title":"Hum Resour Health"},{"key":"pone.0241017.ref050","doi-asserted-by":"crossref","first-page":"299","DOI":"10.1186\/s12913-018-3076-z","article-title":"Physician\u2019s sociodemographic profile and distribution across public and private health care: an insight into physicians\u2019 dual practice in Brazil.","volume":"18","author":"BA Miotto","year":"2018","journal-title":"BMC Health Serv Res"},{"key":"pone.0241017.ref051","first-page":"32","article-title":"O FEN\u00d4MENO DE EXPANS\u00c3O DAS CL\u00cdNICAS M\u00c9DICAS POPULARES: RESSIGNIFICA\u00c7\u00c3O DO BAIRRO CENTRO EM FORTALEZA\u2014CEAR\u00c1.","volume":"14","author":"CV Godoy","year":"2018","journal-title":"Hygeia\u2014Rev Bras Geogr M\u00e9dica E Sa\u00fade."},{"key":"pone.0241017.ref052","doi-asserted-by":"crossref","first-page":"213","DOI":"10.1177\/1468794115578776","article-title":"Towards a political economy of the use of research assistants: reflections from fieldwork in Tanzania and Mozambique.","volume":"16","author":"K Deane","year":"2016","journal-title":"Qual Res"},{"key":"pone.0241017.ref053","doi-asserted-by":"crossref","first-page":"324","DOI":"10.4103\/2249-4863.161306","article-title":"Validity, reliability, and generalizability in qualitative research.","volume":"4","author":"L Leung","year":"2015","journal-title":"J Fam Med Prim Care"},{"key":"pone.0241017.ref054","doi-asserted-by":"crossref","first-page":"182","DOI":"10.1353\/jod.2020.0030","article-title":"The Polarization Paradox.","volume":"31","author":"MS Fish","year":"2020","journal-title":"J Democr."},{"key":"pone.0241017.ref055","doi-asserted-by":"crossref","first-page":"69","DOI":"10.1016\/S0168-8510(99)00003-2","article-title":"Health sector reform and the interpretation of policy context.","volume":"47","author":"C Collins","year":"1999","journal-title":"Health Policy"},{"key":"pone.0241017.ref056","first-page":"13","article-title":"Employment in health care: a crutch for the ailing economy during the 2007\u201309 recession.","author":"CA Wood","year":"2011","journal-title":"Mon Labor Rev."},{"key":"pone.0241017.ref057","doi-asserted-by":"crossref","first-page":"18","DOI":"10.1093\/eurpub\/ckx167","article-title":"Austerity and health: the impact in the UK and Europe.","volume":"27","author":"D Stuckler","year":"2017","journal-title":"Eur J Public Health"},{"key":"pone.0241017.ref058","unstructured":"O Globo. Hospitais privados perdem R$ 18 bi na pandemia e podem demitir 350 mil. 2020 [cited 24 Jun 2020]. Available: https:\/\/noticias.uol.com.br\/saude\/ultimas-noticias\/redacao\/2020\/06\/18\/hospitais-privados-perdem-r-6-bi-ao-mes-na-pandemia-e-devem-demitir-350.htm"},{"key":"pone.0241017.ref059","doi-asserted-by":"crossref","first-page":"434","DOI":"10.2471\/BLT.18.225540","article-title":"The private sector and universal health coverage","volume":"97","author":"D Clarke","year":"2019","journal-title":"Bull World Health Organ"},{"key":"pone.0241017.ref060","doi-asserted-by":"crossref","first-page":"622","DOI":"10.1016\/S0140-6736(16)00344-5","article-title":"Managing the public\u2013private mix to achieve universal health coverage","volume":"388","author":"B McPake","year":"2016","journal-title":"The Lancet"},{"key":"pone.0241017.ref061","doi-asserted-by":"crossref","first-page":"1763","DOI":"10.1590\/1413-81232018236.05562018","article-title":"Sistema universal de sa\u00fade e cobertura universal: desvendando pressupostos e estrat\u00e9gias.","volume":"23","author":"L Giovanella","year":"2018","journal-title":"Ci\u00eanc Amp Sa\u00fade Coletiva"},{"key":"pone.0241017.ref062","doi-asserted-by":"crossref","first-page":"596","DOI":"10.1016\/S0140-6736(16)00342-1","article-title":"What is the private sector? Understanding private provision in the health systems of low-income and middle-income countries","volume":"388","author":"M Mackintosh","year":"2016","journal-title":"The Lancet"},{"key":"pone.0241017.ref063","doi-asserted-by":"crossref","first-page":"540","DOI":"10.1016\/S0140-6736(16)30774-7","article-title":"The perils and possibilities of the private health sector","volume":"388","author":"R Horton","year":"2016","journal-title":"The Lancet"},{"key":"pone.0241017.ref064","doi-asserted-by":"crossref","first-page":"137","DOI":"10.2307\/1354435","article-title":"Systems Theory According to Niklas Luhmann: Its Environment and Conceptual Strategies.","author":"D Schwanitz","year":"1995","journal-title":"Cult Crit."},{"key":"pone.0241017.ref065","doi-asserted-by":"crossref","first-page":"32","DOI":"10.1071\/AH09830","article-title":"The global financial crisis and Australian general practice.","volume":"35","author":"IS McRae","year":"2011","journal-title":"Aust Health Rev Publ Aust Hosp Assoc"}],"container-title":["PLOS ONE"],"original-title":[],"language":"en","link":[{"URL":"https:\/\/dx.plos.org\/10.1371\/journal.pone.0241017","content-type":"unspecified","content-version":"vor","intended-application":"similarity-checking"}],"deposited":{"date-parts":[[2022,11,24]],"date-time":"2022-11-24T20:46:36Z","timestamp":1669322796000},"score":1,"resource":{"primary":{"URL":"https:\/\/dx.plos.org\/10.1371\/journal.pone.0241017"}},"subtitle":[],"editor":[{"given":"Jonathan","family":"Garcia","sequence":"first","affiliation":[]}],"short-title":[],"issued":{"date-parts":[[2020,10,26]]},"references-count":65,"journal-issue":{"issue":"10","published-online":{"date-parts":[[2020,10,26]]}},"URL":"https:\/\/doi.org\/10.1371\/journal.pone.0241017","relation":{},"ISSN":["1932-6203"],"issn-type":[{"type":"electronic","value":"1932-6203"}],"subject":[],"published":{"date-parts":[[2020,10,26]]}}}