{"status":"ok","message-type":"work","message-version":"1.0.0","message":{"indexed":{"date-parts":[[2025,12,31]],"date-time":"2025-12-31T11:26:35Z","timestamp":1767180395478,"version":"build-2238731810"},"reference-count":65,"publisher":"Public Library of Science (PLoS)","issue":"6","license":[{"start":{"date-parts":[[2022,6,17]],"date-time":"2022-06-17T00:00:00Z","timestamp":1655424000000},"content-version":"vor","delay-in-days":0,"URL":"http:\/\/creativecommons.org\/licenses\/by\/4.0\/"}],"funder":[{"name":"CNRS funds to the DEEP Team of SCALab"},{"DOI":"10.13039\/501100001871","name":"Funda\u00e7\u00e3o para a Ci\u00eancia e a Tecnologia","doi-asserted-by":"publisher","award":["PTDC\/PSI-ESP\/30280\/2017"],"award-info":[{"award-number":["PTDC\/PSI-ESP\/30280\/2017"]}],"id":[{"id":"10.13039\/501100001871","id-type":"DOI","asserted-by":"publisher"}]},{"DOI":"10.13039\/501100001871","name":"Funda\u00e7\u00e3o para a Ci\u00eancia e a Tecnologia","doi-asserted-by":"publisher","award":["PTDC\/PSI-ESP\/29701\/2017"],"award-info":[{"award-number":["PTDC\/PSI-ESP\/29701\/2017"]}],"id":[{"id":"10.13039\/501100001871","id-type":"DOI","asserted-by":"publisher"}]},{"DOI":"10.13039\/501100001871","name":"Funda\u00e7\u00e3o para a Ci\u00eancia e a Tecnologia","doi-asserted-by":"publisher","award":["PTDC\/PSI-ESP\/29701\/2017"],"award-info":[{"award-number":["PTDC\/PSI-ESP\/29701\/2017"]}],"id":[{"id":"10.13039\/501100001871","id-type":"DOI","asserted-by":"publisher"}]},{"DOI":"10.13039\/501100001871","name":"Funda\u00e7\u00e3o para a Ci\u00eancia e a Tecnologia","doi-asserted-by":"publisher","award":["POCI-01-0145- FEDER-007653"],"award-info":[{"award-number":["POCI-01-0145- FEDER-007653"]}],"id":[{"id":"10.13039\/501100001871","id-type":"DOI","asserted-by":"publisher"}]},{"name":"ESTRA International Associated Laboratory"},{"name":"ESTRA International Associated Laboratory"},{"name":"CNRS funds to the DEEP Team of SCALab"}],"content-domain":{"domain":["www.plosone.org"],"crossmark-restriction":false},"short-container-title":["PLoS ONE"],"abstract":"<jats:p>Recent evidence suggests that both personality traits (PT) and emotion regulation (ER) strategies play an important role in the way people cope with the COVID-19 pandemic. The aim of this study was two folded. First, to longitudinally investigate the psychological distress (depression, anxiety, and stress levels) taking in consideration PT and ER strategies in 3 different moments: during the first lockdown period (April\/20), at the first deconfinement (May\/20) and 1-month after the first deconfinement (Jun\/20)\u2013Experiment I. Second, to cross-sectionally evaluate the impact of the pandemic in psychological distress and the correlates with PT and ER 6-months after the first deconfinement November\/20 to February\/21 \u2013Experiment II. A total of 722 volunteers (Experiment I = 180; Experiment II = 542) aged 18 years or older participated in this online survey. The findings from Experiment I show that psychological distress decreased after the lockdown period, however, neuroticism traits predicted higher levels of depression, anxiety and stress symptoms, while difficulties in ER strategies were identified as a risk factor for depression and stress. For experiment II, neuroticism traits and being infected with COVID-19 were associated to higher levels of symptomatology, while unemployment and the use of emotional suppression strategies to cope with emotional situations were associated to depressive and anxiety symptoms. Although the psychological impact of the COVID-19 outbreak decreased over time in our sample, the current findings suggest that difficulties in emotional regulation and high levels of neuroticism traits might be potential risk factors for psychiatric symptomatology during the COVID-19 pandemic. Thus, people with difficulties in ER and neuroticism traits would benefit from psychological interventions that provide personality-appropriate support and promote emotion regulation skills during stressful events, such as the case of the global pandemic.<\/jats:p>","DOI":"10.1371\/journal.pone.0269496","type":"journal-article","created":{"date-parts":[[2022,6,17]],"date-time":"2022-06-17T13:26:16Z","timestamp":1655472376000},"page":"e0269496","update-policy":"https:\/\/doi.org\/10.1371\/journal.pone.corrections_policy","source":"Crossref","is-referenced-by-count":6,"title":["The psychological impact of the COVID-19 pandemic in Portugal: The role of personality traits and emotion regulation strategies"],"prefix":"10.1371","volume":"17","author":[{"given":"Bruno","family":"Kluwe-Schiavon","sequence":"first","affiliation":[]},{"given":"Lucas","family":"De Zorzi","sequence":"additional","affiliation":[]},{"given":"Joana","family":"Meireles","sequence":"additional","affiliation":[]},{"given":"Jorge","family":"Leite","sequence":"additional","affiliation":[]},{"given":"Henrique","family":"Sequeira","sequence":"additional","affiliation":[]},{"ORCID":"https:\/\/orcid.org\/0000-0003-1759-5146","authenticated-orcid":true,"given":"Sandra","family":"Carvalho","sequence":"additional","affiliation":[]}],"member":"340","published-online":{"date-parts":[[2022,6,17]]},"reference":[{"issue":"4","key":"pone.0269496.ref001","doi-asserted-by":"crossref","first-page":"11","DOI":"10.5923\/j.economics.20201004.02","article-title":"The Extent of COVID-19 Pandemic Socio-Economic Impact on Global Poverty. A Global Integrative Multidisciplinary Review","volume":"10","author":"M Buheji","year":"2020","journal-title":"Am J of Econ"},{"key":"pone.0269496.ref002","doi-asserted-by":"crossref","first-page":"91","DOI":"10.1016\/j.jad.2020.11.117","article-title":"Prevalence of mental health problems during the COVID-19 pandemic: A systematic review and meta-analysis","volume":"281","author":"T Wu","year":"2021","journal-title":"J Affect Disord"},{"issue":"7","key":"pone.0269496.ref003","doi-asserted-by":"crossref","first-page":"1206","DOI":"10.3201\/eid1007.030703","article-title":"SARS control and psychological effects of quarantine, Toronto, Canada","volume":"10","author":"L Hawryluck","year":"2004","journal-title":"Emerg Infect Dis"},{"issue":"9","key":"pone.0269496.ref004","doi-asserted-by":"crossref","first-page":"5140","DOI":"10.3390\/ijerph19095140","article-title":"The Acute Impact of the Early Stages of COVID-19 Pandemic in People with Pre-Existing Psychiatric Disorders: A Systematic Review","volume":"19","author":"S Carvalho","year":"2022","journal-title":"Int J Environ Res Public Health"},{"issue":"10227","key":"pone.0269496.ref005","doi-asserted-by":"crossref","first-page":"912","DOI":"10.1016\/S0140-6736(20)30460-8","article-title":"The psychological impact of quarantine and how to reduce it: rapid review of the evidence","volume":"395","author":"SK Brooks","year":"2020","journal-title":"Lancet"},{"issue":"1","key":"pone.0269496.ref006","doi-asserted-by":"crossref","first-page":"20","DOI":"10.1186\/s12888-020-03027-8","article-title":"Psychological distress among Italians during the 2019 coronavirus disease (COVID-19) quarantine","volume":"21","author":"M Bonati","year":"2021","journal-title":"BMC Psychiatry"},{"key":"pone.0269496.ref007","doi-asserted-by":"crossref","first-page":"106664","DOI":"10.1016\/j.envint.2021.106664","article-title":"Exposure to nature and mental health outcomes during COVID-19 lockdown. A comparison between Portugal and Spain","volume":"154","author":"AI Ribeiro","year":"2021","journal-title":"Environ Int"},{"issue":"1","key":"pone.0269496.ref008","doi-asserted-by":"crossref","first-page":"11","DOI":"10.1080\/13548506.2020.1808236","article-title":"COVID-19 in Portugal: exploring the immediate psychological impact on the general population","volume":"26","author":"M Paulino","year":"2021","journal-title":"Psychol Health Med"},{"issue":"6","key":"pone.0269496.ref009","doi-asserted-by":"crossref","first-page":"1216","DOI":"10.1037\/0022-3514.59.6.1216","article-title":"An alternative \"description of personality\": the big-five factor structure","volume":"59","author":"LR Goldberg","year":"1990","journal-title":"J Pers Soc Psychol"},{"key":"pone.0269496.ref010","doi-asserted-by":"crossref","first-page":"104038","DOI":"10.1016\/j.jrp.2020.104038","article-title":"Neuroticism and emotional risk during the COVID-19 pandemic","volume":"89","author":"L Kroencke","year":"2020","journal-title":"J Res Pers"},{"issue":"1","key":"pone.0269496.ref011","doi-asserted-by":"crossref","first-page":"100198","DOI":"10.1016\/j.ijchp.2020.08.002","article-title":"Resilience matters: Explaining the association between personality and psychological functioning during the COVID-19 pandemic","volume":"21","author":"Z Kocjan","year":"2021","journal-title":"Int J Clin Health Psychol"},{"key":"pone.0269496.ref012","doi-asserted-by":"crossref","first-page":"110351","DOI":"10.1016\/j.paid.2020.110351","article-title":"Personality and perceived stress during COVID-19 pandemic: Testing the mediating role of perceived threat and efficacy","volume":"168","author":"S Liu","year":"2021","journal-title":"Pers Individ Dif"},{"key":"pone.0269496.ref013","doi-asserted-by":"crossref","first-page":"578","DOI":"10.1016\/j.jad.2020.10.053","article-title":"Modelling the contribution of the Big Five personality traits, health anxiety, and COVID-19 psychological distress to generalised anxiety and depressive symptoms during the COVID-19 pandemic","volume":"279","author":"AV Nikcevic","year":"2021","journal-title":"J Affect Disord"},{"issue":"2","key":"pone.0269496.ref014","doi-asserted-by":"crossref","first-page":"179","DOI":"10.1590\/2237-6089-2020-0029","article-title":"Personality differences and COVID-19: are extroversion and conscientiousness personality traits associated with engagement with containment measures?","volume":"42","author":"LF Carvalho","year":"2020","journal-title":"Trends Psychiatry Psychother"},{"key":"pone.0269496.ref015","doi-asserted-by":"crossref","first-page":"110199","DOI":"10.1016\/j.paid.2020.110199","article-title":"Who complies with the restrictions to reduce the spread of COVID-19?: Personality and perceptions of the COVID-19 situation","volume":"166","author":"M Zajenkowski","year":"2020","journal-title":"Pers Individ Dif"},{"issue":"2","key":"pone.0269496.ref016","first-page":"171","article-title":"How People Emotionally Respond to the News on COVID-19: An Online Survey","volume":"11","author":"Z Hamidein","year":"2020","journal-title":"BCN"},{"key":"pone.0269496.ref017","doi-asserted-by":"crossref","first-page":"102239","DOI":"10.1016\/j.janxdis.2020.102239","article-title":"Health anxiety, cyberchondria, and coping in the current COVID-19 pandemic: Which factors are related to coronavirus anxiety?","volume":"73","author":"SM Jungmann","year":"2020","journal-title":"J Anxiety Disord"},{"key":"pone.0269496.ref018","first-page":"9","article-title":"Psychological impacts of the COVID-19 epidemic on Chinese people: exposure, post-traumatic stress symptom, and emotion regulation","volume":"13","author":"H-j Jiang","year":"2020","journal-title":"Asian Pac J Trop Med"},{"key":"pone.0269496.ref019","doi-asserted-by":"crossref","first-page":"102258","DOI":"10.1016\/j.janxdis.2020.102258","article-title":"Fear of the coronavirus (COVID-19): Predictors in an online study conducted in March 2020","volume":"74","author":"G Mertens","year":"2020","journal-title":"J Anxiety Disord"},{"key":"pone.0269496.ref020","doi-asserted-by":"crossref","first-page":"113419","DOI":"10.1016\/j.psychres.2020.113419","article-title":"Mental health during the COVID-19 pandemic: Effects of stay-at-home policies, social distancing behavior, and social resources","volume":"293","author":"B Marroquin","year":"2020","journal-title":"Psychiatry Res"},{"key":"pone.0269496.ref021","doi-asserted-by":"crossref","first-page":"326","DOI":"10.1016\/j.jad.2021.12.026","article-title":"Risk factors of psychological distress during the COVID-19 pandemic: The roles of coping style and emotional regulation","volume":"299","author":"N Li","year":"2022","journal-title":"J Affect Disord"},{"issue":"3","key":"pone.0269496.ref022","doi-asserted-by":"crossref","first-page":"570","DOI":"10.1080\/13607863.2021.1902469","article-title":"Psychological well-being and coping strategies of elderly people during the COVID-19 pandemic in Hungary","volume":"26","author":"B Labadi","year":"2022","journal-title":"Aging Ment Health"},{"key":"pone.0269496.ref023","first-page":"10","article-title":"Contribuicao para o estudo da Adaptacao Portuguesa das Escalas de Ansiedade, Depressco e Stress (EADS) de 21 itens de Lovibond e Lovibond","volume":"5","author":"J Pais-Ribeiro","year":"2004","journal-title":"Psicologia, Sa\u00fade & Doencas"},{"issue":"4","key":"pone.0269496.ref024","first-page":"657","article-title":"NEO-FFI: Psychometric properties of a short personality inventory in Portuguese context","volume":"27","author":"E Magalh\u00e3es","year":"2014","journal-title":"Psicologia: Reflex\u00e3o e Cr\u00edtica"},{"issue":"4","key":"pone.0269496.ref025","first-page":"6","article-title":"Vers\u00e3o portuguesa da escala de dificuldades de regula\u00e7\u00e3o emocional e sua rela\u00e7\u00e3o com sintomas psicopatol\u00f3gicos","volume":"37","author":"J Coutinho","year":"2010","journal-title":"Arch ClinPsychiatry"},{"issue":"2","key":"pone.0269496.ref026","article-title":"Diferencia\u00e7\u00e3o emocional e regula\u00e7\u00e3o emocional em adultos portugueses","volume":"22","author":"F Vaz","year":"2014","journal-title":"Psicologia"},{"key":"pone.0269496.ref027","doi-asserted-by":"crossref","unstructured":"Guidotti E, Ardia D. COVID-19 Data Hub. 2020.","DOI":"10.21105\/joss.02376"},{"key":"pone.0269496.ref028","doi-asserted-by":"crossref","first-page":"102267","DOI":"10.1016\/j.janxdis.2020.102267","article-title":"Bridging maladaptive social self-beliefs and social anxiety: a network perspective","volume":"74","author":"A Heeren","year":"2020","journal-title":"J Anxiety Disord"},{"issue":"1","key":"pone.0269496.ref029","doi-asserted-by":"crossref","first-page":"301","DOI":"10.1080\/21642850.2018.1521283","article-title":"Network analysis: a brief overview and tutorial","volume":"6","author":"D. Hevey","year":"2018","journal-title":"Health Psychol Behav Med"},{"key":"pone.0269496.ref030","unstructured":"Field A, Miles J, Field Z. Discovering Statistics Using R. 2021."},{"issue":"1","key":"pone.0269496.ref031","first-page":"15","article-title":"Heteroskedasticity in multiple regression analysis: What it is, how to detect it and how to solve it with applications in R and SPSS","volume":"24","author":"O Astivia","year":"2019","journal-title":"Pract Assess Res Evaluation"},{"key":"pone.0269496.ref032","doi-asserted-by":"crossref","first-page":"195","DOI":"10.3758\/s13428-017-0862-1","article-title":"Estimating psychological networks and their accuracy: A tutorial paper","volume":"50","author":"S. Epskamp","year":"2018","journal-title":"Behav Res"},{"key":"pone.0269496.ref033","unstructured":"Foygel R, Drton M. Bayesian model choice and information criteria in sparse generalized linear models. 2011;arXiv:1112.5635:36."},{"key":"pone.0269496.ref034","doi-asserted-by":"crossref","first-page":"10","DOI":"10.1037\/abn0000181","article-title":"Identifying highly influential nodes in the complicated grief network","volume":"125","author":"D Robinaugh","year":"2016","journal-title":"J Abnorm Psychol"},{"key":"pone.0269496.ref035","doi-asserted-by":"crossref","first-page":"24","DOI":"10.1016\/S0378-8733(03)00012-1","article-title":"The stability of centrality measures when networks are sampled","volume":"25","author":"E Costenbader","year":"2003","journal-title":"Soc Netw"},{"key":"pone.0269496.ref036","doi-asserted-by":"crossref","first-page":"113687","DOI":"10.1016\/j.socscimed.2021.113687","article-title":"Psychological distress in North America during COVID-19: The role of pandemic-related stressors","volume":"270","author":"J Zheng","year":"2021","journal-title":"Soc Sci Med"},{"issue":"Pt 2","key":"pone.0269496.ref037","doi-asserted-by":"crossref","first-page":"104699","DOI":"10.1016\/j.chiabu.2020.104699","article-title":"Stress and parenting during the global COVID-19 pandemic","volume":"110","author":"SM Brown","year":"2020","journal-title":"Child Abuse Negl"},{"issue":"1","key":"pone.0269496.ref038","doi-asserted-by":"crossref","first-page":"33","DOI":"10.1186\/s12888-021-03047-y","article-title":"Depression, risk factors, and coping strategies in the context of social dislocations resulting from the second wave of COVID-19 in Japan","volume":"21","author":"Y Fukase","year":"2021","journal-title":"BMC Psychiatry"},{"issue":"10223","key":"pone.0269496.ref039","doi-asserted-by":"crossref","first-page":"497","DOI":"10.1016\/S0140-6736(20)30183-5","article-title":"Clinical features of patients infected with 2019 novel coronavirus in Wuhan, China","volume":"395","author":"C Huang","year":"2020","journal-title":"Lancet"},{"issue":"7","key":"pone.0269496.ref040","doi-asserted-by":"crossref","first-page":"e910","DOI":"10.1212\/WNL.0000000000009848","article-title":"Clinical characteristics and outcomes of inpatients with neurologic disease and COVID-19 in Brescia, Lombardy, Italy","volume":"95","author":"A Benussi","year":"2020","journal-title":"Neurology"},{"issue":"10","key":"pone.0269496.ref041","doi-asserted-by":"crossref","first-page":"e05259","DOI":"10.1016\/j.heliyon.2020.e05259","article-title":"Prevalence and risk factors of COVID-19 suicidal behavior in Bangladeshi population: are healthcare professionals at greater risk?","volume":"6","author":"MA Mamun","year":"2020","journal-title":"Heliyon"},{"issue":"2","key":"pone.0269496.ref042","doi-asserted-by":"crossref","first-page":"195","DOI":"10.1016\/j.jpsychores.2009.04.004","article-title":"Psychosocial and coping responses within the community health care setting towards a national outbreak of an infectious disease","volume":"68","author":"K Sim","year":"2010","journal-title":"J Psychosom Res"},{"issue":"2","key":"pone.0269496.ref043","doi-asserted-by":"crossref","first-page":"223","DOI":"10.1007\/s00406-020-01196-x","article-title":"Mental health effects of infection containment strategies: quarantine and isolation-a systematic review and meta-analysis","volume":"271","author":"J Henssler","year":"2021","journal-title":"Eur Arch Psychiatry Clin Neurosci"},{"key":"pone.0269496.ref044","doi-asserted-by":"crossref","first-page":"131","DOI":"10.1016\/j.jad.2020.12.004","article-title":"The impact of social distancing during COVID-19: A conditional process model of negative emotions, alienation, affective disorders, and post-traumatic stress disorder","volume":"281","author":"Y Zhu","year":"2021","journal-title":"J Affect Disord"},{"issue":"16","key":"pone.0269496.ref045","doi-asserted-by":"crossref","DOI":"10.3390\/ijerph17165973","article-title":"COVID-19 Lockdown: Housing Built Environment\u2019s Effects on Mental Health","volume":"17","author":"A Amerio","year":"2020","journal-title":"Int J Environ Res Public Health"},{"issue":"9-S","key":"pone.0269496.ref046","first-page":"87","article-title":"COVID-19 lockdown impact on lifestyle habits of Italian adults","volume":"91","author":"A Odone","year":"2020","journal-title":"Acta Biomed"},{"issue":"3","key":"pone.0269496.ref047","doi-asserted-by":"crossref","first-page":"246","DOI":"10.1037\/1099-9809.14.3.246","article-title":"Acculturation, social connectedness, and subjective well-being","volume":"14","author":"E Yoon","year":"2008","journal-title":"Cultur Divers Ethnic Minor Psychol"},{"key":"pone.0269496.ref048","doi-asserted-by":"crossref","first-page":"17","DOI":"10.1016\/j.cpr.2018.07.004","article-title":"Emotion regulation in social anxiety and depression: a systematic review of expressive suppression and cognitive reappraisal","volume":"65","author":"MT Dryman","year":"2018","journal-title":"Clin Psychol Rev"},{"issue":"5","key":"pone.0269496.ref049","doi-asserted-by":"crossref","first-page":"908","DOI":"10.1037\/a0037051","article-title":"Integration of negative emotional experience versus suppression: addressing the question of adaptive functioning","volume":"14","author":"G Roth","year":"2014","journal-title":"Emotion"},{"issue":"5","key":"pone.0269496.ref050","doi-asserted-by":"crossref","first-page":"409","DOI":"10.1002\/da.21888","article-title":"Emotion dysregulation model of mood and anxiety disorders","volume":"29","author":"SG Hofmann","year":"2012","journal-title":"Depress Anxiety"},{"issue":"7","key":"pone.0269496.ref051","doi-asserted-by":"crossref","first-page":"1089","DOI":"10.1016\/j.adolescence.2014.08.002","article-title":"Specificity of emotion regulation difficulties related to anxiety in early adolescence","volume":"37","author":"BL Mathews","year":"2014","journal-title":"J Adolesc"},{"key":"pone.0269496.ref052","doi-asserted-by":"crossref","first-page":"113172","DOI":"10.1016\/j.psychres.2020.113172","article-title":"Factors associated with depression, anxiety, and PTSD symptomatology during the COVID-19 pandemic: Clinical implications for U.S. young adult mental health","volume":"290","author":"CH Liu","year":"2020","journal-title":"Psychiatry Res"},{"issue":"6","key":"pone.0269496.ref053","doi-asserted-by":"crossref","first-page":"783","DOI":"10.1037\/a0020262","article-title":"Seeing the silver lining: cognitive reappraisal ability moderates the relationship between stress and depressive symptoms","volume":"10","author":"AS Troy","year":"2010","journal-title":"Emotion"},{"key":"pone.0269496.ref054","doi-asserted-by":"crossref","first-page":"2219","DOI":"10.3389\/fpsyg.2018.02219","article-title":"Cognitive Control and Flexibility in the Context of Stress and Depressive Symptoms: The Cognitive Control and Flexibility Questionnaire","volume":"9","author":"RL Gabrys","year":"2018","journal-title":"Front Psychol"},{"key":"pone.0269496.ref055","doi-asserted-by":"crossref","first-page":"581314","DOI":"10.3389\/fpsyg.2020.581314","article-title":"On the Nature of Fear and Anxiety Triggered by COVID-19","volume":"11","author":"CM Coelho","year":"2020","journal-title":"Front Psychol"},{"issue":"7","key":"pone.0269496.ref056","doi-asserted-by":"crossref","first-page":"997","DOI":"10.1017\/S0950268807009156","article-title":"Understanding, compliance and psychological impact of the SARS quarantine experience","volume":"136","author":"DL Reynolds","year":"2008","journal-title":"Epidemiol Infect"},{"issue":"5","key":"pone.0269496.ref057","doi-asserted-by":"crossref","DOI":"10.3390\/ijerph17051729","article-title":"Immediate Psychological Responses and Associated Factors during the Initial Stage of the 2019 Coronavirus Disease (COVID-19) Epidemic among the General Population in China","volume":"17","author":"C Wang","year":"2020","journal-title":"Int J Environ Res Public Health"},{"issue":"2","key":"pone.0269496.ref058","first-page":"15","article-title":"Ansiedade, depress\u00e3o e estresse: Um estudo com jovens adultos e adultos portugueses","volume":"16","author":"J Pinto","year":"2015","journal-title":"Psicologia, Sa\u00fade e Doen\u00e7as"},{"key":"pone.0269496.ref059","doi-asserted-by":"crossref","first-page":"103538","DOI":"10.1016\/j.actpsy.2022.103538","article-title":"Psychological well-being, risk factors, and coping strategies with social isolation and new challenges in times of adversity caused by the COVID-19 pandemic","volume":"225","author":"AN Zsido","year":"2022","journal-title":"Acta Psychol (Amst)"},{"key":"pone.0269496.ref060","doi-asserted-by":"crossref","first-page":"107035","DOI":"10.1016\/j.chb.2021.107035","article-title":"Cybervictimization and well-being among adolescents during the COVID-19 pandemic: The mediating roles of emotional self-efficacy and emotion regulation","volume":"126","author":"F Schunk","year":"2022","journal-title":"Comput Human Behav"},{"key":"pone.0269496.ref061","unstructured":"Champely S. pwr: Basic Functions for Power Analysis. R package version 1.3\u20130. 2020."},{"issue":"4","key":"pone.0269496.ref062","doi-asserted-by":"crossref","first-page":"5","DOI":"10.1111\/2041-210X.12504","article-title":"simr: an R package for power analysis of generalised linear mixed models by simulation","volume":"7","author":"P Green","year":"2016","journal-title":"Methods Ecol Evol"},{"issue":"11","key":"pone.0269496.ref063","article-title":"Acceptance of COVID-19 Vaccination in the Elderly: A Cross-Sectional Study in Southern Italy","volume":"9","author":"F Galle","year":"2021","journal-title":"Vaccines (Basel)"},{"issue":"1","key":"pone.0269496.ref064","doi-asserted-by":"crossref","first-page":"e0245261","DOI":"10.1371\/journal.pone.0245261","article-title":"A behavioral economic risk aversion experiment in the context of the COVID-19 pandemic","volume":"16","author":"B Kluwe-Schiavon","year":"2021","journal-title":"PLoS One"},{"issue":"1","key":"pone.0269496.ref065","doi-asserted-by":"crossref","first-page":"17","DOI":"10.1093\/rpd\/ncq273","article-title":"Psychosocial considerations for mass decontamination","volume":"142","author":"L Lemyre","year":"2010","journal-title":"Radiat Prot Dosimetry"}],"updated-by":[{"DOI":"10.1371\/journal.pone.0293490","type":"correction","label":"Correction","source":"publisher","updated":{"date-parts":[[2023,10,23]],"date-time":"2023-10-23T00:00:00Z","timestamp":1698019200000}}],"container-title":["PLOS ONE"],"original-title":[],"language":"en","link":[{"URL":"https:\/\/dx.plos.org\/10.1371\/journal.pone.0269496","content-type":"unspecified","content-version":"vor","intended-application":"similarity-checking"}],"deposited":{"date-parts":[[2022,6,17]],"date-time":"2022-06-17T13:27:42Z","timestamp":1655472462000},"score":1,"resource":{"primary":{"URL":"https:\/\/dx.plos.org\/10.1371\/journal.pone.0269496"}},"subtitle":[],"editor":[{"given":"Stephan","family":"Doering","sequence":"first","affiliation":[]}],"short-title":[],"issued":{"date-parts":[[2022,6,17]]},"references-count":65,"journal-issue":{"issue":"6","published-online":{"date-parts":[[2022,6,17]]}},"URL":"https:\/\/doi.org\/10.1371\/journal.pone.0269496","relation":{},"ISSN":["1932-6203"],"issn-type":[{"value":"1932-6203","type":"electronic"}],"subject":[],"published":{"date-parts":[[2022,6,17]]}}}