{"status":"ok","message-type":"work","message-version":"1.0.0","message":{"indexed":{"date-parts":[[2025,5,14]],"date-time":"2025-05-14T04:25:32Z","timestamp":1747196732407,"version":"3.40.5"},"reference-count":0,"publisher":"Coimbra University Press","license":[{"start":{"date-parts":[[2020,7,22]],"date-time":"2020-07-22T00:00:00Z","timestamp":1595376000000},"content-version":"unspecified","delay-in-days":0,"URL":"http:\/\/creativecommons.org\/licenses\/by\/4.0"}],"content-domain":{"domain":[],"crossmark-restriction":false},"short-container-title":["RPH"],"abstract":"<jats:p>Nos reinados de Dom Jo\u00e3o II e Dom Manuel I, marcados pela reforma dos forais e pela centraliza\u00e7\u00e3o da administra\u00e7\u00e3o, fazia especialmente sentido uniformizar os pesos e medidas. A n\u00edvel europeu, tamb\u00e9m sopravam os ventos da uniformiza\u00e7\u00e3o metrol\u00f3gica. Logo no in\u00edcio do reinado, Dom Jo\u00e3o II mandou uniformizar as medidas de capacidade pelos padr\u00f5es de Santar\u00e9m. Em 1487-1488, trabalhou na reforma dos pesos. Coexistiam v\u00e1rios subsistemas de pesos para diferentes produtos. Na documenta\u00e7\u00e3o j\u00e1 conhecida, algumas indica\u00e7\u00f5es sugerem que o marco usado no haver-de-peso era o marco de Tria, mas n\u00e3o permitem tirar uma conclus\u00e3o definitiva. Em ap\u00eandice, publica-se uma carta r\u00e9gia em que \u00e9 o pr\u00f3prio rei que faz essa identifica\u00e7\u00e3o. Essa clarifica\u00e7\u00e3o, conjugada com a restante documenta\u00e7\u00e3o, e com a recente avalia\u00e7\u00e3o do marco manuelino, permite agora tirar conclus\u00f5es mais fundamentadas sobre as equival\u00eancias das unidades ponderais anteriores \u00e0 reforma. O rei acabou por abolir o marco de Tria, escolhendo como padr\u00e3o \u00fanico o marco de Colonha.<\/jats:p>","DOI":"10.14195\/0870-4147_51_4","type":"journal-article","created":{"date-parts":[[2020,10,15]],"date-time":"2020-10-15T11:35:15Z","timestamp":1602761715000},"page":"83-105","source":"Crossref","is-referenced-by-count":0,"title":["Os marcos de Colonha e de Tria e a reforma dos Pesos de Dom Jo\u00e3o II (1487-1488)"],"prefix":"10.14195","volume":"51","author":[{"ORCID":"https:\/\/orcid.org\/0000-0002-5719-5019","authenticated-orcid":false,"given":"Lu\u00eds Filipe","family":"Seabra Lopes","sequence":"first","affiliation":[]}],"member":"5739","published-online":{"date-parts":[[2020,7,22]]},"container-title":["Revista Portuguesa de Hist\u00f3ria"],"original-title":[],"link":[{"URL":"https:\/\/impactum-journals.uc.pt\/rph\/article\/download\/0870-4147_51_4\/6691","content-type":"application\/pdf","content-version":"vor","intended-application":"text-mining"},{"URL":"https:\/\/impactum-journals.uc.pt\/rph\/article\/download\/0870-4147_51_4\/6691","content-type":"unspecified","content-version":"vor","intended-application":"similarity-checking"}],"deposited":{"date-parts":[[2020,10,15]],"date-time":"2020-10-15T11:35:29Z","timestamp":1602761729000},"score":1,"resource":{"primary":{"URL":"https:\/\/impactum-journals.uc.pt\/rph\/article\/view\/0870-4147_51_4"}},"subtitle":[],"short-title":[],"issued":{"date-parts":[[2020,7,22]]},"references-count":0,"URL":"https:\/\/doi.org\/10.14195\/0870-4147_51_4","relation":{},"ISSN":["2183-3796","0870-4147"],"issn-type":[{"type":"electronic","value":"2183-3796"},{"type":"print","value":"0870-4147"}],"subject":[],"published":{"date-parts":[[2020,7,22]]}}}