{"status":"ok","message-type":"work","message-version":"1.0.0","message":{"indexed":{"date-parts":[[2025,8,2]],"date-time":"2025-08-02T14:31:12Z","timestamp":1754145072809,"version":"3.41.2"},"reference-count":0,"publisher":"Coimbra University Press","license":[{"start":{"date-parts":[[2025,7,16]],"date-time":"2025-07-16T00:00:00Z","timestamp":1752624000000},"content-version":"unspecified","delay-in-days":0,"URL":"http:\/\/creativecommons.org\/licenses\/by\/4.0"}],"content-domain":{"domain":[],"crossmark-restriction":false},"short-container-title":["RPH"],"abstract":"<jats:p>Visamos com este artigo, por um lado, descrever e interpretar a evolu\u00e7\u00e3o das formas como se tem estruturado o relacionamento entre senso comum e ideologia, humanidades, ci\u00eancias sociais e tecnologias de base cient\u00edfica tamb\u00e9m delas derivadas. Pretendemos, por outro lado, observar as consequ\u00eancias decorrentes da aplica\u00e7\u00e3o de cada um dos paradigmas epistemol\u00f3gicos em causa - moderno, neo-moderno e p\u00f3s-moderno - \u00e0 an\u00e1lise da problem\u00e1tica das desigualdades nas sociedades organizadas a partir do modo de produ\u00e7\u00e3o capitalista (escalas local\/regional, nacional, subcontinental e global).\nTentamos, depois, propor uma caracteriza\u00e7\u00e3o sint\u00e9tica, numa l\u00f3gica de hist\u00f3ria do tempo presente, da evolu\u00e7\u00e3o das desigualdades, nas economias capitalistas (em pa\u00edses desenvolvidos, de desenvolvimento interm\u00e9dio e sub-desenvolvidos), desde o fim da Guerra Fria. Adotamos, para o efeito, a perspetiva da nova historiografia - neo-moderna e decorrente da fus\u00e3o entre idealismo cr\u00edtico, marxismo cr\u00edtico e historiografia estruturalista - e esbo\u00e7amos compara\u00e7\u00f5es com os s\u00e9culos XVIII e XIX, com o p\u00f3s-Primeira Grande Guerra e com o p\u00f3s-Segunda Guerra Mundial.<\/jats:p>","DOI":"10.14195\/0870-4147_56_14","type":"journal-article","created":{"date-parts":[[2025,7,16]],"date-time":"2025-07-16T11:34:21Z","timestamp":1752665661000},"page":"369-392","source":"Crossref","is-referenced-by-count":0,"title":["Capitalismo e desigualdade. Caracter\u00edstica estrutural ou implica\u00e7\u00f5es diferentes de diversas conce\u00e7\u00f5es socioecon\u00f3micas? Uma leitura historiogr\u00e1fica"],"prefix":"10.14195","volume":"56","author":[{"ORCID":"https:\/\/orcid.org\/0000-0003-0419-9179","authenticated-orcid":false,"given":"Jo\u00e3o Paulo Avel\u00e3s","family":"Nunes","sequence":"first","affiliation":[]},{"given":"Ant\u00f3nio","family":"Rafael Amaro","sequence":"additional","affiliation":[]}],"member":"5739","published-online":{"date-parts":[[2025,7,16]]},"container-title":["Revista Portuguesa de Hist\u00f3ria"],"original-title":[],"link":[{"URL":"https:\/\/impactum-journals.uc.pt\/rph\/article\/download\/15864\/11077","content-type":"application\/pdf","content-version":"vor","intended-application":"text-mining"},{"URL":"https:\/\/impactum-journals.uc.pt\/rph\/article\/download\/15864\/11077","content-type":"unspecified","content-version":"vor","intended-application":"similarity-checking"}],"deposited":{"date-parts":[[2025,7,16]],"date-time":"2025-07-16T11:34:21Z","timestamp":1752665661000},"score":1,"resource":{"primary":{"URL":"https:\/\/impactum-journals.uc.pt\/rph\/article\/view\/15864"}},"subtitle":[],"short-title":[],"issued":{"date-parts":[[2025,7,16]]},"references-count":0,"URL":"https:\/\/doi.org\/10.14195\/0870-4147_56_14","relation":{},"ISSN":["2183-3796","0870-4147"],"issn-type":[{"type":"electronic","value":"2183-3796"},{"type":"print","value":"0870-4147"}],"subject":[],"published":{"date-parts":[[2025,7,16]]}}}