{"status":"ok","message-type":"work","message-version":"1.0.0","message":{"indexed":{"date-parts":[[2022,3,31]],"date-time":"2022-03-31T21:51:46Z","timestamp":1648763506942},"reference-count":0,"publisher":"Coimbra University Press","issue":"32","content-domain":{"domain":[],"crossmark-restriction":false},"short-container-title":["GeoJou"],"abstract":"<jats:p>Uma das consequ\u00eancias dos inc\u00eandios florestais \u00e9 o aumento da eros\u00e3o da camada superior dos solos, onde se localizam, na maioria dos solos portugueses, os \u00fanicos nutrientes existentes. Num clima com caracter\u00edsticas mediterr\u00e2neas, como \u00e9 o caso do portugu\u00eas, a m\u00e1xima exporta\u00e7\u00e3o dos sedimentos acontece, normalmente, nos primeiros 4 a 6 meses depois dos inc\u00eandios. Assim, o projeto Soil Protec1 (Medidas de Emerg\u00eancia para Prote\u00e7\u00e3o de Solos ap\u00f3s Inc\u00eandios Florestais) visa testar medidas de emerg\u00eancia, de baixo custo, a aplicar na prote\u00e7\u00e3o de solos, imediatamente ap\u00f3s os inc\u00eandios florestais de baixa\/m\u00e9dia severidade, com base nas medi\u00e7\u00f5es efetuadas em povoamentos de Pinus pinaster na serra do Ger\u00eas.<\/jats:p>","DOI":"10.14195\/0871-1623_32_13","type":"journal-article","created":{"date-parts":[[2014,9,1]],"date-time":"2014-09-01T13:50:50Z","timestamp":1409579450000},"page":"145-155","source":"Crossref","is-referenced-by-count":0,"title":["Medidas de emerg\u00eancia para prote\u00e7\u00e3o do solo ap\u00f3s inc\u00eandios florestais. Resultados preliminares de algumas experi\u00eancias na serra do Ger\u00eas"],"prefix":"10.14195","author":[{"given":"Ant\u00f3nio","family":"Bento-Gon\u00e7alves","sequence":"first","affiliation":[]},{"given":"Ant\u00f3nio","family":"Vieira","sequence":"first","affiliation":[]},{"given":"Luciano","family":"Louren\u00e7o","sequence":"first","affiliation":[]},{"given":"Jos\u00e9","family":"Salgado","sequence":"first","affiliation":[]},{"given":"Am\u00e9rico","family":"Castro","sequence":"first","affiliation":[]},{"given":"Flora","family":"Ferreira-Leite","sequence":"first","affiliation":[]},{"given":"Bruno","family":"Ara\u00fajo","sequence":"first","affiliation":[]},{"given":"Ad\u00e9lia","family":"Nunes","sequence":"first","affiliation":[]}],"member":"5739","published-online":{"date-parts":[[2013,9,1]]},"container-title":["Cadernos de Geografia"],"original-title":[],"link":[{"URL":"https:\/\/impactum-journals.uc.pt\/cadernosgeografia\/article\/download\/32_13\/1586","content-type":"application\/pdf","content-version":"vor","intended-application":"text-mining"},{"URL":"https:\/\/impactum-journals.uc.pt\/cadernosgeografia\/article\/download\/32_13\/1586","content-type":"unspecified","content-version":"vor","intended-application":"similarity-checking"}],"deposited":{"date-parts":[[2020,4,2]],"date-time":"2020-04-02T18:29:47Z","timestamp":1585852187000},"score":1,"resource":{"primary":{"URL":"https:\/\/impactum-journals.uc.pt\/cadernosgeografia\/article\/view\/32_13"}},"subtitle":[],"short-title":[],"issued":{"date-parts":[[2013,9,1]]},"references-count":0,"journal-issue":{"issue":"32","published-online":{"date-parts":[[2015,9,22]]}},"URL":"https:\/\/doi.org\/10.14195\/0871-1623_32_13","relation":{},"ISSN":["2183-4016","0871-1623"],"issn-type":[{"value":"2183-4016","type":"electronic"},{"value":"0871-1623","type":"print"}],"subject":[],"published":{"date-parts":[[2013,9,1]]}}}