{"status":"ok","message-type":"work","message-version":"1.0.0","message":{"indexed":{"date-parts":[[2025,2,14]],"date-time":"2025-02-14T05:24:38Z","timestamp":1739510678926,"version":"3.37.0"},"reference-count":0,"publisher":"Coimbra University Press","issue":"32(I)","license":[{"start":{"date-parts":[[2025,2,13]],"date-time":"2025-02-13T00:00:00Z","timestamp":1739404800000},"content-version":"unspecified","delay-in-days":0,"URL":"http:\/\/creativecommons.org\/licenses\/by\/4.0"}],"content-domain":{"domain":[],"crossmark-restriction":false},"short-container-title":["TER"],"abstract":"<jats:p>La perception du risque et les comportements d\u2019adaptation sont deux \u00e9l\u00e9ments importants pour r\u00e9duire les impacts n\u00e9gatifs des canicules. Le but de cette \u00e9tude est d\u2019\u00e9valuer le niveau de perception des canicules par la population humaine, dans la r\u00e9gion de Taghit (province de B\u00e9char), et d\u2019inventorier les comportements ancestraux d'adaptation qui sont maintenus jusqu'\u00e0 nos jours. L\u2019\u00e9tude s\u2019est bas\u00e9e sur une enqu\u00eate de terrain effectu\u00e9e pendant la saison chaude de l\u2019an 2018, o\u00f9 cent cinquante-quatre (154) maisons sur les neuf cent quatre (904) ont \u00e9t\u00e9 l\u2019objet de cette enqu\u00eate. Les r\u00e9sultats ont r\u00e9v\u00e9l\u00e9 que la majorit\u00e9 de personnes enqu\u00eat\u00e9es (86,4 %) sentaient le risque des canicules; n\u00e9anmoins, seulement 08 % des m\u00e9nages conservaient leurs modes de vie traditionnelles. Comparativement aux maisons traditionnelles (construites \u00e0 base de terre). A pr\u00e9ciser canicules ont augment\u00e9 de 5,39 fois dans les maisons hybrides (construites de mat\u00e9riaux locaux et industriels) et de 6,44 fois dans les maisons construites par des mat\u00e9riaux industriels. Malheureusement, ceci est d\u00fb \u00e0 la perp\u00e9tuelle mutation de mode de vie et de l\u2019habitat, sans tenir compte de fa\u00e7on rigoureuse des fines sp\u00e9cificit\u00e9s du milieu; de ce fait, les caract\u00e9ristiques environnementales de la r\u00e9gion doivent \u00eatre int\u00e9gr\u00e9es dans les plans et les strat\u00e9gies de d\u00e9veloppement durable.<\/jats:p>","DOI":"10.14195\/1647-7723_32-1_3","type":"journal-article","created":{"date-parts":[[2025,2,13]],"date-time":"2025-02-13T15:14:23Z","timestamp":1739459663000},"page":"35-44","source":"Crossref","is-referenced-by-count":0,"title":["Perceptions des populations sur le risque des temperatures elevees de l'air et les mesures d'adaptation en milieu aride: cas de Taghit (sud-ouest de l'Algerie)"],"prefix":"10.14195","author":[{"given":"Miloud","family":"Oubadi","sequence":"first","affiliation":[]},{"given":"Mohammed","family":"Faci","sequence":"additional","affiliation":[]},{"given":"Ahmed","family":"Hamou","sequence":"additional","affiliation":[]},{"ORCID":"https:\/\/orcid.org\/0000-0002-5435-2170","authenticated-orcid":false,"given":"Fantina","family":"Tedim","sequence":"additional","affiliation":[]}],"member":"5739","published-online":{"date-parts":[[2025,2,13]]},"container-title":["Territorium"],"original-title":[],"link":[{"URL":"https:\/\/impactum-journals.uc.pt\/territorium\/article\/download\/12919\/10722","content-type":"application\/pdf","content-version":"vor","intended-application":"text-mining"},{"URL":"https:\/\/impactum-journals.uc.pt\/territorium\/article\/download\/12919\/10722","content-type":"unspecified","content-version":"vor","intended-application":"similarity-checking"}],"deposited":{"date-parts":[[2025,2,13]],"date-time":"2025-02-13T15:14:24Z","timestamp":1739459664000},"score":1,"resource":{"primary":{"URL":"https:\/\/impactum-journals.uc.pt\/territorium\/article\/view\/12919"}},"subtitle":[],"short-title":[],"issued":{"date-parts":[[2025,2,13]]},"references-count":0,"journal-issue":{"issue":"32(I)","published-online":{"date-parts":[[2025,2,13]]}},"URL":"https:\/\/doi.org\/10.14195\/1647-7723_32-1_3","relation":{},"ISSN":["1647-7723","0872-8941"],"issn-type":[{"value":"1647-7723","type":"electronic"},{"value":"0872-8941","type":"print"}],"subject":[],"published":{"date-parts":[[2025,2,13]]}}}