{"status":"ok","message-type":"work","message-version":"1.0.0","message":{"indexed":{"date-parts":[[2022,4,3]],"date-time":"2022-04-03T03:20:00Z","timestamp":1648956000945},"reference-count":0,"publisher":"Coimbra University Press","issue":"51","content-domain":{"domain":[],"crossmark-restriction":false},"short-container-title":["Psychologica"],"abstract":"<jats:p>O sentido da vida tem sido considerado um t\u00f3pico de capital import\u00e2ncia por parte da Literatura, da Filosofia e, ultimamente, tamb\u00e9m da ci\u00eancia. Depois de descrever o contexto ideol\u00f3gico, em que surgiu a investiga\u00e7\u00e3o sobre este tema, o presente artigo d\u00e1 conta das principais tend\u00eancias da pesquisa emp\u00edrica neste dom\u00ednio, em particular, as que dizem respeito aos modelos de envelhecimento bem sucedido, \u00e0 gerotranscend\u00eancia, \u00e0 espiritualidade e ao bem-estar. \n\u201cV\u00e3 consola\u00e7\u00e3o para ele [Raskolnikov] dizer que, da\u00ed a oito anos, ainda s\u00f3 teria trinta e dois e que poderia, ent\u00e3o, recome\u00e7ar a sua vida. Mas porqu\u00ea viver? Tendo em vista que projectos? Fazer esfor\u00e7os para qu\u00ea?\u201d (Dostoievski, 1972, Tomo II, p. 393).\n\u201c\u2013 Aqui \u00e9 quase como na terra para onde vamos \u2013 disse ela.\n\u2013 \u00c9 \u2013 respondeu o homem \u2013, mas aqui \u00e9 um lugar de passagem.\nE ambos se levantaram e se vestiram\u201d (Andresen, 1970, p. 103).\n\u201cN\u00e3o posso viver sem saber quem sou e com que fim fui lan\u00e7ado a este mundo \u2013 dizia ele [Levine] para consigo. E visto que n\u00e3o poderei chegar a sab\u00ea-lo, torna-se-me imposs\u00edvel viver. No tempo infinito, na infinitude da mat\u00e9ria, no espa\u00e7o infinito forma-se um organismo como uma borbulha, mant\u00e9m-se por algum tempo, rebenta.\nEssa borbulha sou eu\u201d (Tolstoi, 1970, p. 857).\nJulgo pois que o sentido da vida \u00e9 o mais premente dos assuntos \u2013 das interroga\u00e7\u00f5es\u201d\n (Camus, s. d., p. 14).<\/jats:p>","DOI":"10.14195\/1647-8606_51_8","type":"journal-article","created":{"date-parts":[[2015,1,8]],"date-time":"2015-01-08T12:48:43Z","timestamp":1420721323000},"page":"101-130","source":"Crossref","is-referenced-by-count":0,"title":["O Sentido da vida: Contexto ideol\u00f3gico e abordagem emp\u00edrica"],"prefix":"10.14195","author":[{"given":"Ant\u00f3nio","family":"Sim\u00f5es","sequence":"first","affiliation":[]},{"given":"Margarida Pedroso","family":"Lima","sequence":"first","affiliation":[]},{"given":"Cristina Maria Coimbra","family":"Vieira","sequence":"first","affiliation":[]},{"given":"Albertina Lima","family":"Oliveira","sequence":"first","affiliation":[]},{"given":"Joaquim Lu\u00eds","family":"Alcoforado","sequence":"first","affiliation":[]},{"given":"S\u00f3nia Mairos","family":"Nogueira","sequence":"first","affiliation":[]}],"member":"5739","published-online":{"date-parts":[[2009,6,1]]},"container-title":["Psychologica"],"original-title":[],"link":[{"URL":"https:\/\/impactum-journals.uc.pt\/psychologica\/article\/download\/1647-8606_51_8\/466","content-type":"application\/pdf","content-version":"vor","intended-application":"text-mining"},{"URL":"https:\/\/impactum-journals.uc.pt\/psychologica\/article\/download\/1647-8606_51_8\/466","content-type":"unspecified","content-version":"vor","intended-application":"similarity-checking"}],"deposited":{"date-parts":[[2020,4,30]],"date-time":"2020-04-30T19:57:26Z","timestamp":1588276646000},"score":1,"resource":{"primary":{"URL":"https:\/\/impactum-journals.uc.pt\/psychologica\/article\/view\/1647-8606_51_8"}},"subtitle":[],"short-title":[],"issued":{"date-parts":[[2009,6,1]]},"references-count":0,"journal-issue":{"issue":"51","published-online":{"date-parts":[[2009,6,1]]}},"URL":"https:\/\/doi.org\/10.14195\/1647-8606_51_8","relation":{},"ISSN":["1647-8606","0871-4657"],"issn-type":[{"value":"1647-8606","type":"electronic"},{"value":"0871-4657","type":"print"}],"subject":[],"published":{"date-parts":[[2009,6,1]]}}}