{"status":"ok","message-type":"work","message-version":"1.0.0","message":{"indexed":{"date-parts":[[2022,4,3]],"date-time":"2022-04-03T06:42:37Z","timestamp":1648968157526},"reference-count":0,"publisher":"Coimbra University Press","issue":"52-II","content-domain":{"domain":[],"crossmark-restriction":false},"short-container-title":["Psychologica"],"abstract":"<jats:p>Falamos em auto-criticismo quando assumimos, face ao pr\u00f3prio sofrimento, uma postura dura, intolerante e de auto-avalia\u00e7\u00e3o negativa. A literatura aponta o autocriticismo como um importante preditor de sofrimento, associado \u00e0 psicopatologia. Perante situa\u00e7\u00f5es de fracasso, as pessoas podem adoptar o estilo de pensamento ruminativo que, por ser marcadamente repetitivo e negativo, se associa \u00e0 sintomatologia psicopatol\u00f3gica. Esta investiga\u00e7\u00e3o pretende contribuir para o conhecimento da rela\u00e7\u00e3o entre o auto-criticismo, rumina\u00e7\u00e3o e a experiencia\u00e7\u00e3o de afecto negativo, numa amostra n\u00e3o cl\u00ednica de 193 sujeitos. Os resultados deste estudo indicam que os indiv\u00edduos mais auto-cr\u00edticos e ruminadores experienciam mais afecto negativo. Verific\u00e1mos igualmente que indiv\u00edduos mais auto-cr\u00edticos tendem a recorrer mais ao pensamento ruminativo. Inversamente, a auto-tranquiliza\u00e7\u00e3o em momentos de fracasso, associa-se positivamente com a viv\u00eancia de afecto positivo. Os resultados sugerem a import\u00e2ncia de uma interven\u00e7\u00e3o terap\u00eautica focada na redu\u00e7\u00e3o da auto-cr\u00edtica e rumina\u00e7\u00e3o, em contexto cl\u00ednico, promovendo a auto-tranquiliza\u00e7\u00e3o especialmente \u00fatil em doentes auto-cr\u00edticos e com perturba\u00e7\u00f5es de humor.<\/jats:p>","DOI":"10.14195\/1647-8606_52-2_11","type":"journal-article","created":{"date-parts":[[2015,1,7]],"date-time":"2015-01-07T14:54:08Z","timestamp":1420642448000},"page":"271-292","source":"Crossref","is-referenced-by-count":0,"title":["A contribui\u00e7\u00e3o do auto-criticismo e da rumina\u00e7\u00e3o para o afecto negativo"],"prefix":"10.14195","author":[{"given":"V\u00e2nia","family":"Amaral","sequence":"first","affiliation":[]},{"given":"Paula","family":"Castilho","sequence":"first","affiliation":[]},{"given":"Jos\u00e9 Pinto","family":"Gouveia","sequence":"first","affiliation":[]}],"member":"5739","published-online":{"date-parts":[[2010,6,1]]},"container-title":["Psychologica"],"original-title":[],"link":[{"URL":"https:\/\/impactum-journals.uc.pt\/psychologica\/article\/download\/1647-8606_52-2_11\/505","content-type":"application\/pdf","content-version":"vor","intended-application":"text-mining"},{"URL":"https:\/\/impactum-journals.uc.pt\/psychologica\/article\/download\/1647-8606_52-2_11\/505","content-type":"unspecified","content-version":"vor","intended-application":"similarity-checking"}],"deposited":{"date-parts":[[2020,4,30]],"date-time":"2020-04-30T19:54:41Z","timestamp":1588276481000},"score":1,"resource":{"primary":{"URL":"https:\/\/impactum-journals.uc.pt\/psychologica\/article\/view\/1647-8606_52-2_11"}},"subtitle":[],"short-title":[],"issued":{"date-parts":[[2010,6,1]]},"references-count":0,"journal-issue":{"issue":"52-II","published-online":{"date-parts":[[2010,6,1]]}},"URL":"https:\/\/doi.org\/10.14195\/1647-8606_52-2_11","relation":{},"ISSN":["1647-8606","0871-4657"],"issn-type":[{"value":"1647-8606","type":"electronic"},{"value":"0871-4657","type":"print"}],"subject":[],"published":{"date-parts":[[2010,6,1]]}}}