{"status":"ok","message-type":"work","message-version":"1.0.0","message":{"indexed":{"date-parts":[[2022,4,2]],"date-time":"2022-04-02T14:14:55Z","timestamp":1648908895701},"reference-count":0,"publisher":"Coimbra University Press","issue":"52-II","content-domain":{"domain":[],"crossmark-restriction":false},"short-container-title":["Psychologica"],"abstract":"<jats:p>A tem\u00e1tica do auto-criticismo tem recebido nos \u00faltimos anos um interesse crescente no dom\u00ednio da Psicologia. A investiga\u00e7\u00e3o aqui apresentada pretende contribuir para o conhecimento do auto-criticismo e da sua rela\u00e7\u00e3o com a psicopatologia, bem como com v\u00e1rios constructos que a literatura tem demonstrado estarem associados \u00e0 sua origem, desenvolvimento e manuten\u00e7\u00e3o, como as experi\u00eancias de amea\u00e7a e subordina\u00e7\u00e3o na inf\u00e2ncia, a vergonha e a submiss\u00e3o. Os resultados dos estudos, realizados numa amostra de estudantes universit\u00e1rios (N = 263), mostraram associa\u00e7\u00f5es significativas entre os comportamentos de submiss\u00e3o na idade adulta e a recorda\u00e7\u00e3o de experi\u00eancias parentais de subordina\u00e7\u00e3o na inf\u00e2ncia, a experi\u00eancia de vergonha interna e o auto-criticismo. Ao n\u00edvel da sintomatologia depressiva, os resultados encontrados no nosso estudo sugeriram a exist\u00eancia de associa\u00e7\u00f5es significativas com a vergonha interna e o auto-criticismo. Quer a vergonha interna, quer o auto-criticismo constituem preditores significativos da submiss\u00e3o e dos sintomas depressivos.<\/jats:p>","DOI":"10.14195\/1647-8606_52-2_19","type":"journal-article","created":{"date-parts":[[2015,1,7]],"date-time":"2015-01-07T14:54:08Z","timestamp":1420642448000},"page":"449-474","source":"Crossref","is-referenced-by-count":2,"title":["Recorda\u00e7\u00e3o de experi\u00eancias de amea\u00e7a e subordina\u00e7\u00e3o na inf\u00e2ncia, auto-criticismo, vergonha e submiss\u00e3o: a sua contribui\u00e7\u00e3o para a depress\u00e3o em estudantes universit\u00e1rios"],"prefix":"10.14195","author":[{"given":"Sofia Alves","family":"Coelho","sequence":"first","affiliation":[]},{"given":"Paula","family":"Castilho","sequence":"first","affiliation":[]},{"given":"Jos\u00e9 Pinto","family":"Gouveia","sequence":"first","affiliation":[]}],"member":"5739","published-online":{"date-parts":[[2010,6,1]]},"container-title":["Psychologica"],"original-title":[],"link":[{"URL":"https:\/\/impactum-journals.uc.pt\/psychologica\/article\/download\/1647-8606_52-2_19\/513","content-type":"application\/pdf","content-version":"vor","intended-application":"text-mining"},{"URL":"https:\/\/impactum-journals.uc.pt\/psychologica\/article\/download\/1647-8606_52-2_19\/513","content-type":"unspecified","content-version":"vor","intended-application":"similarity-checking"}],"deposited":{"date-parts":[[2020,4,30]],"date-time":"2020-04-30T19:54:15Z","timestamp":1588276455000},"score":1,"resource":{"primary":{"URL":"https:\/\/impactum-journals.uc.pt\/psychologica\/article\/view\/1647-8606_52-2_19"}},"subtitle":[],"short-title":[],"issued":{"date-parts":[[2010,6,1]]},"references-count":0,"journal-issue":{"issue":"52-II","published-online":{"date-parts":[[2010,6,1]]}},"URL":"https:\/\/doi.org\/10.14195\/1647-8606_52-2_19","relation":{},"ISSN":["1647-8606","0871-4657"],"issn-type":[{"value":"1647-8606","type":"electronic"},{"value":"0871-4657","type":"print"}],"subject":[],"published":{"date-parts":[[2010,6,1]]}}}