{"status":"ok","message-type":"work","message-version":"1.0.0","message":{"indexed":{"date-parts":[[2022,3,31]],"date-time":"2022-03-31T03:16:05Z","timestamp":1648696565760},"reference-count":0,"publisher":"Coimbra University Press","issue":"52-II","content-domain":{"domain":[],"crossmark-restriction":false},"short-container-title":["Psychologica"],"abstract":"<jats:p>O auto-criticismo, dentro das recentes teorias evolucion\u00e1rias, tem assumido um interesse crescente no dom\u00ednio da Psicologia. V\u00e1rios estudos apontam o autocriticismo como um importante predictor de sofrimento, associando-se a diversas formas de psicopatologia. Por outro lado, as experi\u00eancias adversas na inf\u00e2ncia, como a imposi\u00e7\u00e3o de um estatuto de subordinado, t\u00eam-se revelado preditores de desajustamento posterior. A presente investiga\u00e7\u00e3o pretende contribuir para o conhecimento da rela\u00e7\u00e3o entre estes constructos e a sintomatologia depressiva, numa amostra n\u00e3o cl\u00ednica, composta por 193 sujeitos. Os resultados deste estudo revelam que o auto-criticismo se associa positivamente com as experi\u00eancias de amea\u00e7a e subordina\u00e7\u00e3o na inf\u00e2ncia e a sintomatologia depressiva. Estes estudos apontam, ainda, para o papel mediador de algumas dimens\u00f5es do auto-criticismo no efeito das experi\u00eancias precoces de subordina\u00e7\u00e3o sobre a depress\u00e3o. Estes resultados poder\u00e3o contribuir para uma interven\u00e7\u00e3o terap\u00eautica espec\u00edfica com vista a reduzir a auto-cr\u00edtica e auto-puni\u00e7\u00e3o, fomentando a capacidade de autotranquiliza\u00e7\u00e3o em cen\u00e1rios de fracasso e decep\u00e7\u00e3o pessoal.<\/jats:p>","DOI":"10.14195\/1647-8606_52-2_20","type":"journal-article","created":{"date-parts":[[2015,1,7]],"date-time":"2015-01-07T14:54:08Z","timestamp":1420642448000},"page":"475-497","source":"Crossref","is-referenced-by-count":1,"title":["Recorda\u00e7\u00e3o das Experi\u00eancias de Amea\u00e7a e Subordina\u00e7\u00e3o na Inf\u00e2ncia e Psicopatologia: o efeito mediador do Auto-Criticismo"],"prefix":"10.14195","author":[{"given":"Paula","family":"Castilho","sequence":"first","affiliation":[]},{"given":"Jos\u00e9 Pinto","family":"Gouveia","sequence":"first","affiliation":[]},{"given":"V\u00e2nia","family":"Amaral","sequence":"first","affiliation":[]}],"member":"5739","published-online":{"date-parts":[[2010,6,1]]},"container-title":["Psychologica"],"original-title":[],"link":[{"URL":"https:\/\/impactum-journals.uc.pt\/psychologica\/article\/download\/1647-8606_52-2_20\/514","content-type":"application\/pdf","content-version":"vor","intended-application":"text-mining"},{"URL":"https:\/\/impactum-journals.uc.pt\/psychologica\/article\/download\/1647-8606_52-2_20\/514","content-type":"unspecified","content-version":"vor","intended-application":"similarity-checking"}],"deposited":{"date-parts":[[2020,4,30]],"date-time":"2020-04-30T19:54:14Z","timestamp":1588276454000},"score":1,"resource":{"primary":{"URL":"https:\/\/impactum-journals.uc.pt\/psychologica\/article\/view\/1647-8606_52-2_20"}},"subtitle":[],"short-title":[],"issued":{"date-parts":[[2010,6,1]]},"references-count":0,"journal-issue":{"issue":"52-II","published-online":{"date-parts":[[2010,6,1]]}},"URL":"https:\/\/doi.org\/10.14195\/1647-8606_52-2_20","relation":{},"ISSN":["1647-8606","0871-4657"],"issn-type":[{"value":"1647-8606","type":"electronic"},{"value":"0871-4657","type":"print"}],"subject":[],"published":{"date-parts":[[2010,6,1]]}}}