{"status":"ok","message-type":"work","message-version":"1.0.0","message":{"indexed":{"date-parts":[[2022,4,1]],"date-time":"2022-04-01T16:13:37Z","timestamp":1648829617284},"reference-count":0,"publisher":"Coimbra University Press","issue":"52-II","content-domain":{"domain":[],"crossmark-restriction":false},"short-container-title":["Psychologica"],"abstract":"<jats:p>Face \u00e0 import\u00e2ncia crescente que a tem\u00e1tica da Intelig\u00eancia Emocional (IE) tem vindo a assumir na comunidade cient\u00edfica e gestion\u00e1ria, sobretudo na sua aplica\u00e7\u00e3o ao exerc\u00edcio da lideran\u00e7a, neste artigo investigamos o que \u00e9 a Intelig\u00eancia Emocional, assim como se existe apoio cient\u00edfico que permita aplicar a Intelig\u00eancia Emocional \u00e0 lideran\u00e7a, sob o ponto de vista de investiga\u00e7\u00e3o e de interven\u00e7\u00e3o. Para tal, efectuamos um enquadramento hist\u00f3rico do constructo Intelig\u00eancia Emocional, analisamos os pressupostos do modelo de Goleman (2001a, 2001b) e do modelo das capacidades da Intelig\u00eancia Emocional (Mayer, Salovey &amp; Caruso, 2008). Procedemos, tamb\u00e9m, a uma an\u00e1lise cr\u00edtica do constructo Intelig\u00eancia Emocional e, por fim, fizemos um ponto da situa\u00e7\u00e3o sobre a investiga\u00e7\u00e3o actual relativa \u00e0 aplicabilidade da Intelig\u00eancia Emocional \u00e0 lideran\u00e7a. Ap\u00f3s termos feito esta an\u00e1lise, extra\u00edmos conclus\u00f5es relativamente \u00e0 poss\u00edvel aplica\u00e7\u00e3o do constructo Intelig\u00eancia Emocional tanto para a investiga\u00e7\u00e3o como para a interven\u00e7\u00e3o em contexto organizacional, no que concerne ao exerc\u00edcio da lideran\u00e7a.<\/jats:p>","DOI":"10.14195\/1647-8606_52-2_27","type":"journal-article","created":{"date-parts":[[2015,1,7]],"date-time":"2015-01-07T14:54:08Z","timestamp":1420642448000},"page":"623-642","source":"Crossref","is-referenced-by-count":0,"title":["A intelig\u00eancia emocional: da clarifica\u00e7\u00e3o do constructo \u00e0 sua aplicabilidade ao exerc\u00edcio da lideran\u00e7a"],"prefix":"10.14195","author":[{"given":"Nuno Miguel Campos da","family":"Silva","sequence":"first","affiliation":[]},{"given":"Paulo Renato","family":"Louren\u00e7o","sequence":"first","affiliation":[]},{"given":"Carlos Ferreira","family":"Peralta","sequence":"first","affiliation":[]},{"given":"Carla Maria Santos de","family":"Carvalho","sequence":"first","affiliation":[]}],"member":"5739","published-online":{"date-parts":[[2010,6,1]]},"container-title":["Psychologica"],"original-title":[],"link":[{"URL":"https:\/\/impactum-journals.uc.pt\/psychologica\/article\/download\/1647-8606_52-2_27\/521","content-type":"application\/pdf","content-version":"vor","intended-application":"text-mining"},{"URL":"https:\/\/impactum-journals.uc.pt\/psychologica\/article\/download\/1647-8606_52-2_27\/521","content-type":"unspecified","content-version":"vor","intended-application":"similarity-checking"}],"deposited":{"date-parts":[[2020,4,30]],"date-time":"2020-04-30T19:54:08Z","timestamp":1588276448000},"score":1,"resource":{"primary":{"URL":"https:\/\/impactum-journals.uc.pt\/psychologica\/article\/view\/1647-8606_52-2_27"}},"subtitle":[],"short-title":[],"issued":{"date-parts":[[2010,6,1]]},"references-count":0,"journal-issue":{"issue":"52-II","published-online":{"date-parts":[[2010,6,1]]}},"URL":"https:\/\/doi.org\/10.14195\/1647-8606_52-2_27","relation":{},"ISSN":["1647-8606","0871-4657"],"issn-type":[{"value":"1647-8606","type":"electronic"},{"value":"0871-4657","type":"print"}],"subject":[],"published":{"date-parts":[[2010,6,1]]}}}