{"status":"ok","message-type":"work","message-version":"1.0.0","message":{"indexed":{"date-parts":[[2022,3,29]],"date-time":"2022-03-29T03:11:07Z","timestamp":1648523467922},"reference-count":0,"publisher":"Coimbra University Press","issue":"52-II","content-domain":{"domain":[],"crossmark-restriction":false},"short-container-title":["Psychologica"],"abstract":"<jats:p>Este artigo apresenta uma reflex\u00e3o sobre um dos fen\u00f3menos que mais tem inquietado a sociedade actual - o desemprego, considerando e clarificando conceitos a este fen\u00f3meno associados. Assim, proceder-se-\u00e1 a uma breve incurs\u00e3o sobre a emerg\u00eancia do problema, isto \u00e9, \u00e0 conjuntura socioecon\u00f3mica da actualidade, analisando as muta\u00e7\u00f5es de que o conceito de carreira se tem revestido. Na tentativa de compreender de que se fala, quando se incide sobre a tem\u00e1tica do desemprego, procurar-se-\u00e1 descrever o impacto quer do desemprego, quer da inseguran\u00e7a laboral nos indiv\u00edduos, explorando e apresentando os principais contributos da literatura para a compreens\u00e3o da popula\u00e7\u00e3o desempregada. Consequentemente, corroborando a centralidade que o trabalho assume na vida dos indiv\u00edduos, enquanto promotor da organiza\u00e7\u00e3o pessoal e social, \u00e9 tamb\u00e9m prop\u00f3sito deste artigo enunciar, com base na revis\u00e3o da literatura, alguns mediadores promotores da reinser\u00e7\u00e3o profissional das pessoas desempregadas, pretendendo contribuir para a compreens\u00e3o dos processos psicossociais envolvidos na estimula\u00e7\u00e3o da pro-actividade na procura de emprego e consequente reinser\u00e7\u00e3o profissional.<\/jats:p>","DOI":"10.14195\/1647-8606_52-2_28","type":"journal-article","created":{"date-parts":[[2015,1,7]],"date-time":"2015-01-07T14:54:08Z","timestamp":1420642448000},"page":"643-671","source":"Crossref","is-referenced-by-count":0,"title":["Contributos para a compreens\u00e3o da popula\u00e7\u00e3o desempregada: o papel dos padr\u00f5es de cren\u00e7as motivacionais"],"prefix":"10.14195","author":[{"given":"Joaquim Armando","family":"Ferreira","sequence":"first","affiliation":[]},{"given":"Raquel Azevedo","family":"Freitas","sequence":"first","affiliation":[]},{"given":"Rafaela Maroto","family":"Costa","sequence":"first","affiliation":[]},{"given":"Eduardo Ribeiro dos","family":"Santos","sequence":"first","affiliation":[]}],"member":"5739","published-online":{"date-parts":[[2010,6,1]]},"container-title":["Psychologica"],"original-title":[],"link":[{"URL":"https:\/\/impactum-journals.uc.pt\/psychologica\/article\/download\/1647-8606_52-2_28\/522","content-type":"application\/pdf","content-version":"vor","intended-application":"text-mining"},{"URL":"https:\/\/impactum-journals.uc.pt\/psychologica\/article\/download\/1647-8606_52-2_28\/522","content-type":"unspecified","content-version":"vor","intended-application":"similarity-checking"}],"deposited":{"date-parts":[[2020,4,30]],"date-time":"2020-04-30T19:54:07Z","timestamp":1588276447000},"score":1,"resource":{"primary":{"URL":"https:\/\/impactum-journals.uc.pt\/psychologica\/article\/view\/1647-8606_52-2_28"}},"subtitle":[],"short-title":[],"issued":{"date-parts":[[2010,6,1]]},"references-count":0,"journal-issue":{"issue":"52-II","published-online":{"date-parts":[[2010,6,1]]}},"URL":"https:\/\/doi.org\/10.14195\/1647-8606_52-2_28","relation":{},"ISSN":["1647-8606","0871-4657"],"issn-type":[{"value":"1647-8606","type":"electronic"},{"value":"0871-4657","type":"print"}],"subject":[],"published":{"date-parts":[[2010,6,1]]}}}