{"status":"ok","message-type":"work","message-version":"1.0.0","message":{"indexed":{"date-parts":[[2022,4,5]],"date-time":"2022-04-05T07:44:48Z","timestamp":1649144688790},"reference-count":0,"publisher":"Coimbra University Press","issue":"52-II","content-domain":{"domain":[],"crossmark-restriction":false},"short-container-title":["Psychologica"],"abstract":"<jats:p>O sistema prisional e os processos inerentes ao mesmo ainda s\u00e3o um tema pouco explorado e abordado no nosso pa\u00eds, come\u00e7am-se a dar os primeiros passos na compreens\u00e3o n\u00e3o s\u00f3 do sistema punidor e ressocializador em si, como tamb\u00e9m procura compreender as din\u00e2micas envolvidas: o recluso, adapta\u00e7\u00e3o deste, a delinqu\u00eancia, a personalidade anti-social, o crime, a puni\u00e7\u00e3o. A presente investiga\u00e7\u00e3o, procurou atrav\u00e9s de uma abordagem qualitativa compreender as percep\u00e7\u00f5es e opini\u00f5es de um conjunto de reclusos quanto \u00e0 sua experi\u00eancia de vida na transi\u00e7\u00e3o de um meio livre para um meio totalit\u00e1rio, e o ajustamento diferenciado que cada recluso fez. Atrav\u00e9s de um gui\u00e3o de entrevista semi-estruturado procuramos analisar seis grandes dimens\u00f5es (estado de sa\u00fade, situa\u00e7\u00e3o familiar, suporte social intra-pris\u00e3o, pris\u00e3o actual, transi\u00e7\u00e3o e ajustamento, projectos futuros e resili\u00eancia) e as viv\u00eancias de cada recluso nestas dimens\u00f5es. Verificamos que cada caso \u00e9 um caso, e para interpretar a opini\u00e3o de cada recluso temos que ter em considera\u00e7\u00e3o v\u00e1rios factores, entre eles o factor familiar, factor institucional, as caracter\u00edsticas individuais de cada um, a hist\u00f3ria de desenvolvimento, o tipo de crime, a percep\u00e7\u00e3o que cada recluso tem do mesmo, o cumprimento de pena. S\u00f3 depois de uma an\u00e1lise e uma abordagem total ao \u201cSelf\u201d \u00e9 que poderemos tentar compreender o indiv\u00edduo no seu todo e a sua adapta\u00e7\u00e3o \u00e0 pris\u00e3o.<\/jats:p>","DOI":"10.14195\/1647-8606_52-2_9","type":"journal-article","created":{"date-parts":[[2015,1,7]],"date-time":"2015-01-07T14:54:08Z","timestamp":1420642448000},"page":"209-241","source":"Crossref","is-referenced-by-count":0,"title":["Transi\u00e7\u00e3o e ajustamento de reclusos ao estabelecimento prisional"],"prefix":"10.14195","author":[{"given":"Filipa Alexandra Grilo","family":"Novais","sequence":"first","affiliation":[]},{"given":"Joaquim Armando","family":"Ferreira","sequence":"first","affiliation":[]},{"given":"Eduardo Ribeiro dos","family":"Santos","sequence":"first","affiliation":[]}],"member":"5739","published-online":{"date-parts":[[2010,6,1]]},"container-title":["Psychologica"],"original-title":[],"link":[{"URL":"https:\/\/impactum-journals.uc.pt\/psychologica\/article\/download\/1647-8606_52-2_9\/503","content-type":"application\/pdf","content-version":"vor","intended-application":"text-mining"},{"URL":"https:\/\/impactum-journals.uc.pt\/psychologica\/article\/download\/1647-8606_52-2_9\/503","content-type":"unspecified","content-version":"vor","intended-application":"similarity-checking"}],"deposited":{"date-parts":[[2020,4,30]],"date-time":"2020-04-30T19:54:42Z","timestamp":1588276482000},"score":1,"resource":{"primary":{"URL":"https:\/\/impactum-journals.uc.pt\/psychologica\/article\/view\/1647-8606_52-2_9"}},"subtitle":[],"short-title":[],"issued":{"date-parts":[[2010,6,1]]},"references-count":0,"journal-issue":{"issue":"52-II","published-online":{"date-parts":[[2010,6,1]]}},"URL":"https:\/\/doi.org\/10.14195\/1647-8606_52-2_9","relation":{},"ISSN":["1647-8606","0871-4657"],"issn-type":[{"value":"1647-8606","type":"electronic"},{"value":"0871-4657","type":"print"}],"subject":[],"published":{"date-parts":[[2010,6,1]]}}}