{"status":"ok","message-type":"work","message-version":"1.0.0","message":{"indexed":{"date-parts":[[2022,4,1]],"date-time":"2022-04-01T04:32:02Z","timestamp":1648787522923},"reference-count":0,"publisher":"Coimbra University Press","issue":"2","content-domain":{"domain":[],"crossmark-restriction":false},"short-container-title":["Psychologica"],"abstract":"<jats:p>A reabilita\u00e7\u00e3o ap\u00f3s les\u00e3o cerebral adquirida (LCA) pretende aumentar a funcionalidade do indiv\u00edduo, promovendo a sua Qualidade de Vida (QdV). O objetivo deste estudo \u00e9 avaliar o impacto de um programa hol\u00edstico de reabilita\u00e7\u00e3o neuropsicol\u00f3gica (PHRN) nas dimens\u00f5es da QdV. Participaram 20 pessoas com LCA, m\u00e9dia de idades 30 anos (DP = 7.62). Os participantes foram avaliados pr\u00e9 e p\u00f3s interven\u00e7\u00e3o, com intervalo de seis meses, utilizando-se o Quality of Life After Brain Injury (QOLIBRI). Para a an\u00e1lise usamos o t-test para amostras emparelhadas, com p corrigido para compara\u00e7\u00f5es m\u00faltiplas. Verificam-se resultados significativos ap\u00f3s a interven\u00e7\u00e3o em todas as dimens\u00f5es: total [t(19) = -4.59, p &lt; .001], cognitiva [t(19) = -2.31, p = .003], self [t(19) =-5.76, p &lt; .001], AVD (atividades de vida di\u00e1ria) [t(19) = -3.18, p = .001], social [t(19) = -1.29, p = .001], emocional [t(19) = -1.85, p = .001], com exce\u00e7\u00e3o da dimens\u00e3o f\u00edsico [t(19) = -1.78, p = .01]. Os resultados sugerem que a interven\u00e7\u00e3o com o PHRN promove a QdV das pessoas com LCA.<\/jats:p>","DOI":"10.14195\/1647-8606_58-2_4","type":"journal-article","created":{"date-parts":[[2016,8,2]],"date-time":"2016-08-02T14:46:25Z","timestamp":1470149185000},"page":"61-74","source":"Crossref","is-referenced-by-count":0,"title":["Impacto de um programa hol\u00edstico de reabilita\u00e7\u00e3o neuropsicol\u00f3gica na qualidade de vida de pessoas com les\u00e3o cerebral adquirida"],"prefix":"10.14195","volume":"58","author":[{"given":"Isabel","family":"Almeida","sequence":"first","affiliation":[]},{"given":"Sandra","family":"Guerreiro","sequence":"first","affiliation":[]},{"given":"Benedita","family":"Martins-Rocha","sequence":"first","affiliation":[]},{"given":"Artemisa Rocha","family":"Dores","sequence":"first","affiliation":[]},{"given":"Selene G.","family":"Vicente","sequence":"first","affiliation":[]},{"given":"Fernando","family":"Barbosa","sequence":"first","affiliation":[]},{"given":"Alexandre","family":"Castro-Caldas","sequence":"first","affiliation":[]}],"member":"5739","published-online":{"date-parts":[[2016,8,22]]},"container-title":["Psychologica"],"original-title":[],"link":[{"URL":"https:\/\/impactum-journals.uc.pt\/psychologica\/article\/download\/1647-8606_58-2_4\/2431","content-type":"application\/pdf","content-version":"vor","intended-application":"text-mining"},{"URL":"https:\/\/impactum-journals.uc.pt\/psychologica\/article\/download\/1647-8606_58-2_4\/2431","content-type":"unspecified","content-version":"vor","intended-application":"similarity-checking"}],"deposited":{"date-parts":[[2020,5,4]],"date-time":"2020-05-04T09:15:54Z","timestamp":1588583754000},"score":1,"resource":{"primary":{"URL":"https:\/\/impactum-journals.uc.pt\/psychologica\/article\/view\/1647-8606_58-2_4"}},"subtitle":[],"short-title":[],"issued":{"date-parts":[[2016,8,22]]},"references-count":0,"journal-issue":{"issue":"2","published-online":{"date-parts":[[2016,9,1]]}},"URL":"https:\/\/doi.org\/10.14195\/1647-8606_58-2_4","relation":{},"ISSN":["1647-8606","0871-4657"],"issn-type":[{"value":"1647-8606","type":"electronic"},{"value":"0871-4657","type":"print"}],"subject":[],"published":{"date-parts":[[2016,8,22]]}}}