{"status":"ok","message-type":"work","message-version":"1.0.0","message":{"indexed":{"date-parts":[[2022,3,29]],"date-time":"2022-03-29T06:51:49Z","timestamp":1648536709474},"reference-count":0,"publisher":"Coimbra University Press","content-domain":{"domain":[],"crossmark-restriction":false},"short-container-title":["RPP"],"abstract":"<jats:p>Apresenta-se um estudo sobre a contribui\u00e7\u00e3o da forma\u00e7\u00e3o inicial para a constru\u00e7\u00e3o do perfil profissional dos educadores de inf\u00e2ncia. Na abordagem emp\u00edrica realizada procurou-se conhecer a percep\u00e7\u00e3o dos futuros educadores relativamente \u00e0 contribui\u00e7\u00e3o do curso de forma\u00e7\u00e3o inicial, na globalidade e nas suas principais componentes, para o dom\u00ednio do perfil profissional definido pela tutela. Os resultados obtidos em tr\u00eas Escolas Superiores de Educa\u00e7\u00e3o revelam a preval\u00eancia de percep\u00e7\u00f5es positivas face ao processo de forma\u00e7\u00e3o, destacando-se a import\u00e2ncia atribu\u00edda \u00e0 componente de pr\u00e1tica pedag\u00f3gica.<\/jats:p>","DOI":"10.14195\/1647-8614_43-1_6","type":"journal-article","created":{"date-parts":[[2014,6,27]],"date-time":"2014-06-27T14:09:18Z","timestamp":1403878158000},"page":"125-142","source":"Crossref","is-referenced-by-count":0,"title":["Contribui\u00e7\u00e3o da forma\u00e7\u00e3o inicial para a constru\u00e7\u00e3o do perfil profissional dos educadores de inf\u00e2ncia: percep\u00e7\u00f5es de futuros educadores"],"prefix":"10.14195","author":[{"given":"Maria Adelaide","family":"Precatado","sequence":"first","affiliation":[]},{"given":"Maria Helena","family":"Dami\u00e3o","sequence":"first","affiliation":[]},{"given":"Maria Augusta","family":"Nascimento","sequence":"first","affiliation":[]}],"member":"5739","published-online":{"date-parts":[[2009,1,1]]},"container-title":["Revista Portuguesa de Pedagogia"],"original-title":[],"link":[{"URL":"https:\/\/impactum-journals.uc.pt\/rppedagogia\/article\/download\/1647-8614_43-1_6\/710","content-type":"application\/pdf","content-version":"vor","intended-application":"text-mining"},{"URL":"https:\/\/impactum-journals.uc.pt\/rppedagogia\/article\/download\/1647-8614_43-1_6\/710","content-type":"unspecified","content-version":"vor","intended-application":"similarity-checking"}],"deposited":{"date-parts":[[2020,5,4]],"date-time":"2020-05-04T12:49:51Z","timestamp":1588596591000},"score":1,"resource":{"primary":{"URL":"https:\/\/impactum-journals.uc.pt\/rppedagogia\/article\/view\/1647-8614_43-1_6"}},"subtitle":[],"short-title":[],"issued":{"date-parts":[[2009,1,1]]},"references-count":0,"URL":"https:\/\/doi.org\/10.14195\/1647-8614_43-1_6","relation":{},"ISSN":["1647-8614","0870-418X"],"issn-type":[{"value":"1647-8614","type":"electronic"},{"value":"0870-418X","type":"print"}],"subject":[],"published":{"date-parts":[[2009,1,1]]}}}