{"status":"ok","message-type":"work","message-version":"1.0.0","message":{"indexed":{"date-parts":[[2022,4,2]],"date-time":"2022-04-02T04:29:22Z","timestamp":1648873762116},"reference-count":0,"publisher":"Coimbra University Press","content-domain":{"domain":[],"crossmark-restriction":false},"short-container-title":["RPP"],"abstract":"<jats:p>Apresenta-se um estudo que incide na Inspec\u00e7\u00e3o no \u00e2mbito da Educa\u00e7\u00e3o Pr\u00e9-Escolar, e como qual se procurou conhecer as percep\u00e7\u00f5es que os educadores de inf\u00e2ncia t\u00eam da fun\u00e7\u00e3o e da actua\u00e7\u00e3o desta entidade, mais concretamente ao n\u00edvel da actividade Gest\u00e3o Curricular e Integra\u00e7\u00e3o de Alunos da Educa\u00e7\u00e3o Pr\u00e9-Escolar e do 1\u00ba. Ciclo. Tal estudo, que recorreu predominantemente a uma abordagem quantitativa, apoiou-se num question\u00e1rio constru\u00eddo para o efeito e envolveu 105 educadores de inf\u00e2ncia, de 15 Agrupamentos de Escolas intervencionados pela Inspec\u00e7\u00e3o. Os resultados obtidos revelam que, globalmente, estes docentes caracterizam a actua\u00e7\u00e3o da Inspec\u00e7\u00e3o como sendo predominantemente de Acompanhamento, valorizando, na actua\u00e7\u00e3o desta entidade, a aten\u00e7\u00e3o prestada aos documentos de Planifica\u00e7\u00e3o da Ac\u00e7\u00e3o Educativa e aos aspectos relativos \u00e0 Gest\u00e3o do Curr\u00edculo. Contudo, denotam reservas relativamente \u00e0 utilidade da informa\u00e7\u00e3o disponibilizada no Relat\u00f3rio S\u00edntese da Inspec\u00e7\u00e3o, no sentido da melhoria dos aspectos referidos.<\/jats:p>","DOI":"10.14195\/1647-8614_44-2_6","type":"journal-article","created":{"date-parts":[[2014,6,24]],"date-time":"2014-06-24T14:35:43Z","timestamp":1403620543000},"page":"93-105","source":"Crossref","is-referenced-by-count":0,"title":["Fun\u00e7\u00e3o de Acompanhamento da Inspec\u00e7\u00e3o-Geral da Educa\u00e7\u00e3o: Percep\u00e7\u00f5es de Educadores de Inf\u00e2ncia"],"prefix":"10.14195","author":[{"given":"Ana Rita","family":"Fonseca","sequence":"first","affiliation":[]},{"given":"Maria Helena","family":"Dami\u00e3o","sequence":"first","affiliation":[]},{"given":"Maria Augusta","family":"Nascimento","sequence":"first","affiliation":[]}],"member":"5739","published-online":{"date-parts":[[2010,12,1]]},"container-title":["Revista Portuguesa de Pedagogia"],"original-title":[],"link":[{"URL":"https:\/\/impactum-journals.uc.pt\/rppedagogia\/article\/download\/1647-8614_44-2_6\/734","content-type":"application\/pdf","content-version":"vor","intended-application":"text-mining"},{"URL":"https:\/\/impactum-journals.uc.pt\/rppedagogia\/article\/download\/1647-8614_44-2_6\/734","content-type":"unspecified","content-version":"vor","intended-application":"similarity-checking"}],"deposited":{"date-parts":[[2020,5,4]],"date-time":"2020-05-04T12:55:09Z","timestamp":1588596909000},"score":1,"resource":{"primary":{"URL":"https:\/\/impactum-journals.uc.pt\/rppedagogia\/article\/view\/1647-8614_44-2_6"}},"subtitle":[],"short-title":[],"issued":{"date-parts":[[2010,12,1]]},"references-count":0,"URL":"https:\/\/doi.org\/10.14195\/1647-8614_44-2_6","relation":{},"ISSN":["1647-8614","0870-418X"],"issn-type":[{"value":"1647-8614","type":"electronic"},{"value":"0870-418X","type":"print"}],"subject":[],"published":{"date-parts":[[2010,12,1]]}}}