{"status":"ok","message-type":"work","message-version":"1.0.0","message":{"indexed":{"date-parts":[[2022,4,4]],"date-time":"2022-04-04T08:53:38Z","timestamp":1649062418059},"reference-count":0,"publisher":"Coimbra University Press","issue":"52-1","license":[{"start":{"date-parts":[[2018,7,1]],"date-time":"2018-07-01T00:00:00Z","timestamp":1530403200000},"content-version":"unspecified","delay-in-days":0,"URL":"http:\/\/creativecommons.org\/licenses\/by\/4.0"}],"content-domain":{"domain":[],"crossmark-restriction":false},"short-container-title":["RPP"],"abstract":"<jats:p>Admitindo que o valor educativo da poesia decorre da resposta que as caracter\u00edsticas espec\u00edficas deste texto desencadeiam nos leitores \u2013 a literariedade \u2013, defende-se uma abordagem pedag\u00f3gica que incida na promo\u00e7\u00e3o dos tr\u00eas n\u00edveis dessa resposta: foregrounding, desfamiliariza\u00e7\u00e3o e transforma\u00e7\u00e3o de conceitos e sentimentos. Assim, foi elaborado um programa com o objetivo de promover esta resposta. Atrav\u00e9s de um design quase-experimental, foramcriadas tr\u00eas condi\u00e7\u00f5es, em que participaram 9 professores e 158 alunos do 4.\u00ba ano de escolaridade. Os resultados apontam para a superioridade do grupo que participou no programa, relativamente \u00e0 transforma\u00e7\u00e3o de conceitos e sentimentos. Os alunos que leram os textos mas que n\u00e3o seguiram o programa n\u00e3o apresentaram qualquer melhoria relativamente a um grupo a quem apenas foi recomendado que respeitasse as orienta\u00e7\u00f5es curriculares, o que indicia que a mera exposi\u00e7\u00e3o \u00e0 poesia n\u00e3o \u00e9 suficiente para desencadear a resposta adequada.<\/jats:p>","DOI":"10.14195\/1647-8614_52-1_5","type":"journal-article","created":{"date-parts":[[2018,7,31]],"date-time":"2018-07-31T10:30:46Z","timestamp":1533033046000},"source":"Crossref","is-referenced-by-count":0,"title":["Educa\u00e7\u00e3o Po\u00e9tica: Um Programa para o 1.\u00ba Ciclo do Ensino B\u00e1sico"],"prefix":"10.14195","author":[{"given":"Jo\u00e3o Manuel","family":"Ribeiro","sequence":"first","affiliation":[]},{"given":"Isabel","family":"Festas","sequence":"first","affiliation":[]},{"given":"Maria Helena","family":"Dami\u00e3o","sequence":"first","affiliation":[]}],"member":"5739","published-online":{"date-parts":[[2018,7,1]]},"container-title":["Revista Portuguesa de Pedagogia"],"original-title":[],"link":[{"URL":"https:\/\/impactum-journals.uc.pt\/rppedagogia\/article\/download\/1647-8614_52-1_5\/4837","content-type":"application\/pdf","content-version":"vor","intended-application":"text-mining"},{"URL":"https:\/\/impactum-journals.uc.pt\/rppedagogia\/article\/download\/1647-8614_52-1_5\/4837","content-type":"unspecified","content-version":"vor","intended-application":"similarity-checking"}],"deposited":{"date-parts":[[2020,5,4]],"date-time":"2020-05-04T12:43:12Z","timestamp":1588596192000},"score":1,"resource":{"primary":{"URL":"https:\/\/impactum-journals.uc.pt\/rppedagogia\/article\/view\/1647-8614_52-1_5"}},"subtitle":[],"short-title":[],"issued":{"date-parts":[[2018,7,1]]},"references-count":0,"journal-issue":{"issue":"52-1","published-online":{"date-parts":[[2018,7,1]]}},"URL":"https:\/\/doi.org\/10.14195\/1647-8614_52-1_5","relation":{},"ISSN":["1647-8614","0870-418X"],"issn-type":[{"value":"1647-8614","type":"electronic"},{"value":"0870-418X","type":"print"}],"subject":[],"published":{"date-parts":[[2018,7,1]]}}}