{"status":"ok","message-type":"work","message-version":"1.0.0","message":{"indexed":{"date-parts":[[2022,4,4]],"date-time":"2022-04-04T18:33:04Z","timestamp":1649097184131},"reference-count":0,"publisher":"Coimbra University Press","content-domain":{"domain":[],"crossmark-restriction":false},"short-container-title":["RPP"],"abstract":"<jats:p>\u00c9 manifesta a aceita\u00e7\u00e3o que a perspectiva da pr\u00e1tica reflexiva tem tido na \u00e1rea do ensino e da forma\u00e7\u00e3o de professores entre acad\u00e9micos, decisores de pol\u00edticas educativas e profissionais. Tal aceita\u00e7\u00e3o a que n\u00e3o ser\u00e1 alheio o entusiasmo com que tem sido apresentado pelos seus teorizadores nem o car\u00e1cter inovador que lhe atribuem, parece retrair o debate sobre o seu sentido e fundamentos, bem como a investiga\u00e7\u00e3o sobre a sua efic\u00e1cia. No presente texto procuramos trazer a lume essa quest\u00e3o, como ponto de partida para uma discuss\u00e3o mais profunda que urge realizar no quadro da pedagogia.<\/jats:p>","DOI":"10.14195\/1647-8614_extra-2011_35","type":"journal-article","created":{"date-parts":[[2020,5,4]],"date-time":"2020-05-04T13:04:18Z","timestamp":1588597458000},"page":"455-466","source":"Crossref","is-referenced-by-count":0,"title":["Algumas Considera\u00e7\u00f5es de Ordem Cr\u00edtica \u00e0 Perspectiva da Pr\u00e1tica Reflexiva"],"prefix":"10.14195","author":[{"given":"Maria Helena Dami\u00e3o","family":"Silva","sequence":"first","affiliation":[]}],"member":"5739","published-online":{"date-parts":[[2011,1,1]]},"container-title":["Revista Portuguesa de Pedagogia"],"original-title":[],"link":[{"URL":"https:\/\/impactum-journals.uc.pt\/rppedagogia\/article\/download\/1647-8614_Extra-2011_35\/783","content-type":"application\/pdf","content-version":"vor","intended-application":"text-mining"},{"URL":"https:\/\/impactum-journals.uc.pt\/rppedagogia\/article\/download\/1647-8614_Extra-2011_35\/783","content-type":"unspecified","content-version":"vor","intended-application":"similarity-checking"}],"deposited":{"date-parts":[[2020,5,4]],"date-time":"2020-05-04T13:04:25Z","timestamp":1588597465000},"score":1,"resource":{"primary":{"URL":"https:\/\/impactum-journals.uc.pt\/rppedagogia\/article\/view\/1647-8614_Extra-2011_35"}},"subtitle":[],"short-title":[],"issued":{"date-parts":[[2011,1,1]]},"references-count":0,"URL":"https:\/\/doi.org\/10.14195\/1647-8614_extra-2011_35","relation":{},"ISSN":["1647-8614","0870-418X"],"issn-type":[{"value":"1647-8614","type":"electronic"},{"value":"0870-418X","type":"print"}],"subject":[],"published":{"date-parts":[[2011,1,1]]}}}