{"status":"ok","message-type":"work","message-version":"1.0.0","message":{"indexed":{"date-parts":[[2022,4,5]],"date-time":"2022-04-05T02:00:22Z","timestamp":1649124022524},"reference-count":0,"publisher":"Coimbra University Press","issue":"14","content-domain":{"domain":[],"crossmark-restriction":false},"short-container-title":["Estudos S\u00e9c. XX"],"published-print":{"date-parts":[[2014]]},"DOI":"10.14195\/1647-8622_14_18","type":"journal-article","created":{"date-parts":[[2015,7,6]],"date-time":"2015-07-06T05:07:22Z","timestamp":1436159242000},"page":"359-377","source":"Crossref","is-referenced-by-count":0,"title":["Contextualising learning: representation in the school textbooks of Milieu Studies"],"prefix":"10.14195","author":[{"given":"Maria Jos\u00e9","family":"Moleiro","sequence":"first","affiliation":[]},{"given":"Maria Helena","family":"Dami\u00e3o","sequence":"additional","affiliation":[]},{"given":"Maria Isabel Ferraz","family":"Festas","sequence":"additional","affiliation":[]}],"member":"5739","published-online":{"date-parts":[[2014]]},"container-title":["Revista Estudos do S\u00e9culo XX"],"original-title":["Contextualiza\u00e7\u00e3o da aprendizagem: sua representa\u00e7\u00e3o em manuais escolares de Estudo do Meio"],"language":"pt","deposited":{"date-parts":[[2015,7,6]],"date-time":"2015-07-06T05:07:52Z","timestamp":1436159272000},"score":1,"resource":{"primary":{"URL":"https:\/\/digitalis.uc.pt\/handle\/10316.2\/36844"}},"subtitle":[],"short-title":[],"issued":{"date-parts":[[2014]]},"references-count":0,"journal-issue":{"issue":"14","published-online":{"date-parts":[[2014]]},"published-print":{"date-parts":[[2014]]}},"URL":"https:\/\/doi.org\/10.14195\/1647-8622_14_18","relation":{},"ISSN":["1647-8622","1645-3530"],"issn-type":[{"value":"1647-8622","type":"electronic"},{"value":"1645-3530","type":"print"}],"subject":[],"published":{"date-parts":[[2014]]}}}