{"status":"ok","message-type":"work","message-version":"1.0.0","message":{"indexed":{"date-parts":[[2024,7,11]],"date-time":"2024-07-11T02:19:56Z","timestamp":1720664396861},"reference-count":0,"publisher":"Coimbra University Press","issue":"20","license":[{"start":{"date-parts":[[2020,12,31]],"date-time":"2020-12-31T00:00:00Z","timestamp":1609372800000},"content-version":"unspecified","delay-in-days":0,"URL":"http:\/\/creativecommons.org\/licenses\/by\/4.0"}],"content-domain":{"domain":[],"crossmark-restriction":false},"short-container-title":["Estudos do S\u00e9culo XX"],"abstract":"<jats:p>Na segunda metade do s\u00e9culo passado o cientista social norte-americano Wright Mills1 cunhou a distin\u00e7\u00e3o entre o que chamou de \u201cperturba\u00e7\u00e3o privada\u201d (private trouble) e \u201cquest\u00e3o p\u00fablica\u201d (public issue). As ditas perturba\u00e7\u00f5es diriam respeito ao car\u00e1ter do indiv\u00edduo e \u00e0s rela\u00e7\u00f5es imediatas deste com os outros. Est\u00e3o, assim, relacionadas com seu pr\u00f3prio self e com as zonas proximais da vida social que lhe dizem respeito mais diretamente. J\u00e1 as quest\u00f5es p\u00fablicas transcenderiam os ambientes e os locais do indiv\u00edduo e da sua vida mais \u00edntima. Remeter-nos-iam para um ambiente social historicamente determinado, composto pela interpenetra\u00e7\u00e3o de um avassalador n\u00famero de ambientes pessoais e locais, e pela sua inser\u00e7\u00e3o numa estrutura de vida social hist\u00f3rica, numa perspectiva de totalidade.<\/jats:p>","DOI":"10.14195\/1647-8622_20_9","type":"journal-article","created":{"date-parts":[[2020,12,31]],"date-time":"2020-12-31T17:14:53Z","timestamp":1609434893000},"page":"183-210","source":"Crossref","is-referenced-by-count":3,"title":["Desgaste, Condi\u00e7\u00f5es de Vida e Trabalho em Portugal: uma perspetiva multidisciplinar"],"prefix":"10.14195","author":[{"given":"Raquel","family":"Varela","sequence":"first","affiliation":[]},{"given":"Roberto","family":"Della Santa","sequence":"additional","affiliation":[]},{"given":"Henrique M.","family":"Oliveira","sequence":"additional","affiliation":[]},{"given":"Ant\u00f3nio Coimbra","family":"De Matos","sequence":"additional","affiliation":[]},{"given":"Roberto","family":"Leher","sequence":"additional","affiliation":[]},{"given":"Jo\u00e3o","family":"Areosa","sequence":"additional","affiliation":[]}],"member":"5739","published-online":{"date-parts":[[2020,12,31]]},"container-title":["Revista Estudos do S\u00e9culo XX"],"original-title":[],"link":[{"URL":"https:\/\/impactum-journals.uc.pt\/estudossecxx\/article\/download\/9287\/7021","content-type":"application\/pdf","content-version":"vor","intended-application":"text-mining"},{"URL":"https:\/\/impactum-journals.uc.pt\/estudossecxx\/article\/download\/9287\/7021","content-type":"unspecified","content-version":"vor","intended-application":"similarity-checking"}],"deposited":{"date-parts":[[2020,12,31]],"date-time":"2020-12-31T17:14:53Z","timestamp":1609434893000},"score":1,"resource":{"primary":{"URL":"https:\/\/impactum-journals.uc.pt\/estudossecxx\/article\/view\/9287"}},"subtitle":[],"short-title":[],"issued":{"date-parts":[[2020,12,31]]},"references-count":0,"journal-issue":{"issue":"20","published-online":{"date-parts":[[2020,12,31]]}},"URL":"https:\/\/doi.org\/10.14195\/1647-8622_20_9","relation":{},"ISSN":["1647-8622","1645-3530"],"issn-type":[{"value":"1647-8622","type":"electronic"},{"value":"1645-3530","type":"print"}],"subject":[],"published":{"date-parts":[[2020,12,31]]}}}