{"status":"ok","message-type":"work","message-version":"1.0.0","message":{"indexed":{"date-parts":[[2025,8,26]],"date-time":"2025-08-26T14:40:25Z","timestamp":1756219225457,"version":"3.44.0"},"reference-count":0,"publisher":"Coimbra University Press","issue":"24","license":[{"start":{"date-parts":[[2009,7,1]],"date-time":"2009-07-01T00:00:00Z","timestamp":1246406400000},"content-version":"unspecified","delay-in-days":0,"URL":"http:\/\/creativecommons.org\/licenses\/by\/4.0"}],"content-domain":{"domain":[],"crossmark-restriction":false},"short-container-title":["RevCEDOUA"],"abstract":"<jats:p>O Projecto RENCOASTAL, Regula\u00e7\u00f5es e Conflitos Ambientais Devido \u00e0 Eros\u00e3o Costeira (PTDC\/CS-SOC\/103202\/2008) \u00e9 um projecto de investiga\u00e7\u00e3o financiado pela Funda\u00e7\u00e3o para a Ci\u00eancia e Tecnologia, promovido pelo Laborat\u00f3rio Nacional de Engenharia Civil em parceria com a Faculdade de Ci\u00eancias Sociais e Humanas da Universidade Nova de Lisboa. O Projecto RENCOASTAL explora as contradi\u00e7\u00f5es entre os modelos de desenvolvimento e as regula\u00e7\u00f5es ambientais, tendo como objectivo principal contribuir para uma gest\u00e3o integrada das zonas costeiras continentais portuguesas. O projecto, iniciado nos come\u00e7os de 2010 e com termo previsto para 2013, apura nesta fase da sua execu\u00e7\u00e3o as homogeneidades e diferen\u00e7as socioecon\u00f3micas e ambientais das zonas costeiras continentais portuguesas, com recurso a t\u00e9cnicas descritivas e \u00e0 selec\u00e7\u00e3o de casos de estudo.<\/jats:p>","DOI":"10.14195\/2182-2387_24_8","type":"journal-article","created":{"date-parts":[[2015,10,21]],"date-time":"2015-10-21T05:50:08Z","timestamp":1445406608000},"page":"119-126","source":"Crossref","is-referenced-by-count":1,"title":["Zonas costeiras continentais portuguesas: Quest\u00f5es pr\u00e9vias sobre a ecologia humana das zonas costeiras e os conflitos pelo uso e a regula\u00e7\u00e3o dos territ\u00f3rios"],"prefix":"10.14195","author":[{"given":"Jo\u00e3o","family":"Lutas Craveiro","sequence":"first","affiliation":[]},{"given":"Iva","family":"Miranda Pires","sequence":"additional","affiliation":[]},{"given":"Isabel","family":"Duarte de Almeida","sequence":"additional","affiliation":[]},{"given":"\u00d3scar","family":"Emanuel Antunes","sequence":"additional","affiliation":[]}],"member":"5739","published-online":{"date-parts":[[2009,7,1]]},"container-title":["RevCEDOUA"],"original-title":[],"link":[{"URL":"https:\/\/impactum-journals.uc.pt\/index.php\/revcedoua\/article\/download\/16743\/11239","content-type":"application\/pdf","content-version":"vor","intended-application":"text-mining"},{"URL":"https:\/\/impactum-journals.uc.pt\/index.php\/revcedoua\/article\/download\/16743\/11239","content-type":"unspecified","content-version":"vor","intended-application":"similarity-checking"}],"deposited":{"date-parts":[[2025,8,26]],"date-time":"2025-08-26T14:13:12Z","timestamp":1756217592000},"score":1,"resource":{"primary":{"URL":"https:\/\/impactum-journals.uc.pt\/index.php\/revcedoua\/article\/view\/16743"}},"subtitle":[],"short-title":[],"issued":{"date-parts":[[2009,7,1]]},"references-count":0,"journal-issue":{"issue":"24","published-online":{"date-parts":[[2009,7,1]]}},"URL":"https:\/\/doi.org\/10.14195\/2182-2387_24_8","relation":{},"ISSN":["0874-1093","2182-2387"],"issn-type":[{"type":"electronic","value":"0874-1093"},{"type":"print","value":"2182-2387"}],"subject":[],"published":{"date-parts":[[2009,7,1]]}}}