{"status":"ok","message-type":"work","message-version":"1.0.0","message":{"indexed":{"date-parts":[[2025,2,21]],"date-time":"2025-02-21T21:31:22Z","timestamp":1740173482882,"version":"3.37.3"},"reference-count":0,"publisher":"Coimbra University Press","issue":"35","content-domain":{"domain":[],"crossmark-restriction":false},"short-container-title":["Antrop. Port."],"abstract":"<jats:p>A osteoporose \u00e9 uma patologia metab\u00f3lica \u00f3ssea com maior incid\u00eancia nas mulheres p\u00f3s-menop\u00e1usicas e nas camadas mais idosas das popula\u00e7\u00f5es atuais. Caracteriza-se pelo decr\u00e9scimo da massa e da resist\u00eancia \u00f3sseas, com aumento subsequente do risco de fratura. No presente trabalho, prop\u00f5e-se, como objetivo principal, a compreens\u00e3o dos padr\u00f5es epidemiol\u00f3gicos da perda de massa \u00f3ssea cortical numa amostra de indiv\u00edduos pertencente \u00e0 Cole\u00e7\u00e3o de Esqueletos Identificados do s\u00e9culo XXI (CEI\/XXI) e da sua rela\u00e7\u00e3o com as fraturas de fragilidade. Foram analisados 136 indiv\u00edduos {F = 68; M= 68} pertencentes \u00e0 CEI\/XXI. Para a avalia\u00e7\u00e3o da perda de massa \u00f3ssea procedeu-se\u00a0 an\u00e1lise radiogram\u00e9trica do 2.\u00ba metac\u00e1rpico. Verificou-se tamb\u00e9m a presen\u00e7a\/aus\u00eancia de fraturas de fragilidade (anca, \u00famero proximal, r\u00e1dio distal e corpo vertebral). Os resultados obtidos sugerem que a perda de massa \u00f3ssea est\u00e1 intimamente relacionada com o envelhecimento, sobretudo no sexo feminino. As fraturas de fragilidade s\u00e3o mais comuns nos indiv\u00edduos femininos e a idade aparenta serum fator de risco para a sua ocorr\u00eancia, contrariamente ao que acontece nos indiv\u00edduos masculinos.<\/jats:p>","DOI":"10.14195\/2182-7982_35_2","type":"journal-article","created":{"date-parts":[[2018,12,19]],"date-time":"2018-12-19T12:48:16Z","timestamp":1545223696000},"page":"33-35","source":"Crossref","is-referenced-by-count":1,"title":["Massa \u00f3ssea cortical e fraturas de fragilidade na Cole\u00e7\u00e3o de Esqueletos Identificados do s\u00e9c. XXI"],"prefix":"10.14195","author":[{"ORCID":"https:\/\/orcid.org\/0000-0001-8602-3614","authenticated-orcid":false,"given":"Andreia","family":"Perinha","sequence":"first","affiliation":[]},{"ORCID":"https:\/\/orcid.org\/0000-0002-5385-5147","authenticated-orcid":false,"given":"Catarina","family":"Nogueira","sequence":"first","affiliation":[]},{"ORCID":"https:\/\/orcid.org\/0000-0003-4834-7364","authenticated-orcid":false,"given":"Cl\u00e1udia","family":"Umbelino","sequence":"first","affiliation":[]},{"ORCID":"https:\/\/orcid.org\/0000-0002-1912-6581","authenticated-orcid":false,"given":"Ana Maria","family":"Silva","sequence":"first","affiliation":[]},{"ORCID":"https:\/\/orcid.org\/0000-0003-2998-371X","authenticated-orcid":false,"given":"Eug\u00e9nia","family":"Cunha","sequence":"first","affiliation":[]},{"given":"Francisco","family":"Curate","sequence":"first","affiliation":[]}],"member":"5739","published-online":{"date-parts":[[2019,1,15]]},"container-title":["Antropologia Portuguesa"],"original-title":[],"link":[{"URL":"https:\/\/impactum-journals.uc.pt\/antropologiaportuguesa\/article\/download\/_35_2\/5077","content-type":"application\/pdf","content-version":"vor","intended-application":"text-mining"},{"URL":"https:\/\/impactum-journals.uc.pt\/antropologiaportuguesa\/article\/download\/_35_2\/5077","content-type":"unspecified","content-version":"vor","intended-application":"similarity-checking"}],"deposited":{"date-parts":[[2020,3,30]],"date-time":"2020-03-30T16:46:32Z","timestamp":1585586792000},"score":1,"resource":{"primary":{"URL":"https:\/\/impactum-journals.uc.pt\/antropologiaportuguesa\/article\/view\/_35_2"}},"subtitle":[],"short-title":[],"issued":{"date-parts":[[2019,1,15]]},"references-count":0,"journal-issue":{"issue":"35","published-online":{"date-parts":[[2019,1,15]]}},"URL":"https:\/\/doi.org\/10.14195\/2182-7982_35_2","relation":{},"ISSN":["2182-7982","0870-0990"],"issn-type":[{"type":"electronic","value":"2182-7982"},{"type":"print","value":"0870-0990"}],"subject":[],"published":{"date-parts":[[2019,1,15]]}}}