{"status":"ok","message-type":"work","message-version":"1.0.0","message":{"indexed":{"date-parts":[[2022,3,28]],"date-time":"2022-03-28T23:40:08Z","timestamp":1648510808305},"reference-count":0,"publisher":"Coimbra University Press","issue":"35","content-domain":{"domain":[],"crossmark-restriction":false},"short-container-title":["Antrop. Port."],"abstract":"<jats:p>A Ermida do Esp\u00edrito Santo, em Almada, foi provavelmente fundada durante os s\u00e9culos XIV ou XV mas, ap\u00f3s o Terramoto de 1755 \u2014 e at\u00e9 finais do s\u00e9culo XVIII \u2014 serviu como sede da freguesia de Santa Maria do Castelo, per\u00edodo durante o qual foi amplamente utilizada como espa\u00e7o sepulcral. No decurso da escava\u00e7\u00e3o arqueol\u00f3gica pr\u00e9via ao in\u00edcio das obras de requalifica\u00e7\u00e3o da Ermida foram recuperados os restos esquel\u00e9ticos de 88 indiv\u00edduos. Neste trabalho apresentam-se as les\u00f5es \u00f3sseas num indiv\u00edduo adulto do sexo feminino que configuram, de forma mais prov\u00e1vel, um diagn\u00f3stico de s\u00edfilis ven\u00e9rea. Desse modo, releva-se a presen\u00e7a de um pequeno foco de caries sicca na regi\u00e3o direita do frontal \u2014 este tipo de les\u00e3o gomatosa \u00e9 considerado patognom\u00f3nico em paleopatologia. O frontal (junto \u00e0 \u00f3rbita direita) e os zigom\u00e1ticos apresentam microporosidade e neoforma\u00e7\u00e3o \u00f3ssea. O \u00famero e o f\u00e9mur direitos, bem como a t\u00edbia e a clav\u00edcula esquerdas, exibem periostites e oste\u00edtes, com espessamento diafis\u00e1rio extenso. As les\u00f5es observadas n\u00e3o s\u00e3o bilaterais, exceto no caso dos malares. Para al\u00e9m da s\u00edfilis adquirida, outras op\u00e7\u00f5es diagn\u00f3sticas s\u00e3o consideradas, designadamente outras treponematoses, no contexto hist\u00f3rico da Ermida do Esp\u00edrito Santo.<\/jats:p>","DOI":"10.14195\/2182-7982_35_5","type":"journal-article","created":{"date-parts":[[2018,12,19]],"date-time":"2018-12-19T12:48:16Z","timestamp":1545223696000},"page":"83-96","source":"Crossref","is-referenced-by-count":0,"title":["Um poss\u00edvel caso de s\u00edfilis adquirida num esqueleto oriundo da Ermida do Esp\u00edrito Santo (s\u00e9culos XV\u2013XIX, Almada, Portugal)"],"prefix":"10.14195","author":[{"given":"S\u00e9rgio","family":"Rosa","sequence":"first","affiliation":[]},{"given":"Fernando Robles","family":"Henriques","sequence":"first","affiliation":[]},{"given":"Telmo","family":"Ant\u00f3nio","sequence":"first","affiliation":[]},{"given":"Francisco","family":"Curate","sequence":"first","affiliation":[]}],"member":"5739","published-online":{"date-parts":[[2019,1,15]]},"container-title":["Antropologia Portuguesa"],"original-title":[],"link":[{"URL":"https:\/\/impactum-journals.uc.pt\/antropologiaportuguesa\/article\/download\/_35_5\/5080","content-type":"application\/pdf","content-version":"vor","intended-application":"text-mining"},{"URL":"https:\/\/impactum-journals.uc.pt\/antropologiaportuguesa\/article\/download\/_35_5\/5080","content-type":"unspecified","content-version":"vor","intended-application":"similarity-checking"}],"deposited":{"date-parts":[[2020,3,30]],"date-time":"2020-03-30T16:46:30Z","timestamp":1585586790000},"score":1,"resource":{"primary":{"URL":"https:\/\/impactum-journals.uc.pt\/antropologiaportuguesa\/article\/view\/_35_5"}},"subtitle":[],"short-title":[],"issued":{"date-parts":[[2019,1,15]]},"references-count":0,"journal-issue":{"issue":"35","published-online":{"date-parts":[[2019,1,15]]}},"URL":"https:\/\/doi.org\/10.14195\/2182-7982_35_5","relation":{},"ISSN":["2182-7982","0870-0990"],"issn-type":[{"value":"2182-7982","type":"electronic"},{"value":"0870-0990","type":"print"}],"subject":[],"published":{"date-parts":[[2019,1,15]]}}}