{"status":"ok","message-type":"work","message-version":"1.0.0","message":{"indexed":{"date-parts":[[2023,12,13]],"date-time":"2023-12-13T00:53:56Z","timestamp":1702428836675},"reference-count":0,"publisher":"Coimbra University Press","issue":"40","license":[{"start":{"date-parts":[[2023,12,12]],"date-time":"2023-12-12T00:00:00Z","timestamp":1702339200000},"content-version":"unspecified","delay-in-days":0,"URL":"http:\/\/creativecommons.org\/licenses\/by\/4.0"}],"content-domain":{"domain":[],"crossmark-restriction":false},"short-container-title":["Antrop. Port."],"abstract":"<jats:p>Os n\u00f3dulos de Schmorl (NS) s\u00e3o identificados por uma depress\u00e3o na superf\u00edcie do corpo vertebral e afetam, com maior frequ\u00eancia, a regi\u00e3o inferior da coluna tor\u00e1cica e lombar, sendo comum em popula\u00e7\u00f5es atuais e do passado. O presente trabalho tem como objetivo cardinal a estimativa da preval\u00eancia de NS numa amostra 128 indiv\u00edduos adultos (81 do sexo feminino e 47 do masculino) pertencentes \u00e0 Colec\u00e7\u00e3o de Esqueletos Identificados S\u00e9culo XXI (Departamento de Ci\u00eancias da Vida, Universidade de Coimbra). Adicionalmente, pretende-se demarcar a sua distribui\u00e7\u00e3o anat\u00f3mica na coluna vertebral, e averiguar poss\u00edveis v\u00ednculos com o sexo biol\u00f3gico e a idade \u00e0 morte. Foi registada uma preval\u00eancia total de 61,7%, a mesma para ambos os sexos. A idade \u00e0 morte dos indiv\u00edduos com NS (m\u00e9dia = 80,7 anos; DP = 8,1) \u00e9 praticamente id\u00eantica \u00e0 dos indiv\u00edduos sem NS (m\u00e9dia = 81,7 anos; DP = 9,9). N\u00e3o foram encontradas, portanto, associa\u00e7\u00f5es entre a presen\u00e7a de NS e o sexo biol\u00f3gico ou a idade \u00e0 morte. A maioria das les\u00f5es, frequentemente localizadas no centro dos corpos vertebrais, foi classificada como severa. As v\u00e9rtebras mais afetadas foram a L1 (3,0%), a L2 (2,9%), bem como a T11 e a T12 (ambas com 2,8%). De fato, a regi\u00e3o toracolombar foi a mais afetada, possivelmente devido \u00e0 sobrecarga de for\u00e7as, \u00e0 amplitude de movimentos e \u00e0 menor espessura do disco intervertebral nessa regi\u00e3o da coluna vertebral, bem como \u00e0s limita\u00e7\u00f5es biomec\u00e2nicas associadas \u00e0 postura b\u00edpede.<\/jats:p>","DOI":"10.14195\/2182-7982_40_5","type":"journal-article","created":{"date-parts":[[2023,12,12]],"date-time":"2023-12-12T15:28:34Z","timestamp":1702394914000},"page":"95-110","source":"Crossref","is-referenced-by-count":0,"title":["N\u00f3dulos de Schmorl em indiv\u00edduos da Colec\u00e7\u00e3o de Esqueletos Identificados S\u00e9culo XXI (CEI\/XXI) da Universidade de Coimbra (Portugal)"],"prefix":"10.14195","author":[{"given":"Francisco","family":"Curate","sequence":"first","affiliation":[]}],"member":"5739","published-online":{"date-parts":[[2023,12,12]]},"container-title":["Antropologia Portuguesa"],"original-title":[],"link":[{"URL":"https:\/\/impactum-journals.uc.pt\/antropologiaportuguesa\/article\/download\/13676\/9546","content-type":"application\/pdf","content-version":"vor","intended-application":"text-mining"},{"URL":"https:\/\/impactum-journals.uc.pt\/antropologiaportuguesa\/article\/download\/13676\/9546","content-type":"unspecified","content-version":"vor","intended-application":"similarity-checking"}],"deposited":{"date-parts":[[2023,12,12]],"date-time":"2023-12-12T15:28:36Z","timestamp":1702394916000},"score":1,"resource":{"primary":{"URL":"https:\/\/impactum-journals.uc.pt\/antropologiaportuguesa\/article\/view\/13676"}},"subtitle":[],"short-title":[],"issued":{"date-parts":[[2023,12,12]]},"references-count":0,"journal-issue":{"issue":"40","published-online":{"date-parts":[[2023,12,12]]}},"URL":"https:\/\/doi.org\/10.14195\/2182-7982_40_5","relation":{},"ISSN":["2182-7982","0870-0990"],"issn-type":[{"value":"2182-7982","type":"electronic"},{"value":"0870-0990","type":"print"}],"subject":[],"published":{"date-parts":[[2023,12,12]]}}}