{"status":"ok","message-type":"work","message-version":"1.0.0","message":{"indexed":{"date-parts":[[2025,5,14]],"date-time":"2025-05-14T04:26:14Z","timestamp":1747196774582,"version":"3.40.5"},"reference-count":0,"publisher":"Coimbra University Press","issue":"1","license":[{"start":{"date-parts":[[2020,10,28]],"date-time":"2020-10-28T00:00:00Z","timestamp":1603843200000},"content-version":"unspecified","delay-in-days":0,"URL":"http:\/\/creativecommons.org\/licenses\/by\/4.0"}],"content-domain":{"domain":[],"crossmark-restriction":false},"short-container-title":["MATLIT"],"abstract":"<jats:p>Este artigo pretende refletir sobre o Primeiro Encontro sobre Leitura Distante em Portugu\u00eas que aconteceu na Universidade de Oslo a 27 e 28 de outubro de 2019. Elaboramos este texto com o intuito de disseminar os assuntos e ideias discutidos nesses dois dias de encontro. Ap\u00f3s uma descri\u00e7\u00e3o abreviada de todas as interven\u00e7\u00f5es, destacamos os principais pontos de discuss\u00e3o, assim como algumas sugest\u00f5es avan\u00e7adas pelos participantes, na esperan\u00e7a de alargar o debate sobre leitura distante dentro da comunidade de l\u00edngua portuguesa.<\/jats:p>","DOI":"10.14195\/2182-8830_8-1_16","type":"journal-article","created":{"date-parts":[[2020,11,3]],"date-time":"2020-11-03T17:01:13Z","timestamp":1604422873000},"page":"279-298","source":"Crossref","is-referenced-by-count":0,"title":["Leitura distante em portugu\u00eas: resumo do Primeiro Encontro"],"prefix":"10.14195","volume":"8","author":[{"ORCID":"https:\/\/orcid.org\/0000-0002-3108-7706","authenticated-orcid":false,"given":"Diana","family":"Santos","sequence":"first","affiliation":[]},{"ORCID":"https:\/\/orcid.org\/0000-0002-3541-8197","authenticated-orcid":false,"given":"Daniel","family":"Alves","sequence":"first","affiliation":[]},{"ORCID":"https:\/\/orcid.org\/0000-0002-4923-7186","authenticated-orcid":false,"given":"Raquel","family":"Amaro","sequence":"first","affiliation":[]},{"ORCID":"https:\/\/orcid.org\/0000-0003-2204-5501","authenticated-orcid":false,"given":"Isabel","family":"Ara\u00fajo Branco","sequence":"first","affiliation":[]},{"ORCID":"https:\/\/orcid.org\/0000-0002-3392-8273","authenticated-orcid":false,"given":"Olivia","family":"Fialho","sequence":"first","affiliation":[]},{"ORCID":"https:\/\/orcid.org\/0000-0001-6807-8558","authenticated-orcid":false,"given":"Cl\u00e1udia","family":"Freitas","sequence":"first","affiliation":[]},{"ORCID":"https:\/\/orcid.org\/0000-0002-6255-3781","authenticated-orcid":false,"given":"Suemi","family":"Higuchi","sequence":"first","affiliation":[]},{"ORCID":"https:\/\/orcid.org\/0000-0002-1600-9769","authenticated-orcid":false,"given":"Marcia","family":"Langfeldt","sequence":"first","affiliation":[]},{"ORCID":"https:\/\/orcid.org\/0000-0002-7857-9169","authenticated-orcid":false,"given":"Jo\u00e3o","family":"Marques Lopes","sequence":"first","affiliation":[]},{"ORCID":"https:\/\/orcid.org\/0000-0002-7896-0103","authenticated-orcid":false,"given":"Alckmar","family":"Lu\u00eds dos Santos","sequence":"first","affiliation":[]},{"ORCID":"https:\/\/orcid.org\/0000-0001-7377-8540","authenticated-orcid":false,"given":"Emanoel","family":"Pires","sequence":"first","affiliation":[]},{"ORCID":"https:\/\/orcid.org\/0000-0002-0583-5109","authenticated-orcid":false,"given":"Barbara","family":"Ramos","sequence":"first","affiliation":[]},{"ORCID":"https:\/\/orcid.org\/0000-0001-9916-167X","authenticated-orcid":false,"given":"Danielle","family":"Sanches","sequence":"first","affiliation":[]},{"ORCID":"https:\/\/orcid.org\/0000-0002-7658-7704","authenticated-orcid":false,"given":"Rebeca","family":"Schumacher Fu\u00e3o","sequence":"first","affiliation":[]},{"ORCID":"https:\/\/orcid.org\/0000-0001-9995-4063","authenticated-orcid":false,"given":"Paulo","family":"Silva Pereira","sequence":"first","affiliation":[]},{"ORCID":"https:\/\/orcid.org\/0000-0003-1302-7854","authenticated-orcid":false,"given":"Paula","family":"Terra","sequence":"first","affiliation":[]}],"member":"5739","published-online":{"date-parts":[[2020,10,28]]},"container-title":["Matlit Revista do Programa de Doutoramento em Materialidades da Literatura"],"original-title":[],"link":[{"URL":"https:\/\/impactum-journals.uc.pt\/matlit\/article\/download\/2182-8830_8-1_16\/6762","content-type":"text\/html","content-version":"vor","intended-application":"text-mining"},{"URL":"https:\/\/impactum-journals.uc.pt\/matlit\/article\/download\/2182-8830_8-1_16\/6763","content-type":"application\/pdf","content-version":"vor","intended-application":"text-mining"},{"URL":"https:\/\/impactum-journals.uc.pt\/matlit\/article\/download\/2182-8830_8-1_16\/6763","content-type":"unspecified","content-version":"vor","intended-application":"similarity-checking"}],"deposited":{"date-parts":[[2020,11,4]],"date-time":"2020-11-04T10:10:53Z","timestamp":1604484653000},"score":1,"resource":{"primary":{"URL":"https:\/\/impactum-journals.uc.pt\/matlit\/article\/view\/2182-8830_8-1_16"}},"subtitle":[],"short-title":[],"issued":{"date-parts":[[2020,10,28]]},"references-count":0,"journal-issue":{"issue":"1","published-online":{"date-parts":[[2020,10,28]]}},"URL":"https:\/\/doi.org\/10.14195\/2182-8830_8-1_16","relation":{},"ISSN":["2182-8830"],"issn-type":[{"type":"electronic","value":"2182-8830"}],"subject":[],"published":{"date-parts":[[2020,10,28]]}}}