{"status":"ok","message-type":"work","message-version":"1.0.0","message":{"indexed":{"date-parts":[[2022,3,31]],"date-time":"2022-03-31T07:26:24Z","timestamp":1648711584515},"reference-count":0,"publisher":"Coimbra University Press","issue":"26","license":[{"start":{"date-parts":[[2016,9,30]],"date-time":"2016-09-30T00:00:00Z","timestamp":1475193600000},"content-version":"unspecified","delay-in-days":0,"URL":"http:\/\/creativecommons.org\/licenses\/by\/4.0"}],"content-domain":{"domain":[],"crossmark-restriction":false},"short-container-title":["MJ"],"abstract":"<jats:p>Esta comunica\u00e7\u00e3o analisa o papel desempenhado pelos media na den\u00fanciada corrup\u00e7\u00e3o pol\u00edtica, num quadro de profundas mudan\u00e7as nas sociedadeseuropeias, a partir de 2008, particularmente em Portugal. Neste processo acorrup\u00e7\u00e3o pol\u00edtica emerge como fen\u00f3meno nacional dentro de padr\u00f5es globalizados\u00a0(Johnston: 2005), monitorizada por \u00f3rg\u00e3os internacionais de preven\u00e7\u00e3o,\u00a0bem como por institui\u00e7\u00f5es nacionais. Se, por um lado, o jornalismo tem investigado\u00a0e denunciado procedimentos il\u00edcitos de elites e grupos de interesses,\u00a0por outro lado, o sistema dos media atrav\u00e9s de pr\u00e1ticas jornal\u00edsticas t\u00eam normalizado,\u00a0pela repeti\u00e7\u00e3o e satura\u00e7\u00e3o da visualiza\u00e7\u00e3o, situa\u00e7\u00f5es e fen\u00f3menos\u00a0excecionais, conferindo \u00e0s den\u00fancias caracter\u00edsticas de entretenimento popular\u00a0(Streeck: 2013). Com base nestes enquadramentos te\u00f3ricos objetivamos\u00a0caracterizar a corrup\u00e7\u00e3o pol\u00edtica em Portugal a partir da an\u00e1lise dos canais de\u00a0televis\u00e3o de sinal e acesso aberto, RTP1 (canal p\u00fablico), SIC e TVI (canais privados).\u00a0Para a an\u00e1lise do conte\u00fado manifesto deste corpus recorremos a um\u00a0quadro te\u00f3rico advindo da teoria da corrup\u00e7\u00e3o (Johnston: 2005; Economakis,\u00a0Rizopoulos &amp; Sergakis: 2010). Os resultados apontam para a preval\u00eancia das\u00a0rotinas na constru\u00e7\u00e3o da not\u00edcia e para a personaliza\u00e7\u00e3o da pol\u00edtica nas principais\u00a0figuras da democracia.<\/jats:p>","DOI":"10.14195\/2183-5462_26_3","type":"journal-article","created":{"date-parts":[[2015,7,22]],"date-time":"2015-07-22T17:29:36Z","timestamp":1437586176000},"page":"45-64","source":"Crossref","is-referenced-by-count":0,"title":["Media e padr\u00f5es da corrup\u00e7\u00e3o pol\u00edtica: os casos freeport e face oculta"],"prefix":"10.14195","volume":"14","author":[{"given":"Isabel Ferin","family":"Cunha","sequence":"first","affiliation":[]}],"member":"5739","published-online":{"date-parts":[[2016,9,30]]},"container-title":["Media &amp; Jornalismo"],"original-title":[],"link":[{"URL":"https:\/\/impactum-journals.uc.pt\/mj\/article\/download\/2183-5462_26_3\/2911","content-type":"application\/pdf","content-version":"vor","intended-application":"text-mining"},{"URL":"https:\/\/impactum-journals.uc.pt\/mj\/article\/download\/2183-5462_26_3\/2911","content-type":"unspecified","content-version":"vor","intended-application":"similarity-checking"}],"deposited":{"date-parts":[[2020,4,30]],"date-time":"2020-04-30T10:32:42Z","timestamp":1588242762000},"score":1,"resource":{"primary":{"URL":"https:\/\/impactum-journals.uc.pt\/mj\/article\/view\/2183-5462_26_3"}},"subtitle":[],"short-title":[],"issued":{"date-parts":[[2016,9,30]]},"references-count":0,"journal-issue":{"issue":"26","published-online":{"date-parts":[[2016,9,30]]}},"URL":"https:\/\/doi.org\/10.14195\/2183-5462_26_3","relation":{},"ISSN":["2183-5462","1645-5681"],"issn-type":[{"value":"2183-5462","type":"electronic"},{"value":"1645-5681","type":"print"}],"subject":[],"published":{"date-parts":[[2016,9,30]]}}}